{"id":15343,"date":"2021-11-15T11:11:10","date_gmt":"2021-11-15T10:11:10","guid":{"rendered":"https:\/\/www.infolocale.fr\/blog\/?p=15343"},"modified":"2023-07-04T11:51:20","modified_gmt":"2023-07-04T09:51:20","slug":"exemple-ordre-du-jour-assemblee-generale","status":"publish","type":"post","link":"https:\/\/infolocale.20minutes.fr\/blog\/exemple-ordre-du-jour-assemblee-generale\/","title":{"rendered":"Exemple d\u2019ordre du jour pour votre assembl\u00e9e g\u00e9n\u00e9rale"},"content":{"rendered":"\n<p>Vous trouverez dans cet article un exemple d&rsquo;ordre du jour pour l&rsquo;assembl\u00e9e g\u00e9n\u00e9rale d&rsquo;une association. &nbsp;<\/p>\n\n\n\n<ul class=\"has-black-color has-text-color has-background wp-block-list\" style=\"background-color:#a1d5f5\"><li>Le d\u00e9lai avant lequel l&rsquo;ordre du jour doit parvenir aux participants est g\u00e9n\u00e9ralement pr\u00e9cis\u00e9 dans les statuts. On estime toutefois, que pour bien se pr\u00e9parer, une p\u00e9riode de deux semaines est n\u00e9cessaire.&nbsp;<\/li><li>La m\u00e9thode de r\u00e9daction devrait \u00eatre inscrite dans vos statuts. Elle pr\u00e9cise g\u00e9n\u00e9ralement : qui \u00e9crit l\u2019ordre du jour et comment les membres peuvent y faire figurer un point.&nbsp;<\/li><li>Si la r\u00e8gle n\u2019est pas inscrite dans vos statuts, c\u2019est g\u00e9n\u00e9ralement le pr\u00e9sident qui s\u2019occupe de la r\u00e9daction de l&rsquo;OdJ.&nbsp;<\/li><li>Les points qui figurent \u00e0 l\u2019ordre du jour doivent imp\u00e9rativement \u00eatre ouverts au d\u00e9bat durant l\u2019assembl\u00e9e g\u00e9n\u00e9rale.&nbsp;<\/li><li>Il est interdit de placer des d\u00e9lib\u00e9rations contraignantes dans la cat\u00e9gorie des questions diverses, si c\u2019\u00e9tait le cas, vous vous exposeriez \u00e0 un risque d&rsquo;annulation des d\u00e9cisions prise par votre assembl\u00e9e g\u00e9n\u00e9rale.<\/li><\/ul>\n\n\n\n<h2 class=\"wp-block-heading\">Qui \u00e9crit l\u2019ordre du jour de votre assembl\u00e9e g\u00e9n\u00e9rale ?<\/h2>\n\n\n\n<p>Lorsque vous avez <a href=\"https:\/\/www.infolocale.fr\/blog\/rediger-statuts-dune-association\/\">\u00e9crit les statuts de votre association<\/a>, vous avez peut-\u00eatre pens\u00e9 \u00e0 y faire figurer les r\u00e8gles encadrant le mode de r\u00e9daction de votre ordre du jour. Dans le cas contraire, ce sera g\u00e9n\u00e9ralement le pr\u00e9sident qui s\u2019occupera de r\u00e9diger la convocation, de fixer l\u2019ordre du jour de l\u2019assembl\u00e9e g\u00e9n\u00e9rale et de l\u2019envoyer aux participants.<\/p>\n\n\n\n<p>Cependant, si aucune mention n&rsquo;est faite \u00e0 ce sujet, vous devriez envisager de <a href=\"https:\/\/www.infolocale.fr\/blog\/modifier-statuts-association\/\">modifier vos statuts<\/a> afin d\u2019y faire figurer les r\u00e8gles encadrant la r\u00e9daction de l\u2019ordre du jour.<\/p>\n\n\n\n<p>Ainsi, le plus souvent, cet article de vos statuts pr\u00e9cise, <\/p>\n\n\n\n<ul class=\"wp-block-list\"><li>Le <a href=\"https:\/\/www.infolocale.fr\/blog\/delai-convoquer-assemblee-generale\/\">d\u00e9lai avant lequel l\u2019ordre du jour doit parvenir aux participants de l&rsquo;assembl\u00e9e g\u00e9n\u00e9rale<\/a>, <\/li><li>nommer le responsable en charge de r\u00e9diger l\u2019ordre du jour <\/li><li>et pr\u00e9ciser comment les membres d\u2019une association peuvent faire ajouter un point \u00e0 l\u2019ordre du jour.<\/li><\/ul>\n\n\n\n<p>En outre, ce document devra \u00eatre conserv\u00e9 dans les <a href=\"https:\/\/www.infolocale.fr\/blog\/conserver-archives-association\/\">archives de votre association<\/a> pour une dur\u00e9e d\u2019au moins cinq ans.&nbsp;<\/p>\n\n\n\n<div class=\"wp-block-buttons is-horizontal is-content-justification-center is-layout-flex wp-container-core-buttons-is-layout-1 wp-block-buttons-is-layout-flex\">\n<div class=\"wp-block-button\"><a class=\"wp-block-button__link has-white-color has-luminous-vivid-amber-background-color has-text-color has-background wp-element-button\"><strong>&gt;&gt;Inscrire mon asso \u00e0 Infolocale <\/strong><\/a><\/div>\n<\/div>\n\n\n\n<h2 class=\"wp-block-heading\">Comment l\u2019envoyer aux participants ?<\/h2>\n\n\n\n<p>Vous devez <a href=\"https:\/\/www.infolocale.fr\/blog\/assemblee-generale-association\/\">organiser l\u2019assembl\u00e9e g\u00e9n\u00e9rale d\u2019une association<\/a> et vous cherchez les diff\u00e9rentes fa\u00e7ons l\u00e9gales d&rsquo;en communiquer l&rsquo;ordre du jour \u00e0 vos membres ?<\/p>\n\n\n\n<p>Ces moyens sont nombreux. Le plus souvent, il sera attach\u00e9 \u00e0 la convocation. Dans tous les cas, \u00e9vitez de transmettre l\u2019information uniquement de mani\u00e8re orale. En effet, vous devez conserver une trace prouvant que vous avez effectu\u00e9 votre travail de convocation. La parution dans le journal, l\u2019affichage dans les locaux de votre association sont des moyens acceptables. N\u00e9anmoins, il est courant de privil\u00e9gier :&nbsp;<\/p>\n\n\n\n<ul class=\"wp-block-list\"><li>un envoi par email,<\/li><li>le courrier postal,<\/li><li>ou le courrier recommand\u00e9.<\/li><\/ul>\n\n\n<div class=\"wp-block-image is-resized\">\n<figure class=\"aligncenter size-large has-lightbox\"><a href=\"https:\/\/www.infolocale.fr\/decouvrir\/deposant\/?utm_source=blog&amp;utm_medium=banner&amp;utm_campaign=blog-content\"><img fetchpriority=\"high\" decoding=\"async\" width=\"1024\" height=\"1024\" src=\"https:\/\/www.infolocale.fr\/blog\/wp-content\/uploads\/2021\/11\/banniere-NLDASSO-carree1500x1500-1024x1024.jpg\" alt=\"\" class=\"wp-image-23946\" srcset=\"https:\/\/infolocale.20minutes.fr\/blog\/wp-content\/uploads\/2021\/11\/banniere-NLDASSO-carree1500x1500-1024x1024.jpg 1024w, https:\/\/infolocale.20minutes.fr\/blog\/wp-content\/uploads\/2021\/11\/banniere-NLDASSO-carree1500x1500-300x300.jpg 300w, https:\/\/infolocale.20minutes.fr\/blog\/wp-content\/uploads\/2021\/11\/banniere-NLDASSO-carree1500x1500-150x150.jpg 150w, https:\/\/infolocale.20minutes.fr\/blog\/wp-content\/uploads\/2021\/11\/banniere-NLDASSO-carree1500x1500-768x768.jpg 768w, https:\/\/infolocale.20minutes.fr\/blog\/wp-content\/uploads\/2021\/11\/banniere-NLDASSO-carree1500x1500.jpg 1500w\" sizes=\"(max-width: 1024px) 100vw, 1024px\" \/><\/a><\/figure><\/div>\n\n\n<h2 class=\"wp-block-heading\">Exemple d\u2019ordre du jour d&rsquo;assembl\u00e9e g\u00e9n\u00e9rale<\/h2>\n\n\n\n<p>L\u2019ordre du jour est un \u00e9l\u00e9ment central dans l\u2019organisation de l\u2019assembl\u00e9e g\u00e9n\u00e9rale de votre association. En effet, il aura pour objectif de permettre au participant de pr\u00e9parer les d\u00e9bats. Par ailleurs, il sera impossible au pr\u00e9sident de s\u00e9ance de fermer la session sans avoir ouvert l\u2019int\u00e9gralit\u00e9 des points figurant sur la convocation.&nbsp;Ainsi, vous devrez veillez \u00e0 choisir ces points avec attention et \u00e0 ne faire figurer que les \u00e9l\u00e9ments r\u00e9ellement importants, m\u00e9ritant que votre assembl\u00e9e g\u00e9n\u00e9rale mobilise son temps pour d\u00e9lib\u00e9rer dessus.<\/p>\n\n\n\n<div class=\"wp-block-buttons is-layout-flex wp-block-buttons-is-layout-flex\">\n<div class=\"wp-block-button\"><a class=\"wp-block-button__link has-vivid-cyan-blue-color has-white-background-color has-text-color has-background\" href=\"#elementor-action%3Aaction%3Dpopup%3Aopen%26settings%3DeyJpZCI6IjEyODgwIiwidG9nZ2xlIjpmYWxzZX0%3D\"> &gt;&gt; Je t\u00e9l\u00e9charge un exemple d&rsquo;ordre du jour &amp; de convocation pour l&rsquo;assembl\u00e9e g\u00e9n\u00e9rale d&rsquo;une association <\/a><\/div>\n<\/div>\n\n\n\n<p>Vous trouverez dans cet article un <strong>exemple d\u2019ordre du jour pour l\u2019assembl\u00e9e g\u00e9n\u00e9rale<\/strong> de votre association. Pour avoir le d\u00e9tail des points li\u00e9s \u00e0 la <a href=\"https:\/\/www.infolocale.fr\/blog\/convocation-assemblee-generale-association\/\">convocation \u00e0 l\u2019assembl\u00e9e g\u00e9n\u00e9rale d\u2019une association<\/a>, nous vous renvoyons \u00e0 la lecture de cet article.&nbsp;<\/p>\n\n\n\n<p>Retenez \u00e9galement que les \u00e9l\u00e9ments list\u00e9s ci-dessous ne forment pas une liste exhaustive. Il s\u2019agit de points que l\u2019on retrouve le plus souvent. En fonction des besoins de votre association, vous pouvez d\u00e9cider d&rsquo;ajouter ou de soustraire des \u00e9l\u00e9ments.<\/p>\n\n\n\n<p>Enfin, veillez \u00e0 ce que vos diff\u00e9rents points soient clair et sans ambigu\u00eft\u00e9. Evitez de manier le n\u00e9gatif et le positif dans une m\u00eame question. \u201cSouhaitez-vous oui ou non voter le budget de l\u2019ann\u00e9e pass\u00e9e\u201d. Cela pourrait entra\u00eener une incompr\u00e9hension de la part des participants et remettre en cause la validit\u00e9 du vote.<\/p>\n\n\n\n<p>Les diff\u00e9rents points pr\u00e9sents \u00e0 l\u2019ordre du jour d\u2019une assembl\u00e9e g\u00e9n\u00e9rale sont :<\/p>\n\n\n\n<h3 class=\"wp-block-heading\">1. Pr\u00e9senter le bilan moral de l\u2019association.&nbsp;<\/h3>\n\n\n\n<p>Il s\u2019agit ici de pr\u00e9senter le <a href=\"https:\/\/www.infolocale.fr\/blog\/rapport-moral-association\/\">bilan de la gestion<\/a> de l\u2019association, pour l\u2019ann\u00e9e pass\u00e9e. Il est g\u00e9n\u00e9ralement pr\u00e9sent\u00e9 par le pr\u00e9sident. <\/p>\n\n\n\n<p>On y fait g\u00e9n\u00e9ralement figurer : <\/p>\n\n\n\n<ul class=\"wp-block-list\"><li>le bilan des activit\u00e9s, <\/li><li>les projets mis en place, <\/li><li>les raisons des \u00e9checs \u00e9ventuels.&nbsp;<\/li><\/ul>\n\n\n\n<h3 class=\"wp-block-heading\">2. Pr\u00e9sentation du bilan financier<\/h3>\n\n\n\n<p>Le <a href=\"https:\/\/www.infolocale.fr\/blog\/rapport-financier-annuel-association\/\">rapport financier<\/a> sera pr\u00e9sent\u00e9 par le tr\u00e9sorier. Il s\u2019agit d\u2019un document donnant le d\u00e9tails des finances de l\u2019association sur l\u2019exercice pass\u00e9. Ainsi, vous pourrez faire le d\u00e9tail sur :<\/p>\n\n\n\n<ul class=\"wp-block-list\"><li>les recettes,<\/li><li>les d\u00e9penses, <\/li><li>l\u2019origine des fonds permettant de financer l\u2019association, <\/li><li>\u00e9ventuellement de faire l&rsquo;inventaire des biens de l\u2019association.<\/li><\/ul>\n\n\n\n<h3 class=\"wp-block-heading\">3. Pr\u00e9sentation du projet pour l\u2019ann\u00e9e \u00e0 venir<\/h3>\n\n\n\n<p>A cette \u00e9tape, vous devrez pr\u00e9senter le projet pour l\u2019ann\u00e9e \u00e0 venir. Cela peut prendre la forme d\u2019un plan d\u2019action d\u00e9taillant, selon les diff\u00e9rents domaines, les diff\u00e9rentes actions que vous souhaitez faire prendre \u00e0 l\u2019association.<\/p>\n\n\n\n<h3 class=\"wp-block-heading\">4. Election des administrateurs pour les postes arriv\u00e9s \u00e0 \u00e9ch\u00e9ance<\/h3>\n\n\n\n<p>Selon les besoins, l\u2019assembl\u00e9e g\u00e9n\u00e9rale peut \u00eatre le lieu de l\u2019<a href=\"https:\/\/www.infolocale.fr\/blog\/elire-bureau-association\/\">\u00e9lection du bureau d\u2019une association<\/a> ou <a href=\"https:\/\/www.infolocale.fr\/blog\/conseil-dadministration-association\/\">des membres du conseil d\u2019administration<\/a> dont les mandats arrivent \u00e0 expiration. Pour la mode de fonctionnement des ces deux types d\u2019\u00e9v\u00e9nements, nous vous renvoyons \u00e0 la lecture des articles en lien. Ces informations peuvent aussi se retrouver <a href=\"https:\/\/www.infolocale.fr\/blog\/rediger-statuts-dune-association\/\">\u00e9crits dans vos statuts<\/a> ou dans votre <a href=\"https:\/\/www.infolocale.fr\/blog\/reglement-interieur-association\/\">r\u00e8glement int\u00e9rieur<\/a>.<\/p>\n\n\n\n<h3 class=\"wp-block-heading\">5. Questions diverses<\/h3>\n\n\n\n<p>Cet <strong>exemple d\u2019ordre du jour pour l\u2019assembl\u00e9e g\u00e9n\u00e9rale d\u2019une association<\/strong> comporte une ligne \u00ab\u00a0questions diverses\u201d. C\u2019est une possibilit\u00e9 que vous pouvez mettre en place pour votre document. Cependant, sachez qu\u2019il est impossible de passer un vote contraignant dans la partie des questions diverses. Seuls les points clairement inscrits \u00e0 l\u2019ordre du jour peuvent l\u2019\u00eatre. Si vous passiez outre cette r\u00e8gle, vous vous exposeriez \u00e0 une annulation des d\u00e9cisions prises par votre assembl\u00e9e g\u00e9n\u00e9rale.<\/p>\n","protected":false},"excerpt":{"rendered":"<p>Vous trouverez dans cet article un exemple d&rsquo;ordre du jour pour l&rsquo;assembl\u00e9e g\u00e9n\u00e9rale d&rsquo;une association. &nbsp; Le d\u00e9lai avant lequel l&rsquo;ordre du jour doit parvenir [&hellip;]<\/p>\n","protected":false},"author":2,"featured_media":15345,"comment_status":"open","ping_status":"open","sticky":false,"template":"","format":"standard","meta":{"_coblocks_attr":"","_coblocks_dimensions":"","_coblocks_responsive_height":"","_coblocks_accordion_ie_support":"","_mo_disable_npp":"","footnotes":""},"categories":[74],"tags":[104,87],"class_list":["post-15343","post","type-post","status-publish","format-standard","has-post-thumbnail","hentry","category-creer-et-administrer-une-association-1901","tag-assemblee-generale-ordinaire","tag-telechargement-gratuit"],"yoast_head":"<!-- This site is optimized with the Yoast SEO plugin v23.2 - https:\/\/yoast.com\/wordpress\/plugins\/seo\/ -->\n<title>Exemple d\u2019ordre du jour pour l&#039;assembl\u00e9e g\u00e9n\u00e9rale d\u2019une association |<\/title>\n<meta name=\"description\" content=\"Voici un exemple d\u2019ordre du jour de l&#039;assembl\u00e9e g\u00e9n\u00e9rale d&#039;une association doit : Parvenir aux participants au plus tard deux semaines a...\" \/>\n<meta name=\"robots\" content=\"index, follow, max-snippet:-1, max-image-preview:large, max-video-preview:-1\" \/>\n<link rel=\"canonical\" href=\"https:\/\/www.infolocale.fr\/blog\/exemple-ordre-du-jour-assemblee-generale\/\" \/>\n<meta property=\"og:locale\" content=\"fr_FR\" \/>\n<meta property=\"og:type\" content=\"article\" \/>\n<meta property=\"og:title\" content=\"Exemple d\u2019ordre du jour pour l&#039;assembl\u00e9e g\u00e9n\u00e9rale d\u2019une association |\" \/>\n<meta property=\"og:description\" content=\"Voici un exemple d\u2019ordre du jour de l&#039;assembl\u00e9e g\u00e9n\u00e9rale d&#039;une association doit : Parvenir aux participants au plus tard deux semaines a...\" \/>\n<meta property=\"og:url\" content=\"https:\/\/www.infolocale.fr\/blog\/exemple-ordre-du-jour-assemblee-generale\/\" \/>\n<meta property=\"article:publisher\" content=\"https:\/\/www.facebook.com\/infolocaleFR\/\" \/>\n<meta property=\"article:published_time\" content=\"2021-11-15T10:11:10+00:00\" \/>\n<meta property=\"article:modified_time\" content=\"2023-07-04T09:51:20+00:00\" \/>\n<meta property=\"og:image\" content=\"https:\/\/www.infolocale.fr\/blog\/wp-content\/uploads\/2021\/11\/exemple-ordre-du-jour-assemblee-generale.jpg\" \/>\n\t<meta property=\"og:image:width\" content=\"900\" \/>\n\t<meta property=\"og:image:height\" content=\"630\" \/>\n\t<meta property=\"og:image:type\" content=\"image\/jpeg\" \/>\n<meta name=\"author\" content=\"Morgan\" \/>\n<meta name=\"twitter:card\" content=\"summary_large_image\" \/>\n<meta name=\"twitter:creator\" content=\"@infolocale\" \/>\n<meta name=\"twitter:site\" content=\"@infolocale\" \/>\n<meta name=\"twitter:label1\" content=\"\u00c9crit par\" \/>\n\t<meta name=\"twitter:data1\" content=\"Morgan\" \/>\n\t<meta name=\"twitter:label2\" content=\"Dur\u00e9e de lecture estim\u00e9e\" \/>\n\t<meta name=\"twitter:data2\" content=\"5 minutes\" \/>\n<script type=\"application\/ld+json\" class=\"yoast-schema-graph\">{\"@context\":\"https:\/\/schema.org\",\"@graph\":[{\"@type\":\"Article\",\"@id\":\"https:\/\/www.infolocale.fr\/blog\/exemple-ordre-du-jour-assemblee-generale\/#article\",\"isPartOf\":{\"@id\":\"https:\/\/www.infolocale.fr\/blog\/exemple-ordre-du-jour-assemblee-generale\/\"},\"author\":{\"name\":\"Morgan\",\"@id\":\"https:\/\/www.infolocale.fr\/blog\/#\/schema\/person\/f0f748ece99417833166b3ba8890f3db\"},\"headline\":\"Exemple d\u2019ordre du jour pour votre assembl\u00e9e g\u00e9n\u00e9rale\",\"datePublished\":\"2021-11-15T10:11:10+00:00\",\"dateModified\":\"2023-07-04T09:51:20+00:00\",\"mainEntityOfPage\":{\"@id\":\"https:\/\/www.infolocale.fr\/blog\/exemple-ordre-du-jour-assemblee-generale\/\"},\"wordCount\":1167,\"commentCount\":2,\"publisher\":{\"@id\":\"https:\/\/www.infolocale.fr\/blog\/#organization\"},\"image\":{\"@id\":\"https:\/\/www.infolocale.fr\/blog\/exemple-ordre-du-jour-assemblee-generale\/#primaryimage\"},\"thumbnailUrl\":\"https:\/\/infolocale.20minutes.fr\/blog\/wp-content\/uploads\/2021\/11\/exemple-ordre-du-jour-assemblee-generale.jpg\",\"keywords\":[\"Assembl\u00e9e g\u00e9n\u00e9rale ordinaire\",\"T\u00e9l\u00e9chargements gratuits\"],\"articleSection\":[\"Cr\u00e9er et g\u00e9rer une association\"],\"inLanguage\":\"fr-FR\",\"potentialAction\":[{\"@type\":\"CommentAction\",\"name\":\"Comment\",\"target\":[\"https:\/\/www.infolocale.fr\/blog\/exemple-ordre-du-jour-assemblee-generale\/#respond\"]}]},{\"@type\":\"WebPage\",\"@id\":\"https:\/\/www.infolocale.fr\/blog\/exemple-ordre-du-jour-assemblee-generale\/\",\"url\":\"https:\/\/www.infolocale.fr\/blog\/exemple-ordre-du-jour-assemblee-generale\/\",\"name\":\"Exemple d\u2019ordre du jour pour l'assembl\u00e9e g\u00e9n\u00e9rale d\u2019une association |\",\"isPartOf\":{\"@id\":\"https:\/\/www.infolocale.fr\/blog\/#website\"},\"primaryImageOfPage\":{\"@id\":\"https:\/\/www.infolocale.fr\/blog\/exemple-ordre-du-jour-assemblee-generale\/#primaryimage\"},\"image\":{\"@id\":\"https:\/\/www.infolocale.fr\/blog\/exemple-ordre-du-jour-assemblee-generale\/#primaryimage\"},\"thumbnailUrl\":\"https:\/\/infolocale.20minutes.fr\/blog\/wp-content\/uploads\/2021\/11\/exemple-ordre-du-jour-assemblee-generale.jpg\",\"datePublished\":\"2021-11-15T10:11:10+00:00\",\"dateModified\":\"2023-07-04T09:51:20+00:00\",\"description\":\"Voici un exemple d\u2019ordre du jour de l'assembl\u00e9e g\u00e9n\u00e9rale d'une association doit : Parvenir aux participants au plus tard deux semaines a...\",\"breadcrumb\":{\"@id\":\"https:\/\/www.infolocale.fr\/blog\/exemple-ordre-du-jour-assemblee-generale\/#breadcrumb\"},\"inLanguage\":\"fr-FR\",\"potentialAction\":[{\"@type\":\"ReadAction\",\"target\":[\"https:\/\/www.infolocale.fr\/blog\/exemple-ordre-du-jour-assemblee-generale\/\"]}]},{\"@type\":\"ImageObject\",\"inLanguage\":\"fr-FR\",\"@id\":\"https:\/\/www.infolocale.fr\/blog\/exemple-ordre-du-jour-assemblee-generale\/#primaryimage\",\"url\":\"https:\/\/infolocale.20minutes.fr\/blog\/wp-content\/uploads\/2021\/11\/exemple-ordre-du-jour-assemblee-generale.jpg\",\"contentUrl\":\"https:\/\/infolocale.20minutes.fr\/blog\/wp-content\/uploads\/2021\/11\/exemple-ordre-du-jour-assemblee-generale.jpg\",\"width\":900,\"height\":630,\"caption\":\"Exemple d'ordre du jour pour assembl\u00e9e g\u00e9n\u00e9rale d'association\"},{\"@type\":\"BreadcrumbList\",\"@id\":\"https:\/\/www.infolocale.fr\/blog\/exemple-ordre-du-jour-assemblee-generale\/#breadcrumb\",\"itemListElement\":[{\"@type\":\"ListItem\",\"position\":1,\"name\":\"Blog\",\"item\":\"https:\/\/infolocale.ouest-france.fr\/blog\/\"},{\"@type\":\"ListItem\",\"position\":2,\"name\":\"Cr\u00e9er et g\u00e9rer une association\",\"item\":\"https:\/\/infolocale.ouest-france.fr\/blog\/cat\/creer-et-administrer-une-association-1901\/\"},{\"@type\":\"ListItem\",\"position\":3,\"name\":\"Exemple d\u2019ordre du jour pour votre assembl\u00e9e g\u00e9n\u00e9rale\"}]},{\"@type\":\"WebSite\",\"@id\":\"https:\/\/www.infolocale.fr\/blog\/#website\",\"url\":\"https:\/\/www.infolocale.fr\/blog\/\",\"name\":\"\",\"description\":\"\",\"publisher\":{\"@id\":\"https:\/\/www.infolocale.fr\/blog\/#organization\"},\"potentialAction\":[{\"@type\":\"SearchAction\",\"target\":{\"@type\":\"EntryPoint\",\"urlTemplate\":\"https:\/\/www.infolocale.fr\/blog\/?s={search_term_string}\"},\"query-input\":\"required name=search_term_string\"}],\"inLanguage\":\"fr-FR\"},{\"@type\":\"Organization\",\"@id\":\"https:\/\/www.infolocale.fr\/blog\/#organization\",\"name\":\"Infolocale\",\"url\":\"https:\/\/www.infolocale.fr\/blog\/\",\"logo\":{\"@type\":\"ImageObject\",\"inLanguage\":\"fr-FR\",\"@id\":\"https:\/\/www.infolocale.fr\/blog\/#\/schema\/logo\/image\/\",\"url\":\"https:\/\/www.infolocale.fr\/blog\/wp-content\/uploads\/2020\/11\/logol.jpg\",\"contentUrl\":\"https:\/\/www.infolocale.fr\/blog\/wp-content\/uploads\/2020\/11\/logol.jpg\",\"width\":1031,\"height\":398,\"caption\":\"Infolocale\"},\"image\":{\"@id\":\"https:\/\/www.infolocale.fr\/blog\/#\/schema\/logo\/image\/\"},\"sameAs\":[\"https:\/\/www.facebook.com\/infolocaleFR\/\",\"https:\/\/x.com\/infolocale\",\"https:\/\/www.instagram.com\/infolocale\/\",\"https:\/\/fr.linkedin.com\/company\/infolocale\",\"https:\/\/www.youtube.com\/channel\/UCnv4FA8EYEuu_si3TGr7xeA\"]},{\"@type\":\"Person\",\"@id\":\"https:\/\/www.infolocale.fr\/blog\/#\/schema\/person\/f0f748ece99417833166b3ba8890f3db\",\"name\":\"Morgan\",\"image\":{\"@type\":\"ImageObject\",\"inLanguage\":\"fr-FR\",\"@id\":\"https:\/\/www.infolocale.fr\/blog\/#\/schema\/person\/image\/\",\"url\":\"https:\/\/secure.gravatar.com\/avatar\/a22ec2a0cc817ae9fa3ff7341a213632?s=96&d=mm&r=g\",\"contentUrl\":\"https:\/\/secure.gravatar.com\/avatar\/a22ec2a0cc817ae9fa3ff7341a213632?s=96&d=mm&r=g\",\"caption\":\"Morgan\"},\"url\":\"https:\/\/infolocale.20minutes.fr\/blog\/author\/morgan-delepine\/\"}]}<\/script>\n<!-- \/ Yoast SEO plugin. -->","yoast_head_json":{"title":"Exemple d\u2019ordre du jour pour l'assembl\u00e9e g\u00e9n\u00e9rale d\u2019une association |","description":"Voici un exemple d\u2019ordre du jour de l'assembl\u00e9e g\u00e9n\u00e9rale d'une association doit : Parvenir aux participants au plus tard deux semaines a...","robots":{"index":"index","follow":"follow","max-snippet":"max-snippet:-1","max-image-preview":"max-image-preview:large","max-video-preview":"max-video-preview:-1"},"canonical":"https:\/\/www.infolocale.fr\/blog\/exemple-ordre-du-jour-assemblee-generale\/","og_locale":"fr_FR","og_type":"article","og_title":"Exemple d\u2019ordre du jour pour l'assembl\u00e9e g\u00e9n\u00e9rale d\u2019une association |","og_description":"Voici un exemple d\u2019ordre du jour de l'assembl\u00e9e g\u00e9n\u00e9rale d'une association doit : Parvenir aux participants au plus tard deux semaines a...","og_url":"https:\/\/www.infolocale.fr\/blog\/exemple-ordre-du-jour-assemblee-generale\/","article_publisher":"https:\/\/www.facebook.com\/infolocaleFR\/","article_published_time":"2021-11-15T10:11:10+00:00","article_modified_time":"2023-07-04T09:51:20+00:00","og_image":[{"width":900,"height":630,"url":"https:\/\/www.infolocale.fr\/blog\/wp-content\/uploads\/2021\/11\/exemple-ordre-du-jour-assemblee-generale.jpg","type":"image\/jpeg"}],"author":"Morgan","twitter_card":"summary_large_image","twitter_creator":"@infolocale","twitter_site":"@infolocale","twitter_misc":{"\u00c9crit par":"Morgan","Dur\u00e9e de lecture estim\u00e9e":"5 minutes"},"schema":{"@context":"https:\/\/schema.org","@graph":[{"@type":"Article","@id":"https:\/\/www.infolocale.fr\/blog\/exemple-ordre-du-jour-assemblee-generale\/#article","isPartOf":{"@id":"https:\/\/www.infolocale.fr\/blog\/exemple-ordre-du-jour-assemblee-generale\/"},"author":{"name":"Morgan","@id":"https:\/\/www.infolocale.fr\/blog\/#\/schema\/person\/f0f748ece99417833166b3ba8890f3db"},"headline":"Exemple d\u2019ordre du jour pour votre assembl\u00e9e g\u00e9n\u00e9rale","datePublished":"2021-11-15T10:11:10+00:00","dateModified":"2023-07-04T09:51:20+00:00","mainEntityOfPage":{"@id":"https:\/\/www.infolocale.fr\/blog\/exemple-ordre-du-jour-assemblee-generale\/"},"wordCount":1167,"commentCount":2,"publisher":{"@id":"https:\/\/www.infolocale.fr\/blog\/#organization"},"image":{"@id":"https:\/\/www.infolocale.fr\/blog\/exemple-ordre-du-jour-assemblee-generale\/#primaryimage"},"thumbnailUrl":"https:\/\/infolocale.20minutes.fr\/blog\/wp-content\/uploads\/2021\/11\/exemple-ordre-du-jour-assemblee-generale.jpg","keywords":["Assembl\u00e9e g\u00e9n\u00e9rale ordinaire","T\u00e9l\u00e9chargements gratuits"],"articleSection":["Cr\u00e9er et g\u00e9rer une association"],"inLanguage":"fr-FR","potentialAction":[{"@type":"CommentAction","name":"Comment","target":["https:\/\/www.infolocale.fr\/blog\/exemple-ordre-du-jour-assemblee-generale\/#respond"]}]},{"@type":"WebPage","@id":"https:\/\/www.infolocale.fr\/blog\/exemple-ordre-du-jour-assemblee-generale\/","url":"https:\/\/www.infolocale.fr\/blog\/exemple-ordre-du-jour-assemblee-generale\/","name":"Exemple d\u2019ordre du jour pour l'assembl\u00e9e g\u00e9n\u00e9rale d\u2019une association |","isPartOf":{"@id":"https:\/\/www.infolocale.fr\/blog\/#website"},"primaryImageOfPage":{"@id":"https:\/\/www.infolocale.fr\/blog\/exemple-ordre-du-jour-assemblee-generale\/#primaryimage"},"image":{"@id":"https:\/\/www.infolocale.fr\/blog\/exemple-ordre-du-jour-assemblee-generale\/#primaryimage"},"thumbnailUrl":"https:\/\/infolocale.20minutes.fr\/blog\/wp-content\/uploads\/2021\/11\/exemple-ordre-du-jour-assemblee-generale.jpg","datePublished":"2021-11-15T10:11:10+00:00","dateModified":"2023-07-04T09:51:20+00:00","description":"Voici un exemple d\u2019ordre du jour de l'assembl\u00e9e g\u00e9n\u00e9rale d'une association doit : Parvenir aux participants au plus tard deux semaines a...","breadcrumb":{"@id":"https:\/\/www.infolocale.fr\/blog\/exemple-ordre-du-jour-assemblee-generale\/#breadcrumb"},"inLanguage":"fr-FR","potentialAction":[{"@type":"ReadAction","target":["https:\/\/www.infolocale.fr\/blog\/exemple-ordre-du-jour-assemblee-generale\/"]}]},{"@type":"ImageObject","inLanguage":"fr-FR","@id":"https:\/\/www.infolocale.fr\/blog\/exemple-ordre-du-jour-assemblee-generale\/#primaryimage","url":"https:\/\/infolocale.20minutes.fr\/blog\/wp-content\/uploads\/2021\/11\/exemple-ordre-du-jour-assemblee-generale.jpg","contentUrl":"https:\/\/infolocale.20minutes.fr\/blog\/wp-content\/uploads\/2021\/11\/exemple-ordre-du-jour-assemblee-generale.jpg","width":900,"height":630,"caption":"Exemple d'ordre du jour pour assembl\u00e9e g\u00e9n\u00e9rale d'association"},{"@type":"BreadcrumbList","@id":"https:\/\/www.infolocale.fr\/blog\/exemple-ordre-du-jour-assemblee-generale\/#breadcrumb","itemListElement":[{"@type":"ListItem","position":1,"name":"Blog","item":"https:\/\/infolocale.ouest-france.fr\/blog\/"},{"@type":"ListItem","position":2,"name":"Cr\u00e9er et g\u00e9rer une association","item":"https:\/\/infolocale.ouest-france.fr\/blog\/cat\/creer-et-administrer-une-association-1901\/"},{"@type":"ListItem","position":3,"name":"Exemple d\u2019ordre du jour pour votre assembl\u00e9e g\u00e9n\u00e9rale"}]},{"@type":"WebSite","@id":"https:\/\/www.infolocale.fr\/blog\/#website","url":"https:\/\/www.infolocale.fr\/blog\/","name":"","description":"","publisher":{"@id":"https:\/\/www.infolocale.fr\/blog\/#organization"},"potentialAction":[{"@type":"SearchAction","target":{"@type":"EntryPoint","urlTemplate":"https:\/\/www.infolocale.fr\/blog\/?s={search_term_string}"},"query-input":"required name=search_term_string"}],"inLanguage":"fr-FR"},{"@type":"Organization","@id":"https:\/\/www.infolocale.fr\/blog\/#organization","name":"Infolocale","url":"https:\/\/www.infolocale.fr\/blog\/","logo":{"@type":"ImageObject","inLanguage":"fr-FR","@id":"https:\/\/www.infolocale.fr\/blog\/#\/schema\/logo\/image\/","url":"https:\/\/www.infolocale.fr\/blog\/wp-content\/uploads\/2020\/11\/logol.jpg","contentUrl":"https:\/\/www.infolocale.fr\/blog\/wp-content\/uploads\/2020\/11\/logol.jpg","width":1031,"height":398,"caption":"Infolocale"},"image":{"@id":"https:\/\/www.infolocale.fr\/blog\/#\/schema\/logo\/image\/"},"sameAs":["https:\/\/www.facebook.com\/infolocaleFR\/","https:\/\/x.com\/infolocale","https:\/\/www.instagram.com\/infolocale\/","https:\/\/fr.linkedin.com\/company\/infolocale","https:\/\/www.youtube.com\/channel\/UCnv4FA8EYEuu_si3TGr7xeA"]},{"@type":"Person","@id":"https:\/\/www.infolocale.fr\/blog\/#\/schema\/person\/f0f748ece99417833166b3ba8890f3db","name":"Morgan","image":{"@type":"ImageObject","inLanguage":"fr-FR","@id":"https:\/\/www.infolocale.fr\/blog\/#\/schema\/person\/image\/","url":"https:\/\/secure.gravatar.com\/avatar\/a22ec2a0cc817ae9fa3ff7341a213632?s=96&d=mm&r=g","contentUrl":"https:\/\/secure.gravatar.com\/avatar\/a22ec2a0cc817ae9fa3ff7341a213632?s=96&d=mm&r=g","caption":"Morgan"},"url":"https:\/\/infolocale.20minutes.fr\/blog\/author\/morgan-delepine\/"}]}},"_links":{"self":[{"href":"https:\/\/infolocale.20minutes.fr\/blog\/wp-json\/wp\/v2\/posts\/15343"}],"collection":[{"href":"https:\/\/infolocale.20minutes.fr\/blog\/wp-json\/wp\/v2\/posts"}],"about":[{"href":"https:\/\/infolocale.20minutes.fr\/blog\/wp-json\/wp\/v2\/types\/post"}],"author":[{"embeddable":true,"href":"https:\/\/infolocale.20minutes.fr\/blog\/wp-json\/wp\/v2\/users\/2"}],"replies":[{"embeddable":true,"href":"https:\/\/infolocale.20minutes.fr\/blog\/wp-json\/wp\/v2\/comments?post=15343"}],"version-history":[{"count":0,"href":"https:\/\/infolocale.20minutes.fr\/blog\/wp-json\/wp\/v2\/posts\/15343\/revisions"}],"wp:featuredmedia":[{"embeddable":true,"href":"https:\/\/infolocale.20minutes.fr\/blog\/wp-json\/wp\/v2\/media\/15345"}],"wp:attachment":[{"href":"https:\/\/infolocale.20minutes.fr\/blog\/wp-json\/wp\/v2\/media?parent=15343"}],"wp:term":[{"taxonomy":"category","embeddable":true,"href":"https:\/\/infolocale.20minutes.fr\/blog\/wp-json\/wp\/v2\/categories?post=15343"},{"taxonomy":"post_tag","embeddable":true,"href":"https:\/\/infolocale.20minutes.fr\/blog\/wp-json\/wp\/v2\/tags?post=15343"}],"curies":[{"name":"wp","href":"https:\/\/api.w.org\/{rel}","templated":true}]}}