{"id":15110,"date":"2021-11-05T17:22:59","date_gmt":"2021-11-05T16:22:59","guid":{"rendered":"https:\/\/www.infolocale.fr\/blog\/?p=15110"},"modified":"2022-03-08T17:55:02","modified_gmt":"2022-03-08T16:55:02","slug":"des-associations-beneficient-dabandons-de-conges-de-salaries-grace-a-trugplanet","status":"publish","type":"post","link":"https:\/\/infolocale.20minutes.fr\/blog\/des-associations-beneficient-dabandons-de-conges-de-salaries-grace-a-trugplanet\/","title":{"rendered":"Des associations b\u00e9n\u00e9ficient d\u2019abandons de cong\u00e9s de salari\u00e9s"},"content":{"rendered":"\n<p>Des associations b\u00e9n\u00e9ficient d\u2019abandons de cong\u00e9s de salari\u00e9s et du soutien d\u2019entreprises pour mener leurs actions dans le domaine environnemental. Cette connexion entre les entreprises et les associations est possible gr\u00e2ce \u00e0 la cr\u00e9ation r\u00e9cente d\u2019une plateforme \u2013<em>Trug\u2019Planet<\/em>-,&nbsp;\u00e0 l\u2019inititiave de <a href=\"https:\/\/www.ouest-france.fr\/bretagne\/rennes-35000\/cette-entreprise-rennaise-propose-d-abandonner-des-conges-au-profit-d-associations-59b8f510-2a89-11ec-83e5-819706a5e014?utm_source=neolane_of_newsletter-entreprises&amp;mgo_eu=&amp;utm_content=20211013&amp;utm_medium=email&amp;utm_term=850001&amp;utm_campaign=of_newsletter-entreprises&amp;mgo_r=YMelAZWMTpKml_S4XajSdg_3&amp;vid=431183\">Val\u00e9rie Cottereau, cr\u00e9atrice et dirigeante de l\u2019entreprise rennaise Artefacto.<\/a> Sensibilis\u00e9e \u00e0 la cause environnementale, elle a souhait\u00e9 concr\u00e9tiser son engagement.<\/p>\n\n\n\n<p>\u00ab\u00a0<strong>Forte du constat de la difficult\u00e9 des petites et moyennes entreprises pour installer une d\u00e9marche RSE -la contribution des entreprises aux enjeux du d\u00e9veloppement durable-, <a href=\"https:\/\/www.infolocale.fr\/blog\/quelles-perspectives-pour-les-associations-apres-la-crise\/\">du manque de moyens financiers des associations, de leurs difficult\u00e9s \u00e0 trouver des b\u00e9n\u00e9voles<\/a>. Alors que j&rsquo;observais l&rsquo;envie pr\u00e9gnante des salari\u00e9s de s&rsquo;impliquer, de donner du sens \u00e0 leurs actions quotidiennes. J&rsquo;ai voulu agir. Apprendre et reproduire. Il fallait r\u00e9soudre une \u00e9quation : lib\u00e9rer du temps aux salari\u00e9s, sans cons\u00e9quences punitives pour les entreprises, et donner de la visibilit\u00e9 aux associations qui s&rsquo;engagent sur leurs territoires. La mutualisation de temps conc\u00e9d\u00e9s par des salari\u00e9s m&rsquo;a vite sembl\u00e9e LA solution.<\/strong>\u00a0\u00bb Solution qui restait \u00e0 se mat\u00e9rialiser !<\/p>\n\n\n\n<div class=\"wp-block-buttons is-horizontal is-content-justification-center is-layout-flex wp-container-core-buttons-is-layout-1 wp-block-buttons-is-layout-flex\">\n<div class=\"wp-block-button\"><a class=\"wp-block-button__link has-white-color has-luminous-vivid-amber-background-color has-text-color has-background wp-element-button\"><strong>&gt;&gt;Inscrire mon asso \u00e0 Infolocale <\/strong><\/a><\/div>\n<\/div>\n\n\n\n<h2 class=\"wp-block-heading\">La l\u00e9gislation ne pr\u00e9voit pas encore l&rsquo;abandon de cong\u00e9s aupr\u00e8s des associations<\/h2>\n\n\n\n<p>En 2017, le Code du travail avait pris des dispositions pour encourager l\u2019action associative. Ces dispositions permettent d&rsquo;accorder un droit d\u2019absence ou de cong\u00e9s aux salari\u00e9s, afin de leur permettre d\u2019exercer leurs activit\u00e9s b\u00e9n\u00e9voles. Le<a href=\"https:\/\/www.associations.gouv.fr\/conge-engagement.html\" target=\"_blank\" rel=\"noreferrer noopener\"> cong\u00e9 engagement<\/a>, cr\u00e9\u00e9 par la loi Egalit\u00e9 et citoyennet\u00e9 du 27 janvier 2017, facilite l\u2019exercice des responsabilit\u00e9s des dirigeants et encadrants b\u00e9n\u00e9voles. <\/p>\n\n\n\n<p>Fin 2021, l&rsquo;abandon de cong\u00e9s au profit des associations n&rsquo;est pas encore l\u00e9gif\u00e9r\u00e9.<\/p>\n\n\n\n<h2 class=\"wp-block-heading\">Des associations soutenues par des salari\u00e9s<\/h2>\n\n\n\n<p><em><a href=\"https:\/\/trugplanet.com\/\" target=\"_blank\" rel=\"noreferrer noopener\">Trug\u2019Planet<\/a><\/em> est la seule plateforme de mise en relation entre les associations et les salari\u00e9s des entreprises. Elle permet de mutualiser et\/ou de mon\u00e9tiser du temps pour les salari\u00e9s. Seules, les associations engag\u00e9es dans l\u2019action environnementale sont concern\u00e9es. <\/p>\n\n\n\n<p>Les salari\u00e9s se portent eux-m\u00eames volontaires en fonction de leur propre choix. Ils collectent et mutualisent du temps pour accomplir des missions abond\u00e9es en num\u00e9raire par les entreprises, qui verseront des dons aux associations.<\/p>\n\n\n\n<p>Cette plateforme s\u2019inscrit dans une d\u00e9marche RSE &#8211; Responsabilit\u00e9 soci\u00e9tale des entreprises- d\u00e9finie par <a href=\"https:\/\/www.economie.gouv.fr\/entreprises\/responsabilite-societale-entreprises-rse\" target=\"_blank\" rel=\"noreferrer noopener\">La commission europ\u00e9enne comme \u00ab <em>la contribution des entreprises aux enjeux du d\u00e9veloppement durable <\/em>\u00bb<\/a>. Elle favorise l&rsquo;int\u00e9gration volontaire par les entreprises de pr\u00e9occupations sociales et environnementales \u00e0 leurs activit\u00e9s commerciales et leurs relations avec les parties prenantes. <\/p>\n\n\n\n<h2 class=\"wp-block-heading\">Chaque salari\u00e9 peut s\u2019investir en faveur de l\u2019environnement<\/h2>\n\n\n\n<p>Les salari\u00e9s mutualisent du temps \u00e0 consacrer aux missions qu\u2019ils choisissent, s\u2019ils souhaitent agir. <em>Trug\u2019Planet<\/em> est un outil, mis \u00e0 disposition par l\u2019entreprise. Les missions, propos\u00e9es aux salari\u00e9s, sont locales. Le salari\u00e9 agit sur son territoire avec une association, proche de son lieu de r\u00e9sidence.<\/p>\n\n\n\n<p>Val\u00e9rie Cottereau pr\u00e9cise \u00ab<strong>Nous comptons sur la force du collectif pour mobiliser les consciences et faire changer les habitudes\u2026 C\u2019est dans le faire que nous assimilons les bonnes pratiques. Les t\u00e9moignages, le partage des exp\u00e9riences de chacun au sein de la plateforme &nbsp;permettront de valoriser les actions sur notre territoire<\/strong> \u00bb.<\/p>\n\n\n\n<h2 class=\"wp-block-heading\">Quel est l&rsquo;impact sur le salari\u00e9 volontaire&nbsp;?<\/h2>\n\n\n\n<p>Le salari\u00e9, volontaire et\/ou contributeur de temps, per\u00e7oit normalement sa r\u00e9mun\u00e9ration. Et b\u00e9n\u00e9ficie d\u2019une d\u00e9fiscalisation \u00e0 hauteur de 66 % de la valeur de son don.<\/p>\n\n\n\n<p>Au travers des dons de son entreprise, le salari\u00e9\/citoyen s\u2019investit en faveur de l\u2019environnement, sans pour autant sacrifier ses cong\u00e9s pay\u00e9s.<\/p>\n\n\n\n<h2 class=\"wp-block-heading\">Que verse l\u2019entreprise \u00e0 l\u2019association&nbsp;?<\/h2>\n\n\n\n<p>L\u2019entreprise abonde en num\u00e9raire pour chaque mission port\u00e9e par ses salari\u00e9s. Cet abondement fera l&rsquo;objet d&rsquo;une d\u00e9fiscalisation de la valeur du don vers\u00e9e \u00e0 l&rsquo;association.<\/p>\n\n\n\n<h2 class=\"wp-block-heading\">Les associations b\u00e9n\u00e9ficient d\u2019aides financi\u00e8res, de b\u00e9n\u00e9voles, de visibilit\u00e9<\/h2>\n\n\n\n<p>Les associations b\u00e9n\u00e9ficient \u00e0 la fois d\u2019aides financi\u00e8res, de b\u00e9n\u00e9voles et de visibilit\u00e9 sur le territoire. Puisqu&rsquo;elles disposent de moyens humains pour des missions, propos\u00e9es aux salari\u00e9s volontaires d&rsquo;une part ; Et de moyens financiers, vers\u00e9s par l\u2019entreprise pour encadrer les missions, d&rsquo;autre part.<\/p>\n\n\n\n<p>Au quatri\u00e8me trimestre 2021, ce soutien est possible uniquement pour les associations bretonnes engag\u00e9es dans la cause environnementale.<\/p>\n\n\n\n<h2 class=\"wp-block-heading\">Comment une association peut-elle int\u00e9grer la d\u00e9marche&nbsp;?<\/h2>\n\n\n\n<p>Les associations s\u2019inscrivent sur le site <em>Trug\u2019Planet<\/em> et publient leurs missions. Renseignent les informations :<\/p>\n\n\n\n<ul class=\"wp-block-list\"><li>Le repr\u00e9sentant l\u00e9gal<\/li><li>Les statuts de votre organisme<\/li><li>La d\u00e9claration SIRENE\u00a0 \u00e0 jour (r\u00e9pertoire fran\u00e7ais g\u00e9r\u00e9 par l\u2019Insee qui attribue un num\u00e9ro SIREN aux entreprises, aux organismes et aux associations et un <a href=\"https:\/\/www.infolocale.fr\/blog\/comment-obtenir-un-numero-siret-pour-son-association\/\">SIRET<\/a> aux \u00e9tablissements de ces m\u00eames entreprises, organismes et associations.<\/li><\/ul>\n\n\n\n<p>Ensuite, l&rsquo;association peut proc\u00e9der \u00e0 deux types de publications :<\/p>\n\n\n\n<ol class=\"wp-block-list\"><li>&nbsp;&nbsp;La publication d\u2019une mission <\/li><li>&nbsp; La publication d\u2019un projet<\/li><\/ol>\n\n\n\n<ol class=\"wp-block-list\"><li><strong>La publication d\u2019une mission<\/strong> permet aux salari\u00e9s de partir sur le terrain apr\u00e8s collecte de temps aupr\u00e8s de ses coll\u00e8gues<\/li><li>Alors que <strong>la publication d\u2019un projet <\/strong>permet aux associations de financer directement du petit mat\u00e9riel gr\u00e2ce \u00e0 la mon\u00e9tisation des cong\u00e9s abandonn\u00e9s par les salari\u00e9s.<\/li><\/ol>\n\n\n\n<p>Une fois l&rsquo;inscription valid\u00e9e, l&rsquo;association adh\u00e9rente dispose d\u2019un espace utilisateur. Le param\u00e9trage du compte est indispensable.<\/p>\n\n\n\n<h2 class=\"wp-block-heading\">Crit\u00e8res de s\u00e9lection des associations<\/h2>\n\n\n\n<p>Toutes les associations\/fondations,&nbsp; \u00e0 but non lucratif, peuvent d\u00e9poser une demande d\u2019inscription. La validation fait l\u2019objet de soins particuliers de la part de l\u2019\u00e9quipe de <em>Trug\u2019Planet<\/em>, puisque de l\u00e0&nbsp;d\u00e9couleront la qualit\u00e9 des missions et des projets propos\u00e9s.<\/p>\n\n\n\n<ol class=\"wp-block-list\"><li>AGIR en faveur de l\u2019environnement (ex. \u00e9ducation et sensibilisation \u00e0 l\u2019environnement, entretien d\u2019espaces naturels, gestion des : d\u00e9chets, consommation, biodiversit\u00e9\u2026)<\/li><li>ETRE reconnue d\u2019int\u00e9r\u00eat g\u00e9n\u00e9ral et\/ou d\u2019utilit\u00e9 publique<\/li><li>POUVOIR donc \u00e9mettre des re\u00e7us fiscaux.&nbsp; Il est primordial pour le bon fonctionnement de la plateforme que les associations\/fondations puissent d\u00e9fiscaliser les dons per\u00e7us.<\/li><\/ol>\n\n\n\n<h2 class=\"wp-block-heading\">Les associations soutenues par <em>Trug\u2019Planet <\/em>en novembre 2021<\/h2>\n\n\n\n<p>Cinquante jours de missions sont programm\u00e9s pour novembre et d\u00e9cembre 2021. Gr\u00e2ce \u00e0 l&rsquo;inscription de trois entreprises : Artefacto, MV Group et la Feuille d&rsquo;\u00e9rable. Les demandes arrivent !<\/p>\n\n\n\n<p>Trois associations ont d\u00e9j\u00e0 publi\u00e9 des missions et des projets et une quinzaine d\u2019autre y travaillent :&nbsp;<\/p>\n\n\n\n<ul class=\"wp-block-list\"><li><a href=\"https:\/\/www.bretagne-vivante.org\/Agir-ensemble\/Nos-reserves-naturelles\/Reserve-Paule-Lapicque\" target=\"_blank\" rel=\"noreferrer noopener\">Bretagne Vivante<\/a> :&nbsp; l&rsquo;entretien des espaces rocheux de la R\u00e9serve de Paule Lapicque \u00e0 Ploubaznalec (22)&nbsp; <\/li><li><a href=\"https:\/\/bretagne-environnement.fr\/Ligue-protection-oiseaux-bretagne-organisme\" target=\"_blank\" rel=\"noreferrer noopener\">La Ligue de protection des oiseaux de Bretagne<\/a>, bas\u00e9e \u00e0 Rennes (35)&nbsp;&nbsp;&nbsp;<\/li><li><a href=\"https:\/\/volee-de-piafs.fr\/\" target=\"_blank\" rel=\"noreferrer noopener\">Trisk&rsquo;ailes<\/a> d&rsquo;Hennebont (56)&nbsp; <\/li><\/ul>\n\n\n\n<h2 class=\"wp-block-heading\">Le nombre d\u2019associations inscrites n\u2019est pas li\u00e9 au nombre d\u2019entreprises<\/h2>\n\n\n\n<p>D\u00e9but novembre 2021, plus de trois entreprises et une dizaine d\u2019associations sont inscrites. Ces associations peuvent publier des missions et projets, dont ACMOM (29), <a href=\"https:\/\/www.vivarmor.fr\/nos-actions\/atlas-de-la-biodiversite-communale\/abc-lamballe-terre-et-mer\/\" target=\"_blank\" rel=\"noreferrer noopener\">VivArmor Nature<\/a> (Ploufragan, C\u00f4tes d\u2019Armor), <a href=\"https:\/\/www.piafs.org\/\" target=\"_blank\" rel=\"noreferrer noopener\">P.I.A.F.S.<\/a> (Languidic, Morbihan), <a href=\"https:\/\/observatoire-littoral-morbihan.fr\/riem\/\" target=\"_blank\" rel=\"noreferrer noopener\">RIEM<\/a> (Morbihan), <a href=\"https:\/\/www.facebook.com\/rennesenboiteleplat\" target=\"_blank\" rel=\"noreferrer noopener\">PAKADUR<\/a> (Rennes, 35).<\/p>\n\n\n\n<h2 class=\"wp-block-heading\">Une exp\u00e9rimentation r\u00e9gionale qui sera \u00e9tendue au national fin 2022<\/h2>\n\n\n\n<p>Aujourd&rsquo;hui, l\u2019exp\u00e9rimentation <em>Trug\u2019Planet<\/em>&nbsp; est r\u00e9gionale, soutenue par la R\u00e9gion Bretagne. Deuxi\u00e8me semestre 2022, la plateforme va s\u2019ouvrir au national.<\/p>\n\n\n\n<p>Son enjeu sera d\u2019atteindre un \u00e9quilibre entre le nombre d\u2019associations et de salari\u00e9s d\u2019entreprises engag\u00e9s.<\/p>\n","protected":false},"excerpt":{"rendered":"<p>Val\u00e9rie Cottereau, \u00e0 droite sur la photo, \u00e0 l&rsquo;initiative de la plateforme Trug&rsquo;Planet. Clothilde Marchegay, \u00e0 gauche, responsable du projet.<\/p>\n","protected":false},"author":8,"featured_media":15248,"comment_status":"open","ping_status":"open","sticky":false,"template":"","format":"standard","meta":{"_coblocks_attr":"","_coblocks_dimensions":"","_coblocks_responsive_height":"","_coblocks_accordion_ie_support":"","_mo_disable_npp":"","footnotes":""},"categories":[6],"tags":[],"class_list":["post-15110","post","type-post","status-publish","format-standard","has-post-thumbnail","hentry","category-actu-acteurs-locaux"],"yoast_head":"<!-- This site is optimized with the Yoast SEO plugin v23.2 - https:\/\/yoast.com\/wordpress\/plugins\/seo\/ -->\n<title>Des associations b\u00e9n\u00e9ficient d\u2019abandons de cong\u00e9s de salari\u00e9s |<\/title>\n<meta name=\"description\" content=\"Des associations b\u00e9n\u00e9ficient d&#039;abandons de cong\u00e9s de salari\u00e9s et du soutien de leurs entreprises gr\u00e2ce \u00e0 la plateforme Trug&#039;Planet.\" \/>\n<meta name=\"robots\" content=\"index, follow, max-snippet:-1, max-image-preview:large, max-video-preview:-1\" \/>\n<link rel=\"canonical\" href=\"https:\/\/www.infolocale.fr\/blog\/des-associations-beneficient-dabandons-de-conges-de-salaries-grace-a-trugplanet\/\" \/>\n<meta property=\"og:locale\" content=\"fr_FR\" \/>\n<meta property=\"og:type\" content=\"article\" \/>\n<meta property=\"og:title\" content=\"Des associations b\u00e9n\u00e9ficient d\u2019abandons de cong\u00e9s de salari\u00e9s |\" \/>\n<meta property=\"og:description\" content=\"Des associations b\u00e9n\u00e9ficient d&#039;abandons de cong\u00e9s de salari\u00e9s et du soutien de leurs entreprises gr\u00e2ce \u00e0 la plateforme Trug&#039;Planet.\" \/>\n<meta property=\"og:url\" content=\"https:\/\/www.infolocale.fr\/blog\/des-associations-beneficient-dabandons-de-conges-de-salaries-grace-a-trugplanet\/\" \/>\n<meta property=\"article:publisher\" content=\"https:\/\/www.facebook.com\/infolocaleFR\/\" \/>\n<meta property=\"article:published_time\" content=\"2021-11-05T16:22:59+00:00\" \/>\n<meta property=\"article:modified_time\" content=\"2022-03-08T16:55:02+00:00\" \/>\n<meta property=\"og:image\" content=\"https:\/\/www.infolocale.fr\/blog\/wp-content\/uploads\/2021\/11\/Artefacto.jpg\" \/>\n\t<meta property=\"og:image:width\" content=\"1280\" \/>\n\t<meta property=\"og:image:height\" content=\"960\" \/>\n\t<meta property=\"og:image:type\" content=\"image\/jpeg\" \/>\n<meta name=\"author\" content=\"Myl\u00e8ne\" \/>\n<meta name=\"twitter:card\" content=\"summary_large_image\" \/>\n<meta name=\"twitter:creator\" content=\"@infolocale\" \/>\n<meta name=\"twitter:site\" content=\"@infolocale\" \/>\n<meta name=\"twitter:label1\" content=\"\u00c9crit par\" \/>\n\t<meta name=\"twitter:data1\" content=\"Myl\u00e8ne\" \/>\n\t<meta name=\"twitter:label2\" content=\"Dur\u00e9e de lecture estim\u00e9e\" \/>\n\t<meta name=\"twitter:data2\" content=\"6 minutes\" \/>\n<script type=\"application\/ld+json\" class=\"yoast-schema-graph\">{\"@context\":\"https:\/\/schema.org\",\"@graph\":[{\"@type\":\"Article\",\"@id\":\"https:\/\/www.infolocale.fr\/blog\/des-associations-beneficient-dabandons-de-conges-de-salaries-grace-a-trugplanet\/#article\",\"isPartOf\":{\"@id\":\"https:\/\/www.infolocale.fr\/blog\/des-associations-beneficient-dabandons-de-conges-de-salaries-grace-a-trugplanet\/\"},\"author\":{\"name\":\"Myl\u00e8ne\",\"@id\":\"https:\/\/www.infolocale.fr\/blog\/#\/schema\/person\/bf2dc50c6636ffa2ce3e44ef1f9eb97f\"},\"headline\":\"Des associations b\u00e9n\u00e9ficient d\u2019abandons de cong\u00e9s de salari\u00e9s\",\"datePublished\":\"2021-11-05T16:22:59+00:00\",\"dateModified\":\"2022-03-08T16:55:02+00:00\",\"mainEntityOfPage\":{\"@id\":\"https:\/\/www.infolocale.fr\/blog\/des-associations-beneficient-dabandons-de-conges-de-salaries-grace-a-trugplanet\/\"},\"wordCount\":1256,\"commentCount\":0,\"publisher\":{\"@id\":\"https:\/\/www.infolocale.fr\/blog\/#organization\"},\"image\":{\"@id\":\"https:\/\/www.infolocale.fr\/blog\/des-associations-beneficient-dabandons-de-conges-de-salaries-grace-a-trugplanet\/#primaryimage\"},\"thumbnailUrl\":\"https:\/\/infolocale.20minutes.fr\/blog\/wp-content\/uploads\/2021\/11\/Artefacto.jpg\",\"articleSection\":[\"En ce moment\"],\"inLanguage\":\"fr-FR\",\"potentialAction\":[{\"@type\":\"CommentAction\",\"name\":\"Comment\",\"target\":[\"https:\/\/www.infolocale.fr\/blog\/des-associations-beneficient-dabandons-de-conges-de-salaries-grace-a-trugplanet\/#respond\"]}]},{\"@type\":\"WebPage\",\"@id\":\"https:\/\/www.infolocale.fr\/blog\/des-associations-beneficient-dabandons-de-conges-de-salaries-grace-a-trugplanet\/\",\"url\":\"https:\/\/www.infolocale.fr\/blog\/des-associations-beneficient-dabandons-de-conges-de-salaries-grace-a-trugplanet\/\",\"name\":\"Des associations b\u00e9n\u00e9ficient d\u2019abandons de cong\u00e9s de salari\u00e9s |\",\"isPartOf\":{\"@id\":\"https:\/\/www.infolocale.fr\/blog\/#website\"},\"primaryImageOfPage\":{\"@id\":\"https:\/\/www.infolocale.fr\/blog\/des-associations-beneficient-dabandons-de-conges-de-salaries-grace-a-trugplanet\/#primaryimage\"},\"image\":{\"@id\":\"https:\/\/www.infolocale.fr\/blog\/des-associations-beneficient-dabandons-de-conges-de-salaries-grace-a-trugplanet\/#primaryimage\"},\"thumbnailUrl\":\"https:\/\/infolocale.20minutes.fr\/blog\/wp-content\/uploads\/2021\/11\/Artefacto.jpg\",\"datePublished\":\"2021-11-05T16:22:59+00:00\",\"dateModified\":\"2022-03-08T16:55:02+00:00\",\"description\":\"Des associations b\u00e9n\u00e9ficient d'abandons de cong\u00e9s de salari\u00e9s et du soutien de leurs entreprises gr\u00e2ce \u00e0 la plateforme Trug'Planet.\",\"breadcrumb\":{\"@id\":\"https:\/\/www.infolocale.fr\/blog\/des-associations-beneficient-dabandons-de-conges-de-salaries-grace-a-trugplanet\/#breadcrumb\"},\"inLanguage\":\"fr-FR\",\"potentialAction\":[{\"@type\":\"ReadAction\",\"target\":[\"https:\/\/www.infolocale.fr\/blog\/des-associations-beneficient-dabandons-de-conges-de-salaries-grace-a-trugplanet\/\"]}]},{\"@type\":\"ImageObject\",\"inLanguage\":\"fr-FR\",\"@id\":\"https:\/\/www.infolocale.fr\/blog\/des-associations-beneficient-dabandons-de-conges-de-salaries-grace-a-trugplanet\/#primaryimage\",\"url\":\"https:\/\/infolocale.20minutes.fr\/blog\/wp-content\/uploads\/2021\/11\/Artefacto.jpg\",\"contentUrl\":\"https:\/\/infolocale.20minutes.fr\/blog\/wp-content\/uploads\/2021\/11\/Artefacto.jpg\",\"width\":1280,\"height\":960},{\"@type\":\"BreadcrumbList\",\"@id\":\"https:\/\/www.infolocale.fr\/blog\/des-associations-beneficient-dabandons-de-conges-de-salaries-grace-a-trugplanet\/#breadcrumb\",\"itemListElement\":[{\"@type\":\"ListItem\",\"position\":1,\"name\":\"Blog\",\"item\":\"https:\/\/infolocale.ouest-france.fr\/blog\/\"},{\"@type\":\"ListItem\",\"position\":2,\"name\":\"En ce moment\",\"item\":\"https:\/\/infolocale.20minutes.fr\/blog\/cat\/actu-acteurs-locaux\/\"},{\"@type\":\"ListItem\",\"position\":3,\"name\":\"Des associations b\u00e9n\u00e9ficient d\u2019abandons de cong\u00e9s de salari\u00e9s\"}]},{\"@type\":\"WebSite\",\"@id\":\"https:\/\/www.infolocale.fr\/blog\/#website\",\"url\":\"https:\/\/www.infolocale.fr\/blog\/\",\"name\":\"\",\"description\":\"\",\"publisher\":{\"@id\":\"https:\/\/www.infolocale.fr\/blog\/#organization\"},\"potentialAction\":[{\"@type\":\"SearchAction\",\"target\":{\"@type\":\"EntryPoint\",\"urlTemplate\":\"https:\/\/www.infolocale.fr\/blog\/?s={search_term_string}\"},\"query-input\":\"required name=search_term_string\"}],\"inLanguage\":\"fr-FR\"},{\"@type\":\"Organization\",\"@id\":\"https:\/\/www.infolocale.fr\/blog\/#organization\",\"name\":\"Infolocale\",\"url\":\"https:\/\/www.infolocale.fr\/blog\/\",\"logo\":{\"@type\":\"ImageObject\",\"inLanguage\":\"fr-FR\",\"@id\":\"https:\/\/www.infolocale.fr\/blog\/#\/schema\/logo\/image\/\",\"url\":\"https:\/\/www.infolocale.fr\/blog\/wp-content\/uploads\/2020\/11\/logol.jpg\",\"contentUrl\":\"https:\/\/www.infolocale.fr\/blog\/wp-content\/uploads\/2020\/11\/logol.jpg\",\"width\":1031,\"height\":398,\"caption\":\"Infolocale\"},\"image\":{\"@id\":\"https:\/\/www.infolocale.fr\/blog\/#\/schema\/logo\/image\/\"},\"sameAs\":[\"https:\/\/www.facebook.com\/infolocaleFR\/\",\"https:\/\/x.com\/infolocale\",\"https:\/\/www.instagram.com\/infolocale\/\",\"https:\/\/fr.linkedin.com\/company\/infolocale\",\"https:\/\/www.youtube.com\/channel\/UCnv4FA8EYEuu_si3TGr7xeA\"]},{\"@type\":\"Person\",\"@id\":\"https:\/\/www.infolocale.fr\/blog\/#\/schema\/person\/bf2dc50c6636ffa2ce3e44ef1f9eb97f\",\"name\":\"Myl\u00e8ne\",\"image\":{\"@type\":\"ImageObject\",\"inLanguage\":\"fr-FR\",\"@id\":\"https:\/\/www.infolocale.fr\/blog\/#\/schema\/person\/image\/\",\"url\":\"https:\/\/secure.gravatar.com\/avatar\/49511f0ea4b41ed3062b218e30f07042?s=96&d=mm&r=g\",\"contentUrl\":\"https:\/\/secure.gravatar.com\/avatar\/49511f0ea4b41ed3062b218e30f07042?s=96&d=mm&r=g\",\"caption\":\"Myl\u00e8ne\"},\"url\":\"https:\/\/infolocale.20minutes.fr\/blog\/author\/mylene-michel\/\"}]}<\/script>\n<!-- \/ Yoast SEO plugin. -->","yoast_head_json":{"title":"Des associations b\u00e9n\u00e9ficient d\u2019abandons de cong\u00e9s de salari\u00e9s |","description":"Des associations b\u00e9n\u00e9ficient d'abandons de cong\u00e9s de salari\u00e9s et du soutien de leurs entreprises gr\u00e2ce \u00e0 la plateforme Trug'Planet.","robots":{"index":"index","follow":"follow","max-snippet":"max-snippet:-1","max-image-preview":"max-image-preview:large","max-video-preview":"max-video-preview:-1"},"canonical":"https:\/\/www.infolocale.fr\/blog\/des-associations-beneficient-dabandons-de-conges-de-salaries-grace-a-trugplanet\/","og_locale":"fr_FR","og_type":"article","og_title":"Des associations b\u00e9n\u00e9ficient d\u2019abandons de cong\u00e9s de salari\u00e9s |","og_description":"Des associations b\u00e9n\u00e9ficient d'abandons de cong\u00e9s de salari\u00e9s et du soutien de leurs entreprises gr\u00e2ce \u00e0 la plateforme Trug'Planet.","og_url":"https:\/\/www.infolocale.fr\/blog\/des-associations-beneficient-dabandons-de-conges-de-salaries-grace-a-trugplanet\/","article_publisher":"https:\/\/www.facebook.com\/infolocaleFR\/","article_published_time":"2021-11-05T16:22:59+00:00","article_modified_time":"2022-03-08T16:55:02+00:00","og_image":[{"width":1280,"height":960,"url":"https:\/\/www.infolocale.fr\/blog\/wp-content\/uploads\/2021\/11\/Artefacto.jpg","type":"image\/jpeg"}],"author":"Myl\u00e8ne","twitter_card":"summary_large_image","twitter_creator":"@infolocale","twitter_site":"@infolocale","twitter_misc":{"\u00c9crit par":"Myl\u00e8ne","Dur\u00e9e de lecture estim\u00e9e":"6 minutes"},"schema":{"@context":"https:\/\/schema.org","@graph":[{"@type":"Article","@id":"https:\/\/www.infolocale.fr\/blog\/des-associations-beneficient-dabandons-de-conges-de-salaries-grace-a-trugplanet\/#article","isPartOf":{"@id":"https:\/\/www.infolocale.fr\/blog\/des-associations-beneficient-dabandons-de-conges-de-salaries-grace-a-trugplanet\/"},"author":{"name":"Myl\u00e8ne","@id":"https:\/\/www.infolocale.fr\/blog\/#\/schema\/person\/bf2dc50c6636ffa2ce3e44ef1f9eb97f"},"headline":"Des associations b\u00e9n\u00e9ficient d\u2019abandons de cong\u00e9s de salari\u00e9s","datePublished":"2021-11-05T16:22:59+00:00","dateModified":"2022-03-08T16:55:02+00:00","mainEntityOfPage":{"@id":"https:\/\/www.infolocale.fr\/blog\/des-associations-beneficient-dabandons-de-conges-de-salaries-grace-a-trugplanet\/"},"wordCount":1256,"commentCount":0,"publisher":{"@id":"https:\/\/www.infolocale.fr\/blog\/#organization"},"image":{"@id":"https:\/\/www.infolocale.fr\/blog\/des-associations-beneficient-dabandons-de-conges-de-salaries-grace-a-trugplanet\/#primaryimage"},"thumbnailUrl":"https:\/\/infolocale.20minutes.fr\/blog\/wp-content\/uploads\/2021\/11\/Artefacto.jpg","articleSection":["En ce moment"],"inLanguage":"fr-FR","potentialAction":[{"@type":"CommentAction","name":"Comment","target":["https:\/\/www.infolocale.fr\/blog\/des-associations-beneficient-dabandons-de-conges-de-salaries-grace-a-trugplanet\/#respond"]}]},{"@type":"WebPage","@id":"https:\/\/www.infolocale.fr\/blog\/des-associations-beneficient-dabandons-de-conges-de-salaries-grace-a-trugplanet\/","url":"https:\/\/www.infolocale.fr\/blog\/des-associations-beneficient-dabandons-de-conges-de-salaries-grace-a-trugplanet\/","name":"Des associations b\u00e9n\u00e9ficient d\u2019abandons de cong\u00e9s de salari\u00e9s |","isPartOf":{"@id":"https:\/\/www.infolocale.fr\/blog\/#website"},"primaryImageOfPage":{"@id":"https:\/\/www.infolocale.fr\/blog\/des-associations-beneficient-dabandons-de-conges-de-salaries-grace-a-trugplanet\/#primaryimage"},"image":{"@id":"https:\/\/www.infolocale.fr\/blog\/des-associations-beneficient-dabandons-de-conges-de-salaries-grace-a-trugplanet\/#primaryimage"},"thumbnailUrl":"https:\/\/infolocale.20minutes.fr\/blog\/wp-content\/uploads\/2021\/11\/Artefacto.jpg","datePublished":"2021-11-05T16:22:59+00:00","dateModified":"2022-03-08T16:55:02+00:00","description":"Des associations b\u00e9n\u00e9ficient d'abandons de cong\u00e9s de salari\u00e9s et du soutien de leurs entreprises gr\u00e2ce \u00e0 la plateforme Trug'Planet.","breadcrumb":{"@id":"https:\/\/www.infolocale.fr\/blog\/des-associations-beneficient-dabandons-de-conges-de-salaries-grace-a-trugplanet\/#breadcrumb"},"inLanguage":"fr-FR","potentialAction":[{"@type":"ReadAction","target":["https:\/\/www.infolocale.fr\/blog\/des-associations-beneficient-dabandons-de-conges-de-salaries-grace-a-trugplanet\/"]}]},{"@type":"ImageObject","inLanguage":"fr-FR","@id":"https:\/\/www.infolocale.fr\/blog\/des-associations-beneficient-dabandons-de-conges-de-salaries-grace-a-trugplanet\/#primaryimage","url":"https:\/\/infolocale.20minutes.fr\/blog\/wp-content\/uploads\/2021\/11\/Artefacto.jpg","contentUrl":"https:\/\/infolocale.20minutes.fr\/blog\/wp-content\/uploads\/2021\/11\/Artefacto.jpg","width":1280,"height":960},{"@type":"BreadcrumbList","@id":"https:\/\/www.infolocale.fr\/blog\/des-associations-beneficient-dabandons-de-conges-de-salaries-grace-a-trugplanet\/#breadcrumb","itemListElement":[{"@type":"ListItem","position":1,"name":"Blog","item":"https:\/\/infolocale.ouest-france.fr\/blog\/"},{"@type":"ListItem","position":2,"name":"En ce moment","item":"https:\/\/infolocale.20minutes.fr\/blog\/cat\/actu-acteurs-locaux\/"},{"@type":"ListItem","position":3,"name":"Des associations b\u00e9n\u00e9ficient d\u2019abandons de cong\u00e9s de salari\u00e9s"}]},{"@type":"WebSite","@id":"https:\/\/www.infolocale.fr\/blog\/#website","url":"https:\/\/www.infolocale.fr\/blog\/","name":"","description":"","publisher":{"@id":"https:\/\/www.infolocale.fr\/blog\/#organization"},"potentialAction":[{"@type":"SearchAction","target":{"@type":"EntryPoint","urlTemplate":"https:\/\/www.infolocale.fr\/blog\/?s={search_term_string}"},"query-input":"required name=search_term_string"}],"inLanguage":"fr-FR"},{"@type":"Organization","@id":"https:\/\/www.infolocale.fr\/blog\/#organization","name":"Infolocale","url":"https:\/\/www.infolocale.fr\/blog\/","logo":{"@type":"ImageObject","inLanguage":"fr-FR","@id":"https:\/\/www.infolocale.fr\/blog\/#\/schema\/logo\/image\/","url":"https:\/\/www.infolocale.fr\/blog\/wp-content\/uploads\/2020\/11\/logol.jpg","contentUrl":"https:\/\/www.infolocale.fr\/blog\/wp-content\/uploads\/2020\/11\/logol.jpg","width":1031,"height":398,"caption":"Infolocale"},"image":{"@id":"https:\/\/www.infolocale.fr\/blog\/#\/schema\/logo\/image\/"},"sameAs":["https:\/\/www.facebook.com\/infolocaleFR\/","https:\/\/x.com\/infolocale","https:\/\/www.instagram.com\/infolocale\/","https:\/\/fr.linkedin.com\/company\/infolocale","https:\/\/www.youtube.com\/channel\/UCnv4FA8EYEuu_si3TGr7xeA"]},{"@type":"Person","@id":"https:\/\/www.infolocale.fr\/blog\/#\/schema\/person\/bf2dc50c6636ffa2ce3e44ef1f9eb97f","name":"Myl\u00e8ne","image":{"@type":"ImageObject","inLanguage":"fr-FR","@id":"https:\/\/www.infolocale.fr\/blog\/#\/schema\/person\/image\/","url":"https:\/\/secure.gravatar.com\/avatar\/49511f0ea4b41ed3062b218e30f07042?s=96&d=mm&r=g","contentUrl":"https:\/\/secure.gravatar.com\/avatar\/49511f0ea4b41ed3062b218e30f07042?s=96&d=mm&r=g","caption":"Myl\u00e8ne"},"url":"https:\/\/infolocale.20minutes.fr\/blog\/author\/mylene-michel\/"}]}},"_links":{"self":[{"href":"https:\/\/infolocale.20minutes.fr\/blog\/wp-json\/wp\/v2\/posts\/15110"}],"collection":[{"href":"https:\/\/infolocale.20minutes.fr\/blog\/wp-json\/wp\/v2\/posts"}],"about":[{"href":"https:\/\/infolocale.20minutes.fr\/blog\/wp-json\/wp\/v2\/types\/post"}],"author":[{"embeddable":true,"href":"https:\/\/infolocale.20minutes.fr\/blog\/wp-json\/wp\/v2\/users\/8"}],"replies":[{"embeddable":true,"href":"https:\/\/infolocale.20minutes.fr\/blog\/wp-json\/wp\/v2\/comments?post=15110"}],"version-history":[{"count":0,"href":"https:\/\/infolocale.20minutes.fr\/blog\/wp-json\/wp\/v2\/posts\/15110\/revisions"}],"wp:featuredmedia":[{"embeddable":true,"href":"https:\/\/infolocale.20minutes.fr\/blog\/wp-json\/wp\/v2\/media\/15248"}],"wp:attachment":[{"href":"https:\/\/infolocale.20minutes.fr\/blog\/wp-json\/wp\/v2\/media?parent=15110"}],"wp:term":[{"taxonomy":"category","embeddable":true,"href":"https:\/\/infolocale.20minutes.fr\/blog\/wp-json\/wp\/v2\/categories?post=15110"},{"taxonomy":"post_tag","embeddable":true,"href":"https:\/\/infolocale.20minutes.fr\/blog\/wp-json\/wp\/v2\/tags?post=15110"}],"curies":[{"name":"wp","href":"https:\/\/api.w.org\/{rel}","templated":true}]}}