{"id":14876,"date":"2023-03-07T11:02:00","date_gmt":"2023-03-07T10:02:00","guid":{"rendered":"https:\/\/www.infolocale.fr\/blog\/?p=14876"},"modified":"2026-05-04T16:19:32","modified_gmt":"2026-05-04T14:19:32","slug":"agenda-culturel-collectivite","status":"publish","type":"post","link":"https:\/\/infolocale.20minutes.fr\/blog\/agenda-culturel-collectivite\/","title":{"rendered":"Int\u00e9grer un agenda culturel sur le site de votre collectivit\u00e9"},"content":{"rendered":"\n<p class=\"has-black-color has-pale-cyan-blue-background-color has-text-color has-background\">Int\u00e9grer un agenda culturel sur le site de votre collectivit\u00e9 permet de mieux informer les habitants et de valoriser la vie locale. Infolocale propose des solutions d\u00e9di\u00e9es pour simplifier cette d\u00e9marche et enrichir votre communication territoriale. Gr\u00e2ce \u00e0 ces fonctionnalit\u00e9s, vous affichez directement sur votre plateforme :<br>&#8211; des agendas d&rsquo;\u00e9v\u00e9nements,<br>&#8211; l&rsquo;annuaire des associations et des commer\u00e7ants,<br>&#8211; des listes de services,<br>&#8211; un fil d&rsquo;actualit\u00e9 sur la vie associative de votre territoire.\u00a0<br><br>Ces informations ciblent directement votre commune ou votre territoire. En outre, vous pouvez les subdiviser et cr\u00e9er des agendas th\u00e9matiques : sports, balades, aide \u00e0 la personne&#8230; Votre agence de communication peut assurer l\u2019int\u00e9gration en interne via un widget sp\u00e9cifique. Enfin, vous pouvez r\u00e9utiliser et diffuser ces informations sur l&rsquo;ensemble de vos supports de communication ; sur vos sites internet, dans les p\u00e9riodiques de votre territoire, sur des panneaux digitaux.<br><br>Pr\u00e8s de 60 000 associations fran\u00e7aises diffusent leurs informations sur Infolocale. 200 m\u00e9dias et collectivit\u00e9s rediffusent d\u00e9j\u00e0 ces contenus sur leurs supports de communication. Vous souhaitez des renseignements ou une d\u00e9monstration au sujet de notre solution ? <a href=\"https:\/\/www.infolocale.fr\/decouvrir\/collectivites\/?int_source=blog&amp;int_medium=banner&amp;int_campaign=blog-content-artcoll\">Contactez-nous<\/a> !<\/p>\n\n\n\n<div class=\"wp-block-buttons is-content-justification-center is-layout-flex wp-block-buttons-is-layout-flex\">\n<div class=\"wp-block-button has-custom-width wp-block-button__width-75\"><a class=\"wp-block-button__link has-white-color has-luminous-vivid-amber-background-color has-text-color has-background\" href=\"https:\/\/www.infolocale.fr\/decouvrir\/collectivites\/?int_source=blog&amp;int_medium=banner&amp;int_campaign=blog-content-artcoll\">&gt;&gt; Je souhaite int\u00e9grer un agenda sur le site de ma collectivit\u00e9<\/a><\/div>\n<\/div>\n\n\n\n<p><\/p>\n\n\n\n<h2 class=\"wp-block-heading\">Pourquoi int\u00e9grer un agenda culturel sur le site de votre collectivit\u00e9 ?<\/h2>\n\n\n\n<p><\/p>\n\n\n\n<p>Le dynamisme associatif et la richesse des \u00e9quipements disponibles propulsent le d\u00e9veloppement de nos communes. Par cons\u00e9quent, une strat\u00e9gie de marketing territorial efficace s&rsquo;appuie sur une offre \u00e9v\u00e9nementielle vari\u00e9e. De cette mani\u00e8re, vous forgez une image positive et attractive aupr\u00e8s des habitants, des touristes et des nouveaux arrivants.<br><br>Toutefois, avoir une offre \u00e9v\u00e9nementielle riche ne suffit pas. Il vous faut aussi \u00eatre en mesure de la faire conna\u00eetre au plus grand nombre. Pour y parvenir, votre territoire doit se doter d&rsquo;outils de communication efficaces, capables de s\u2019adapter \u00e0 vos besoins et aux diff\u00e9rents supports utilis\u00e9s par vos \u00e9quipes.<\/p>\n\n\n\n<p>Infolocale est connu pour \u00eatre un<strong> agenda culturel<\/strong> incontournable en France. Chaque ann\u00e9e, ce sont pr\u00e8s de 500 000 \u00e9v\u00e9nements qui y sont d\u00e9pos\u00e9s par pr\u00e8s de 60 000 associations et organismes utilisateurs. Ce volume, la diversit\u00e9 de nos contenus et le s\u00e9rieux de nos \u00e9quipes de validation font qu\u2019Infolocale est aujourd\u2019hui en mesure de proposer les agendas \u00e9v\u00e9nementiels parmi les plus complets et exhaustifs de France.<\/p>\n\n\n\n<div class=\"wp-block-image\"><figure class=\"aligncenter size-large is-resized\"><a href=\"https:\/\/www.infolocale.fr\/decouvrir\/collectivites\/?utm_source=blog&amp;utm_medium=banner&amp;utm_campaign=blog-content-artcoll\"><img fetchpriority=\"high\" decoding=\"async\" src=\"https:\/\/www.infolocale.fr\/blog\/wp-content\/uploads\/2023\/03\/Bannieres-Blog-1024x910.png\" alt=\"\" class=\"wp-image-22379\" width=\"608\" height=\"540\" srcset=\"https:\/\/infolocale.20minutes.fr\/blog\/wp-content\/uploads\/2023\/03\/Bannieres-Blog-1024x910.png 1024w, https:\/\/infolocale.20minutes.fr\/blog\/wp-content\/uploads\/2023\/03\/Bannieres-Blog-300x267.png 300w, https:\/\/infolocale.20minutes.fr\/blog\/wp-content\/uploads\/2023\/03\/Bannieres-Blog-768x683.png 768w, https:\/\/infolocale.20minutes.fr\/blog\/wp-content\/uploads\/2023\/03\/Bannieres-Blog-1536x1366.png 1536w, https:\/\/infolocale.20minutes.fr\/blog\/wp-content\/uploads\/2023\/03\/Bannieres-Blog.png 1875w\" sizes=\"(max-width: 608px) 100vw, 608px\" \/><\/a><\/figure><\/div>\n\n\n\n<p><\/p>\n\n\n\n<h2 class=\"wp-block-heading\">Sorties, spectacles, concerts&#8230; : des agendas culturels en ligne adapt\u00e9s \u00e0 vos besoins<\/h2>\n\n\n\n<p><\/p>\n\n\n\n<p>Cependant, nos outils ne se limitent pas uniquement \u00e0 la diffusion d&rsquo;agendas. Aujourd&rsquo;hui Infolocale propose une vari\u00e9t\u00e9 de services et de typologies de contenus. Nous sommes d\u00e9sormais en mesure de vous proposer l&rsquo;int\u00e9gration :<\/p>\n\n\n\n<ul class=\"wp-block-list\">\n<li>d&rsquo;agendas des sorties,<\/li>\n\n\n\n<li>un fil d&rsquo;actualit\u00e9 des associations de votre territoire,<\/li>\n\n\n\n<li>d&rsquo;agendas des services propos\u00e9s par votre collectivit\u00e9,<\/li>\n\n\n\n<li>un annuaire des associations,<\/li>\n\n\n\n<li>un annuaire des commer\u00e7ants,<\/li>\n<\/ul>\n\n\n\n<p>Votre commune souhaite int\u00e9grer un agenda d\u2019\u00e9v\u00e9nements sur son site ? Vous avez besoin d\u2019une s\u00e9rie d\u2019agendas sp\u00e9cifiques pour alimenter des sites th\u00e9matiques ? Int\u00e9grez les agendas Infolocale ! Ceux-ci s\u2019adaptent enti\u00e8rement aux besoins de votre collectivit\u00e9. Ils peuvent porter sur une th\u00e9matique pr\u00e9cise telle que le sport, la parentalit\u00e9, le handicap\u2026<\/p>\n\n\n\n<figure class=\"wp-block-embed is-type-video is-provider-youtube wp-block-embed-youtube wp-embed-aspect-16-9 wp-has-aspect-ratio\"><div class=\"wp-block-embed__wrapper\">\n<iframe title=\"Infolocale, l&#039;outil pour g\u00e9rer la communication de votre collectivit\u00e9\" width=\"1020\" height=\"574\" src=\"https:\/\/www.youtube.com\/embed\/ow9HpGjtFFY?feature=oembed&#038;enablejsapi=1&#038;origin=https:\/\/www.infolocale.fr\" frameborder=\"0\" allow=\"accelerometer; autoplay; clipboard-write; encrypted-media; gyroscope; picture-in-picture; web-share\" referrerpolicy=\"strict-origin-when-cross-origin\" allowfullscreen><\/iframe>\n<\/div><figcaption class=\"wp-element-caption\"><br><em>Infolocale, l&rsquo;outil pour g\u00e9rer la communication de votre collectivit\u00e9<\/em><\/figcaption><\/figure>\n\n\n\n<p><\/p>\n\n\n\n<h2 class=\"wp-block-heading\">Origine des contenus : 60 000 associations et organismes diffusent leurs \u00e9v\u00e9nements sur Infolocale&nbsp;<\/h2>\n\n\n\n<p><\/p>\n\n\n\n<p>Infolocale existe aujourd\u2019hui depuis plus de 10 ans. Notre solution est utilis\u00e9e par 60 000 associations et organismes locaux pour promouvoir leurs \u00e9v\u00e9nements. Une fois l\u2019agenda install\u00e9 sur votre site, Infolocale s\u2019occupe de la collecte, de la validation et de la diffusion des contenus. Ceux-ci peuvent venir de plusieurs sources :<\/p>\n\n\n\n<ul class=\"wp-block-list\">\n<li>les associations et les organisateurs d\u2019\u00e9v\u00e9nements,<\/li>\n\n\n\n<li>les collectivit\u00e9s et \u00e9quipements,<\/li>\n\n\n\n<li>les bases de donn\u00e9es partenaires.<\/li>\n<\/ul>\n\n\n\n<p>Toutefois, il reste possible pour les collectivit\u00e9s utilisatrices des agendas Infolocale de garder la main sur les contenus. Ainsi, elles pourront valider ou supprimer les contenus diffus\u00e9s dans leurs flux.<\/p>\n\n\n\n<h2 class=\"wp-block-heading\">Fiabilit\u00e9 et s\u00e9rieux : nos contenus sont valid\u00e9s en interne<\/h2>\n\n\n\n<p><\/p>\n\n\n\n<p>Nos contenus sont valid\u00e9s par une \u00e9quipe de mod\u00e9ration 100% int\u00e9gr\u00e9e et pr\u00e9sente dans nos bureaux sur le sol fran\u00e7ais. Notre volont\u00e9 est de garantir la qualit\u00e9 et le s\u00e9rieux des contenus pr\u00e9sents sur notre plateforme.<\/p>\n\n\n\n<h2 class=\"wp-block-heading\">Pr\u00e8s de&nbsp;200 m\u00e9dias et collectivit\u00e9s utilisent d\u00e9j\u00e0 un agenda culturel&nbsp;Infolocale&nbsp;<\/h2>\n\n\n\n<p><\/p>\n\n\n\n<p>Le flux Infolocale est diffus\u00e9 sur les sites et dans les pages de nombreux titres de presse. Ici on peut citer : <a href=\"https:\/\/www.ouest-france.fr\/\">Ouest-France<\/a>, <a href=\"https:\/\/actu.fr\/\" target=\"_blank\" rel=\"noreferrer noopener\">actu.fr<\/a>, <a href=\"https:\/\/www.20minutes.fr\/\" target=\"_blank\" rel=\"noreferrer noopener\">20 minutes<\/a>, Le Maine Libre, ou Presse Oc\u00e9an. Cependant, la presse n\u2019est pas la seule utilisatrice de l\u2019outil. Ainsi, pr\u00e8s de 120 collectivit\u00e9s ont d\u2019ores et d\u00e9j\u00e0 int\u00e9gr\u00e9 un ou plusieurs agendas Infolocale. Parmi elles, on retrouve des EPCI, des conseils d\u00e9partementaux, des mairies.<\/p>\n\n\n\n<div class=\"wp-block-buttons is-content-justification-center is-layout-flex wp-block-buttons-is-layout-flex\">\n<div class=\"wp-block-button\"><a class=\"wp-block-button__link has-white-color has-luminous-vivid-amber-background-color has-text-color has-background\" href=\"https:\/\/www.infolocale.fr\/decouvrir\/collectivites\/?int_source=blog&amp;int_medium=banner&amp;int_campaign=blog-content-artcoll\">&gt;&gt; En savoir plus sur les agendas Infolocale<\/a><\/div>\n<\/div>\n\n\n\n<p><\/p>\n\n\n\n<h2 class=\"wp-block-heading\">P\u00e9riodiques territoriaux, newsletters, vos contenus sont normalis\u00e9s et r\u00e9utilisables sur vos diff\u00e9rents supports de communication<\/h2>\n\n\n\n<p><\/p>\n\n\n\n<p>Historiquement, Infolocale est un outil utilis\u00e9 pour faciliter l\u2019int\u00e9gration des <strong>agendas culturels<\/strong> dans les pages de la presse quotidienne r\u00e9gionale. Ainsi, il permet de gagner du temps et de normaliser vos informations pour faciliter leur r\u00e9utilisation.<\/p>\n\n\n\n<p>En effet, aujourd\u2019hui encore, il est fr\u00e9quent de voir des services communication saisir autant de fois les informations qu\u2019ils ont de supports de diffusion. Infolocale vous permet de centraliser les donn\u00e9es et de les utiliser sur ces diff\u00e9rents supports. Cela peut \u00eatre :<\/p>\n\n\n\n<ol class=\"wp-block-list\">\n<li>Pour diffuser sur les <strong>agendas en ligne<\/strong>,<\/li>\n\n\n\n<li>Pour r\u00e9utiliser dans la presse institutionnelle de votre territoire,<\/li>\n\n\n\n<li>Afin de diffuser des informations sur les panneaux \u00e9lectroniques de votre ville.<\/li>\n<\/ol>\n\n\n\n<h2 class=\"wp-block-heading\">Comment int\u00e9grer l\u2019agenda culturel sur le site de votre collectivit\u00e9 ?&nbsp;<\/h2>\n\n\n\n<p><\/p>\n\n\n\n<p>Votre commune souhaite int\u00e9grer un&nbsp;<strong>agenda culturel<\/strong> sur son site ? Deux m\u00e9thodes s\u2019offrent \u00e0 vous.<\/p>\n\n\n\n<h3 class=\"wp-block-heading\">1. Passer par une agence de communication territoriale&nbsp;<\/h3>\n\n\n\n<p><\/p>\n\n\n\n<p>Pour commencer, Infolocale travaille avec diff\u00e9rentes agences de communication. Si vous aussi travaillez avec une agence, il est possible que celle-ci soit en mesure d\u2019impl\u00e9menter le flux des \u00e9v\u00e9nements de votre ville sur votre site internet. N\u00e9anmoins, si ce n\u2019est pas le cas de votre agence, proposez-lui de <a href=\"https:\/\/www.infolocale.fr\/decouvrir\/collectivites\/?utm_source=blog&amp;utm_medium=banner&amp;utm_campaign=blog-content-artcoll\">nous contacter<\/a> !<\/p>\n\n\n\n<h3 class=\"wp-block-heading\">2. Installer le widget agenda Infolocale sur votre site<\/h3>\n\n\n\n<p><\/p>\n\n\n\n<p>Infolocale peut \u00e9galement mette un widget \u00e0 votre disposition. C\u2019est un outil cl\u00e9 que vous pouvez int\u00e9grer facilement sur votre site. Vos \u00e9quipes de d\u00e9veloppement peuvent r\u00e9aliser cette int\u00e9gration en interne, par des freelances ou par votre agence.<\/p>\n\n\n\n<div class=\"wp-block-buttons is-content-justification-center is-layout-flex wp-block-buttons-is-layout-flex\">\n<div class=\"wp-block-button has-custom-width wp-block-button__width-75\"><a class=\"wp-block-button__link has-white-color has-luminous-vivid-amber-background-color has-text-color has-background\" href=\"https:\/\/www.infolocale.fr\/decouvrir\/collectivites\/?int_source=blog&amp;int_medium=banner&amp;int_campaign=blog-content-artcoll\">&gt;&gt; Je souhaite int\u00e9grer un agenda sur le site de ma collectivit\u00e9<\/a><\/div>\n<\/div>\n\n\n\n<p><\/p>\n\n\n\n<p><\/p>\n","protected":false},"excerpt":{"rendered":"<p>Int\u00e9grer un agenda culturel sur le site de votre collectivit\u00e9 permet de mieux informer les habitants et de valoriser la vie locale. Infolocale propose des [&hellip;]<\/p>\n","protected":false},"author":2,"featured_media":14885,"comment_status":"open","ping_status":"open","sticky":false,"template":"","format":"standard","meta":{"_coblocks_attr":"","_coblocks_dimensions":"","_coblocks_responsive_height":"","_coblocks_accordion_ie_support":"","_mo_disable_npp":"","footnotes":""},"categories":[75],"tags":[],"class_list":["post-14876","post","type-post","status-publish","format-standard","has-post-thumbnail","hentry","category-communication-des-institutions-et-collectivites"],"yoast_head":"<!-- This site is optimized with the Yoast SEO plugin v23.2 - https:\/\/yoast.com\/wordpress\/plugins\/seo\/ -->\n<title>Agenda culturel : comment l&#039;int\u00e9grer sur le site de votre collectivit\u00e9 ?<\/title>\n<meta name=\"description\" content=\"Voici un outil pour int\u00e9grer un agenda culturel sur le site Internet des collectivit\u00e9s. Cet agenda s&#039;adapte \u00e0 vos besoins. Il peut...\" \/>\n<meta name=\"robots\" content=\"index, follow, max-snippet:-1, max-image-preview:large, max-video-preview:-1\" \/>\n<link rel=\"canonical\" href=\"https:\/\/infolocale.20minutes.fr\/blog\/agenda-culturel-collectivite\/\" \/>\n<meta property=\"og:locale\" content=\"fr_FR\" \/>\n<meta property=\"og:type\" content=\"article\" \/>\n<meta property=\"og:title\" content=\"Agenda culturel : comment l&#039;int\u00e9grer sur le site de votre collectivit\u00e9 ?\" \/>\n<meta property=\"og:description\" content=\"Voici un outil pour int\u00e9grer un agenda culturel sur le site Internet des collectivit\u00e9s. Cet agenda s&#039;adapte \u00e0 vos besoins. Il peut...\" \/>\n<meta property=\"og:url\" content=\"https:\/\/infolocale.20minutes.fr\/blog\/agenda-culturel-collectivite\/\" \/>\n<meta property=\"article:publisher\" content=\"https:\/\/www.facebook.com\/infolocaleFR\/\" \/>\n<meta property=\"article:published_time\" content=\"2023-03-07T10:02:00+00:00\" \/>\n<meta property=\"article:modified_time\" content=\"2026-05-04T14:19:32+00:00\" \/>\n<meta property=\"og:image\" content=\"https:\/\/infolocale.20minutes.fr\/blog\/wp-content\/uploads\/2021\/10\/agenda-culturel-collectivites.jpg\" \/>\n\t<meta property=\"og:image:width\" content=\"900\" \/>\n\t<meta property=\"og:image:height\" content=\"630\" \/>\n\t<meta property=\"og:image:type\" content=\"image\/jpeg\" \/>\n<meta name=\"author\" content=\"Morgan\" \/>\n<meta name=\"twitter:card\" content=\"summary_large_image\" \/>\n<meta name=\"twitter:creator\" content=\"@infolocale\" \/>\n<meta name=\"twitter:site\" content=\"@infolocale\" \/>\n<meta name=\"twitter:label1\" content=\"\u00c9crit par\" \/>\n\t<meta name=\"twitter:data1\" content=\"Morgan\" \/>\n\t<meta name=\"twitter:label2\" content=\"Dur\u00e9e de lecture estim\u00e9e\" \/>\n\t<meta name=\"twitter:data2\" content=\"6 minutes\" \/>\n<script type=\"application\/ld+json\" class=\"yoast-schema-graph\">{\"@context\":\"https:\/\/schema.org\",\"@graph\":[{\"@type\":\"Article\",\"@id\":\"https:\/\/infolocale.20minutes.fr\/blog\/agenda-culturel-collectivite\/#article\",\"isPartOf\":{\"@id\":\"https:\/\/infolocale.20minutes.fr\/blog\/agenda-culturel-collectivite\/\"},\"author\":{\"name\":\"Morgan\",\"@id\":\"https:\/\/www.infolocale.fr\/blog\/#\/schema\/person\/f0f748ece99417833166b3ba8890f3db\"},\"headline\":\"Int\u00e9grer un agenda culturel sur le site de votre collectivit\u00e9\",\"datePublished\":\"2023-03-07T10:02:00+00:00\",\"dateModified\":\"2026-05-04T14:19:32+00:00\",\"mainEntityOfPage\":{\"@id\":\"https:\/\/infolocale.20minutes.fr\/blog\/agenda-culturel-collectivite\/\"},\"wordCount\":1099,\"commentCount\":0,\"publisher\":{\"@id\":\"https:\/\/www.infolocale.fr\/blog\/#organization\"},\"image\":{\"@id\":\"https:\/\/infolocale.20minutes.fr\/blog\/agenda-culturel-collectivite\/#primaryimage\"},\"thumbnailUrl\":\"https:\/\/infolocale.20minutes.fr\/blog\/wp-content\/uploads\/2021\/10\/agenda-culturel-collectivites.jpg\",\"articleSection\":[\"Communication des institutions et collectivit\u00e9s\"],\"inLanguage\":\"fr-FR\",\"potentialAction\":[{\"@type\":\"CommentAction\",\"name\":\"Comment\",\"target\":[\"https:\/\/infolocale.20minutes.fr\/blog\/agenda-culturel-collectivite\/#respond\"]}]},{\"@type\":\"WebPage\",\"@id\":\"https:\/\/infolocale.20minutes.fr\/blog\/agenda-culturel-collectivite\/\",\"url\":\"https:\/\/infolocale.20minutes.fr\/blog\/agenda-culturel-collectivite\/\",\"name\":\"Agenda culturel : comment l'int\u00e9grer sur le site de votre collectivit\u00e9 ?\",\"isPartOf\":{\"@id\":\"https:\/\/www.infolocale.fr\/blog\/#website\"},\"primaryImageOfPage\":{\"@id\":\"https:\/\/infolocale.20minutes.fr\/blog\/agenda-culturel-collectivite\/#primaryimage\"},\"image\":{\"@id\":\"https:\/\/infolocale.20minutes.fr\/blog\/agenda-culturel-collectivite\/#primaryimage\"},\"thumbnailUrl\":\"https:\/\/infolocale.20minutes.fr\/blog\/wp-content\/uploads\/2021\/10\/agenda-culturel-collectivites.jpg\",\"datePublished\":\"2023-03-07T10:02:00+00:00\",\"dateModified\":\"2026-05-04T14:19:32+00:00\",\"description\":\"Voici un outil pour int\u00e9grer un agenda culturel sur le site Internet des collectivit\u00e9s. Cet agenda s'adapte \u00e0 vos besoins. Il peut...\",\"breadcrumb\":{\"@id\":\"https:\/\/infolocale.20minutes.fr\/blog\/agenda-culturel-collectivite\/#breadcrumb\"},\"inLanguage\":\"fr-FR\",\"potentialAction\":[{\"@type\":\"ReadAction\",\"target\":[\"https:\/\/infolocale.20minutes.fr\/blog\/agenda-culturel-collectivite\/\"]}]},{\"@type\":\"ImageObject\",\"inLanguage\":\"fr-FR\",\"@id\":\"https:\/\/infolocale.20minutes.fr\/blog\/agenda-culturel-collectivite\/#primaryimage\",\"url\":\"https:\/\/infolocale.20minutes.fr\/blog\/wp-content\/uploads\/2021\/10\/agenda-culturel-collectivites.jpg\",\"contentUrl\":\"https:\/\/infolocale.20minutes.fr\/blog\/wp-content\/uploads\/2021\/10\/agenda-culturel-collectivites.jpg\",\"width\":900,\"height\":630,\"caption\":\"Cr\u00e9er un agenda culturel pour le site de votre collectivit\u00e9\"},{\"@type\":\"BreadcrumbList\",\"@id\":\"https:\/\/infolocale.20minutes.fr\/blog\/agenda-culturel-collectivite\/#breadcrumb\",\"itemListElement\":[{\"@type\":\"ListItem\",\"position\":1,\"name\":\"Blog\",\"item\":\"https:\/\/infolocale.ouest-france.fr\/blog\/\"},{\"@type\":\"ListItem\",\"position\":2,\"name\":\"Communication des institutions et collectivit\u00e9s\",\"item\":\"https:\/\/infolocale.ouest-france.fr\/blog\/cat\/communication-des-institutions-et-collectivites\/\"},{\"@type\":\"ListItem\",\"position\":3,\"name\":\"Int\u00e9grer un agenda culturel sur le site de votre collectivit\u00e9\"}]},{\"@type\":\"WebSite\",\"@id\":\"https:\/\/www.infolocale.fr\/blog\/#website\",\"url\":\"https:\/\/www.infolocale.fr\/blog\/\",\"name\":\"\",\"description\":\"\",\"publisher\":{\"@id\":\"https:\/\/www.infolocale.fr\/blog\/#organization\"},\"potentialAction\":[{\"@type\":\"SearchAction\",\"target\":{\"@type\":\"EntryPoint\",\"urlTemplate\":\"https:\/\/www.infolocale.fr\/blog\/?s={search_term_string}\"},\"query-input\":\"required name=search_term_string\"}],\"inLanguage\":\"fr-FR\"},{\"@type\":\"Organization\",\"@id\":\"https:\/\/www.infolocale.fr\/blog\/#organization\",\"name\":\"Infolocale\",\"url\":\"https:\/\/www.infolocale.fr\/blog\/\",\"logo\":{\"@type\":\"ImageObject\",\"inLanguage\":\"fr-FR\",\"@id\":\"https:\/\/www.infolocale.fr\/blog\/#\/schema\/logo\/image\/\",\"url\":\"https:\/\/www.infolocale.fr\/blog\/wp-content\/uploads\/2020\/11\/logol.jpg\",\"contentUrl\":\"https:\/\/www.infolocale.fr\/blog\/wp-content\/uploads\/2020\/11\/logol.jpg\",\"width\":1031,\"height\":398,\"caption\":\"Infolocale\"},\"image\":{\"@id\":\"https:\/\/www.infolocale.fr\/blog\/#\/schema\/logo\/image\/\"},\"sameAs\":[\"https:\/\/www.facebook.com\/infolocaleFR\/\",\"https:\/\/x.com\/infolocale\",\"https:\/\/www.instagram.com\/infolocale\/\",\"https:\/\/fr.linkedin.com\/company\/infolocale\",\"https:\/\/www.youtube.com\/channel\/UCnv4FA8EYEuu_si3TGr7xeA\"]},{\"@type\":\"Person\",\"@id\":\"https:\/\/www.infolocale.fr\/blog\/#\/schema\/person\/f0f748ece99417833166b3ba8890f3db\",\"name\":\"Morgan\",\"image\":{\"@type\":\"ImageObject\",\"inLanguage\":\"fr-FR\",\"@id\":\"https:\/\/www.infolocale.fr\/blog\/#\/schema\/person\/image\/\",\"url\":\"https:\/\/secure.gravatar.com\/avatar\/a22ec2a0cc817ae9fa3ff7341a213632?s=96&d=mm&r=g\",\"contentUrl\":\"https:\/\/secure.gravatar.com\/avatar\/a22ec2a0cc817ae9fa3ff7341a213632?s=96&d=mm&r=g\",\"caption\":\"Morgan\"},\"url\":\"https:\/\/infolocale.20minutes.fr\/blog\/author\/morgan-delepine\/\"}]}<\/script>\n<!-- \/ Yoast SEO plugin. -->","yoast_head_json":{"title":"Agenda culturel : comment l'int\u00e9grer sur le site de votre collectivit\u00e9 ?","description":"Voici un outil pour int\u00e9grer un agenda culturel sur le site Internet des collectivit\u00e9s. Cet agenda s'adapte \u00e0 vos besoins. Il peut...","robots":{"index":"index","follow":"follow","max-snippet":"max-snippet:-1","max-image-preview":"max-image-preview:large","max-video-preview":"max-video-preview:-1"},"canonical":"https:\/\/infolocale.20minutes.fr\/blog\/agenda-culturel-collectivite\/","og_locale":"fr_FR","og_type":"article","og_title":"Agenda culturel : comment l'int\u00e9grer sur le site de votre collectivit\u00e9 ?","og_description":"Voici un outil pour int\u00e9grer un agenda culturel sur le site Internet des collectivit\u00e9s. Cet agenda s'adapte \u00e0 vos besoins. Il peut...","og_url":"https:\/\/infolocale.20minutes.fr\/blog\/agenda-culturel-collectivite\/","article_publisher":"https:\/\/www.facebook.com\/infolocaleFR\/","article_published_time":"2023-03-07T10:02:00+00:00","article_modified_time":"2026-05-04T14:19:32+00:00","og_image":[{"width":900,"height":630,"url":"https:\/\/infolocale.20minutes.fr\/blog\/wp-content\/uploads\/2021\/10\/agenda-culturel-collectivites.jpg","type":"image\/jpeg"}],"author":"Morgan","twitter_card":"summary_large_image","twitter_creator":"@infolocale","twitter_site":"@infolocale","twitter_misc":{"\u00c9crit par":"Morgan","Dur\u00e9e de lecture estim\u00e9e":"6 minutes"},"schema":{"@context":"https:\/\/schema.org","@graph":[{"@type":"Article","@id":"https:\/\/infolocale.20minutes.fr\/blog\/agenda-culturel-collectivite\/#article","isPartOf":{"@id":"https:\/\/infolocale.20minutes.fr\/blog\/agenda-culturel-collectivite\/"},"author":{"name":"Morgan","@id":"https:\/\/www.infolocale.fr\/blog\/#\/schema\/person\/f0f748ece99417833166b3ba8890f3db"},"headline":"Int\u00e9grer un agenda culturel sur le site de votre collectivit\u00e9","datePublished":"2023-03-07T10:02:00+00:00","dateModified":"2026-05-04T14:19:32+00:00","mainEntityOfPage":{"@id":"https:\/\/infolocale.20minutes.fr\/blog\/agenda-culturel-collectivite\/"},"wordCount":1099,"commentCount":0,"publisher":{"@id":"https:\/\/www.infolocale.fr\/blog\/#organization"},"image":{"@id":"https:\/\/infolocale.20minutes.fr\/blog\/agenda-culturel-collectivite\/#primaryimage"},"thumbnailUrl":"https:\/\/infolocale.20minutes.fr\/blog\/wp-content\/uploads\/2021\/10\/agenda-culturel-collectivites.jpg","articleSection":["Communication des institutions et collectivit\u00e9s"],"inLanguage":"fr-FR","potentialAction":[{"@type":"CommentAction","name":"Comment","target":["https:\/\/infolocale.20minutes.fr\/blog\/agenda-culturel-collectivite\/#respond"]}]},{"@type":"WebPage","@id":"https:\/\/infolocale.20minutes.fr\/blog\/agenda-culturel-collectivite\/","url":"https:\/\/infolocale.20minutes.fr\/blog\/agenda-culturel-collectivite\/","name":"Agenda culturel : comment l'int\u00e9grer sur le site de votre collectivit\u00e9 ?","isPartOf":{"@id":"https:\/\/www.infolocale.fr\/blog\/#website"},"primaryImageOfPage":{"@id":"https:\/\/infolocale.20minutes.fr\/blog\/agenda-culturel-collectivite\/#primaryimage"},"image":{"@id":"https:\/\/infolocale.20minutes.fr\/blog\/agenda-culturel-collectivite\/#primaryimage"},"thumbnailUrl":"https:\/\/infolocale.20minutes.fr\/blog\/wp-content\/uploads\/2021\/10\/agenda-culturel-collectivites.jpg","datePublished":"2023-03-07T10:02:00+00:00","dateModified":"2026-05-04T14:19:32+00:00","description":"Voici un outil pour int\u00e9grer un agenda culturel sur le site Internet des collectivit\u00e9s. Cet agenda s'adapte \u00e0 vos besoins. Il peut...","breadcrumb":{"@id":"https:\/\/infolocale.20minutes.fr\/blog\/agenda-culturel-collectivite\/#breadcrumb"},"inLanguage":"fr-FR","potentialAction":[{"@type":"ReadAction","target":["https:\/\/infolocale.20minutes.fr\/blog\/agenda-culturel-collectivite\/"]}]},{"@type":"ImageObject","inLanguage":"fr-FR","@id":"https:\/\/infolocale.20minutes.fr\/blog\/agenda-culturel-collectivite\/#primaryimage","url":"https:\/\/infolocale.20minutes.fr\/blog\/wp-content\/uploads\/2021\/10\/agenda-culturel-collectivites.jpg","contentUrl":"https:\/\/infolocale.20minutes.fr\/blog\/wp-content\/uploads\/2021\/10\/agenda-culturel-collectivites.jpg","width":900,"height":630,"caption":"Cr\u00e9er un agenda culturel pour le site de votre collectivit\u00e9"},{"@type":"BreadcrumbList","@id":"https:\/\/infolocale.20minutes.fr\/blog\/agenda-culturel-collectivite\/#breadcrumb","itemListElement":[{"@type":"ListItem","position":1,"name":"Blog","item":"https:\/\/infolocale.ouest-france.fr\/blog\/"},{"@type":"ListItem","position":2,"name":"Communication des institutions et collectivit\u00e9s","item":"https:\/\/infolocale.ouest-france.fr\/blog\/cat\/communication-des-institutions-et-collectivites\/"},{"@type":"ListItem","position":3,"name":"Int\u00e9grer un agenda culturel sur le site de votre collectivit\u00e9"}]},{"@type":"WebSite","@id":"https:\/\/www.infolocale.fr\/blog\/#website","url":"https:\/\/www.infolocale.fr\/blog\/","name":"","description":"","publisher":{"@id":"https:\/\/www.infolocale.fr\/blog\/#organization"},"potentialAction":[{"@type":"SearchAction","target":{"@type":"EntryPoint","urlTemplate":"https:\/\/www.infolocale.fr\/blog\/?s={search_term_string}"},"query-input":"required name=search_term_string"}],"inLanguage":"fr-FR"},{"@type":"Organization","@id":"https:\/\/www.infolocale.fr\/blog\/#organization","name":"Infolocale","url":"https:\/\/www.infolocale.fr\/blog\/","logo":{"@type":"ImageObject","inLanguage":"fr-FR","@id":"https:\/\/www.infolocale.fr\/blog\/#\/schema\/logo\/image\/","url":"https:\/\/www.infolocale.fr\/blog\/wp-content\/uploads\/2020\/11\/logol.jpg","contentUrl":"https:\/\/www.infolocale.fr\/blog\/wp-content\/uploads\/2020\/11\/logol.jpg","width":1031,"height":398,"caption":"Infolocale"},"image":{"@id":"https:\/\/www.infolocale.fr\/blog\/#\/schema\/logo\/image\/"},"sameAs":["https:\/\/www.facebook.com\/infolocaleFR\/","https:\/\/x.com\/infolocale","https:\/\/www.instagram.com\/infolocale\/","https:\/\/fr.linkedin.com\/company\/infolocale","https:\/\/www.youtube.com\/channel\/UCnv4FA8EYEuu_si3TGr7xeA"]},{"@type":"Person","@id":"https:\/\/www.infolocale.fr\/blog\/#\/schema\/person\/f0f748ece99417833166b3ba8890f3db","name":"Morgan","image":{"@type":"ImageObject","inLanguage":"fr-FR","@id":"https:\/\/www.infolocale.fr\/blog\/#\/schema\/person\/image\/","url":"https:\/\/secure.gravatar.com\/avatar\/a22ec2a0cc817ae9fa3ff7341a213632?s=96&d=mm&r=g","contentUrl":"https:\/\/secure.gravatar.com\/avatar\/a22ec2a0cc817ae9fa3ff7341a213632?s=96&d=mm&r=g","caption":"Morgan"},"url":"https:\/\/infolocale.20minutes.fr\/blog\/author\/morgan-delepine\/"}]}},"_links":{"self":[{"href":"https:\/\/infolocale.20minutes.fr\/blog\/wp-json\/wp\/v2\/posts\/14876"}],"collection":[{"href":"https:\/\/infolocale.20minutes.fr\/blog\/wp-json\/wp\/v2\/posts"}],"about":[{"href":"https:\/\/infolocale.20minutes.fr\/blog\/wp-json\/wp\/v2\/types\/post"}],"author":[{"embeddable":true,"href":"https:\/\/infolocale.20minutes.fr\/blog\/wp-json\/wp\/v2\/users\/2"}],"replies":[{"embeddable":true,"href":"https:\/\/infolocale.20minutes.fr\/blog\/wp-json\/wp\/v2\/comments?post=14876"}],"version-history":[{"count":0,"href":"https:\/\/infolocale.20minutes.fr\/blog\/wp-json\/wp\/v2\/posts\/14876\/revisions"}],"wp:featuredmedia":[{"embeddable":true,"href":"https:\/\/infolocale.20minutes.fr\/blog\/wp-json\/wp\/v2\/media\/14885"}],"wp:attachment":[{"href":"https:\/\/infolocale.20minutes.fr\/blog\/wp-json\/wp\/v2\/media?parent=14876"}],"wp:term":[{"taxonomy":"category","embeddable":true,"href":"https:\/\/infolocale.20minutes.fr\/blog\/wp-json\/wp\/v2\/categories?post=14876"},{"taxonomy":"post_tag","embeddable":true,"href":"https:\/\/infolocale.20minutes.fr\/blog\/wp-json\/wp\/v2\/tags?post=14876"}],"curies":[{"name":"wp","href":"https:\/\/api.w.org\/{rel}","templated":true}]}}