{"id":14048,"date":"2021-10-14T15:17:04","date_gmt":"2021-10-14T13:17:04","guid":{"rendered":"https:\/\/www.infolocale.fr\/blog\/?p=14048"},"modified":"2021-10-14T15:25:41","modified_gmt":"2021-10-14T13:25:41","slug":"les-associations-preparent-la-35eme-edition-du-telethon","status":"publish","type":"post","link":"https:\/\/infolocale.20minutes.fr\/blog\/les-associations-preparent-la-35eme-edition-du-telethon\/","title":{"rendered":"Les associations pr\u00e9parent la 35\u00e8me \u00e9dition du T\u00e9l\u00e9thon"},"content":{"rendered":"\n<p>Des associations pr\u00e9parent le T\u00e9l\u00e9thon depuis la mi-septembre. Et vous ? Le T\u00e9l\u00e9thon 2021 est pr\u00e9vu les 3 et 4 d\u00e9cembre 2021. C&rsquo;est un \u00e9v\u00e9nement caritatif connu. Organis\u00e9 chaque ann\u00e9e depuis 1987 par l&rsquo;Association fran\u00e7aise contre les myopathies (AFM). La collecte de fonds, effectu\u00e9e lors du T\u00e9l\u00e9thon, finance des projets de recherche sur les maladies g\u00e9n\u00e9tiques neuromusculaires.<\/p>\n\n\n\n<p>En parall\u00e8le des dispositifs nationaux t\u00e9l\u00e9vis\u00e9s,&nbsp;les \u00e9v\u00e9nements locaux organis\u00e9s dans le cadre du T\u00e9l\u00e9thon se d\u00e9roulent durant les 30 heures de l\u2019op\u00e9ration. Ils peuvent aussi se tenir&nbsp; \u00e0 partir du 1er octobre et jusqu\u2019au 31 d\u00e9cembre 2021.<\/p>\n\n\n\n<h2 class=\"wp-block-heading\">\u00ab Lumi\u00e8re sur le T\u00e9l\u00e9thon \u00bb<\/h2>\n\n\n\n<p>Pour sa 35\u00e8me \u00e9dition, le T\u00e9l\u00e9thon est plac\u00e9 sous le th\u00e8me de la \u00ab<a href=\"https:\/\/www.afm-telethon.fr\/actualites\/plein-idees-brillantes-pour-telethon-2021-140892\" target=\"_blank\" rel=\"noreferrer noopener\"> Lumi\u00e8re sur le T\u00e9l\u00e9thon <\/a>\u00bb. Toutes les id\u00e9es d\u2019animations lumineuses sont les bienvenues pour participer \u00e0 cette grande f\u00eate solidaire&nbsp;: marches aux flambeaux, tournois sportifs dans le noir, l\u00e2chers de lanternes, vente de bougies.<\/p>\n\n\n\n<h2 class=\"wp-block-heading\">\u00ab&nbsp;A fond la vie&nbsp;!&nbsp;\u00bb pour le T\u00e9l\u00e9thon<\/h2>\n\n\n\n<p>Plusieurs associations ont&nbsp; d\u00e9pos\u00e9 des annonces sur <a href=\"https:\/\/www.infolocale.fr\/decouvrir\/?utm_source=blog&amp;utm_medium=banner&amp;utm_campaign=blog-content\">infolocale.fr<\/a>&nbsp; pour annoncer leur mobilisation pour le T\u00e9l\u00e9thon. Elles font appel aux volontaires et b\u00e9n\u00e9voles lors de r\u00e9unions publiques. B\u00e9n\u00e9voles et volontaires sont invit\u00e9s \u00e0 se  r\u00e9partir les nombreuses t\u00e2ches. Celles-ci vont de la permanence des stands, \u00e0 la confection de cr\u00eapes. Mais aussi dans l&rsquo;organisation n\u00e9cessaire en amont : la distribution des affiches, le bricolage, la couture, la confection des articles qui seront vendus au profit du T\u00e9l\u00e9thon.<\/p>\n\n\n\n<p>Ces annonces de r\u00e9unions publiques pr\u00e9paratoires  s\u2019adressent \u00e0 \u00ab&nbsp;toutes les personnes d\u00e9sireuses de s&rsquo;investir en proposant des animations ou simplement pour donner un coup de main \u00bb. La participation des clubs sportifs locaux est \u00e9galement souhait\u00e9e. Dans certains territoires, comme \u00e0 N\u00e9vez (Finist\u00e8re), le&nbsp;T\u00e9l\u00e9thon est programm\u00e9 &nbsp;les 19, 20 et 21 novembre 2021.<\/p>\n\n\n\n<figure class=\"wp-block-image size-large\"><a href=\"https:\/\/www.infolocale.fr\/decouvrir\/?utm_source=blog&amp;utm_medium=banner&amp;utm_campaign=blog-content\"><img fetchpriority=\"high\" decoding=\"async\" width=\"1024\" height=\"219\" src=\"https:\/\/www.infolocale.fr\/blog\/wp-content\/uploads\/2021\/10\/MicrosoftTeams-image-2-1024x219.jpg\" alt=\"\" class=\"wp-image-14056\" srcset=\"https:\/\/infolocale.20minutes.fr\/blog\/wp-content\/uploads\/2021\/10\/MicrosoftTeams-image-2-1024x219.jpg 1024w, https:\/\/infolocale.20minutes.fr\/blog\/wp-content\/uploads\/2021\/10\/MicrosoftTeams-image-2-300x64.jpg 300w, https:\/\/infolocale.20minutes.fr\/blog\/wp-content\/uploads\/2021\/10\/MicrosoftTeams-image-2-768x164.jpg 768w, https:\/\/infolocale.20minutes.fr\/blog\/wp-content\/uploads\/2021\/10\/MicrosoftTeams-image-2-1536x328.jpg 1536w, https:\/\/infolocale.20minutes.fr\/blog\/wp-content\/uploads\/2021\/10\/MicrosoftTeams-image-2.jpg 1896w\" sizes=\"(max-width: 1024px) 100vw, 1024px\" \/><\/a><\/figure>\n\n\n\n<h2 class=\"wp-block-heading\">Reprise des ateliers de bricolage pour pr\u00e9parer le prochain T\u00e9l\u00e9thon<\/h2>\n\n\n\n<p>Les associations et leurs b\u00e9n\u00e9voles pr\u00e9parent activement cette \u00e9dition. Ils reprennent leurs travaux manuels en participant aux ateliers de : <a href=\"https:\/\/www.infolocale.fr\/associations\/espoir-vie-prinquiau-486312\/evenement-prinquiau-activite-de-loisirs-reprise-des-ateliers-de-bricolage-pour-le-telethon-7302916\">tricot<\/a>, confection de sacs tissus, ou tout autre bricolage. \u00ab&nbsp;Tous les talents sont invit\u00e9s&nbsp;!&nbsp;\u00bb<\/p>\n\n\n\n<figure class=\"wp-block-image size-full is-resized\"><img decoding=\"async\" src=\"https:\/\/www.infolocale.fr\/blog\/wp-content\/uploads\/2021\/10\/Tricot.jpg\" alt=\"\" class=\"wp-image-14130\" width=\"815\" height=\"413\" srcset=\"https:\/\/infolocale.20minutes.fr\/blog\/wp-content\/uploads\/2021\/10\/Tricot.jpg 800w, https:\/\/infolocale.20minutes.fr\/blog\/wp-content\/uploads\/2021\/10\/Tricot-300x152.jpg 300w, https:\/\/infolocale.20minutes.fr\/blog\/wp-content\/uploads\/2021\/10\/Tricot-768x389.jpg 768w\" sizes=\"(max-width: 815px) 100vw, 815px\" \/><figcaption>Reprise des ateliers de bricolage pour le T\u00e9l\u00e9thon<\/figcaption><\/figure>\n\n\n\n<p><\/p>\n\n\n\n<p>Papiers &nbsp;journaux ou publicit\u00e9s sont collect\u00e9s pour \u00eatre recycler. Des braderies et bourses sont organis\u00e9es. Tous ces \u00e9v\u00e9nements sont effectu\u00e9s au profit du T\u00e9l\u00e9thon.<\/p>\n\n\n\n<h2 class=\"wp-block-heading\">Besoin de renfort pour assurer le succ\u00e8s de votre T\u00e9l\u00e9thon 2021? <\/h2>\n\n\n\n<p>Pour alerter vos b\u00e9n\u00e9voles sur l&rsquo;urgence de se r\u00e9unir pour s&rsquo;organiser, trouver des id\u00e9es et optimiser l&rsquo;\u00e9dition 2021 de votre T\u00e9l\u00e9thon, Infolocale est le parfait vecteur pour relayer vos projets, vos besoins et participer \u00e0 votre succ\u00e8s.<\/p>\n\n\n\n<p> De nombreuses associations ont d\u00e9j\u00e0 d\u00e9pos\u00e9 leurs annonces sur Infolocale. A Argentan, \u00ab&nbsp;le premier week-end de d\u00e9cembre, les rues des villes et villages s\u2019animent \u00e0 coup de records culinaires, de d\u00e9fis sportifs ou encore de lotos et autres tombolas pour le T\u00e9l\u00e9thon. Aujourd\u2019hui, nous avons besoin de renfort pour faire du T\u00e9l\u00e9thon 2021, un succ\u00e8s !&nbsp;\u00bb<\/p>\n\n\n\n<p>Les \u00e9v\u00e9nements \u00e0 organiser sont vari\u00e9s : randonn\u00e9es, spectacles, ventes solidaires. Parmi les annonces re\u00e7ues sur le site Infolocale.fr, nous comptons d\u00e9j\u00e0 :<\/p>\n\n\n\n<ul class=\"wp-block-list\"><li>La \u00ab&nbsp;Rando toutous&nbsp;\u00bb de Saint-Brice-de-Landelles (Manche) invite \u00e0 \u00ab&nbsp;participer avec votre chien \u00e0 une marche conviviale ou tout le monde peut venir m\u00eame sans chien&nbsp;!&nbsp;\u00bb. <\/li><li>De nombreuses randonn\u00e9es, balades et marches <\/li><li>A l\u2019affiche \u00e9galement des ventes solidaires&nbsp;: le ramassage de pommes, la vente de jus de pommes, la vente de \u00ab\u00a0pommes de terre&nbsp; du T\u00e9l\u00e9thon\u00a0\u00bb, les 24 heures de p\u00eache, <\/li><li> Du th\u00e9\u00e2tre, des soir\u00e9es festives, des&nbsp; concours de belote, des tournois de p\u00e9tanque, de palets, de boules <\/li><li>Sans oublier les rallyes de motos et de voitures anciennes. <\/li><li>En Vend\u00e9e, \u00e0 Talmont-Saint-Hilaire, la conf\u00e9rence d\u2019 Alexandre Mejat, charg\u00e9 de mission aux Affaires scientifiques Internationales, fera le point sur les \u00ab<a href=\"https:\/\/evenement.telethon.fr\/2016\/saga-biotherapies-innovantes-72852\" target=\"_blank\" rel=\"noreferrer noopener\">Bioth\u00e9rapies innovantes<\/a>\u00bb -th\u00e9rapies g\u00e9nique et cellulaire, pharmacog\u00e9n\u00e9tique, cellules souches- et les espoirs qu&rsquo;elles suscitent.<\/li><\/ul>\n\n\n\n<p>Associations, b\u00e9n\u00e9voles et volontaires, participez \u00e0 cette chaine d&rsquo;espoir en organisant des \u00e9v\u00e9nements. Infolocale se charge de donner de la visibilit\u00e9 \u00e0 vos initiatives au service de la lutte contre les maladies rares. <\/p>\n","protected":false},"excerpt":{"rendered":"<p>Des associations pr\u00e9parent le T\u00e9l\u00e9thon depuis la mi-septembre. Et vous ? Le T\u00e9l\u00e9thon 2021 est pr\u00e9vu les 3 et 4 d\u00e9cembre 2021. C&rsquo;est un \u00e9v\u00e9nement [&hellip;]<\/p>\n","protected":false},"author":8,"featured_media":14070,"comment_status":"open","ping_status":"open","sticky":false,"template":"","format":"standard","meta":{"_coblocks_attr":"","_coblocks_dimensions":"","_coblocks_responsive_height":"","_coblocks_accordion_ie_support":"","_mo_disable_npp":"","footnotes":""},"categories":[6],"tags":[],"class_list":["post-14048","post","type-post","status-publish","format-standard","has-post-thumbnail","hentry","category-actu-acteurs-locaux"],"yoast_head":"<!-- This site is optimized with the Yoast SEO plugin v23.2 - https:\/\/yoast.com\/wordpress\/plugins\/seo\/ -->\n<title>Les associations pr\u00e9parent la 35\u00e8me \u00e9dition du T\u00e9l\u00e9thon |<\/title>\n<meta name=\"description\" content=\"Depuis mi-septembre, les associations pr\u00e9parent \u00a0la \u00a035\u00e8me \u00e9dition du T\u00e9l\u00e9thon, pr\u00e9vue les 3 et 4 d\u00e9cembre 2021. Elles font appel aux b\u00e9n\u00e9voles.\" \/>\n<meta name=\"robots\" content=\"index, follow, max-snippet:-1, max-image-preview:large, max-video-preview:-1\" \/>\n<link rel=\"canonical\" href=\"https:\/\/infolocale.ouest-france.fr\/blog\/les-associations-preparent-la-35eme-edition-du-telethon\/\" \/>\n<meta property=\"og:locale\" content=\"fr_FR\" \/>\n<meta property=\"og:type\" content=\"article\" \/>\n<meta property=\"og:title\" content=\"Les associations pr\u00e9parent la 35\u00e8me \u00e9dition du T\u00e9l\u00e9thon |\" \/>\n<meta property=\"og:description\" content=\"Depuis mi-septembre, les associations pr\u00e9parent \u00a0la \u00a035\u00e8me \u00e9dition du T\u00e9l\u00e9thon, pr\u00e9vue les 3 et 4 d\u00e9cembre 2021. Elles font appel aux b\u00e9n\u00e9voles.\" \/>\n<meta property=\"og:url\" content=\"https:\/\/infolocale.ouest-france.fr\/blog\/les-associations-preparent-la-35eme-edition-du-telethon\/\" \/>\n<meta property=\"article:publisher\" content=\"https:\/\/www.facebook.com\/infolocaleFR\/\" \/>\n<meta property=\"article:published_time\" content=\"2021-10-14T13:17:04+00:00\" \/>\n<meta property=\"article:modified_time\" content=\"2021-10-14T13:25:41+00:00\" \/>\n<meta property=\"og:image\" content=\"https:\/\/infolocale.ouest-france.fr\/blog\/wp-content\/uploads\/2021\/10\/Telethon-Argentan-Copie1.jpg\" \/>\n\t<meta property=\"og:image:width\" content=\"1188\" \/>\n\t<meta property=\"og:image:height\" content=\"785\" \/>\n\t<meta property=\"og:image:type\" content=\"image\/jpeg\" \/>\n<meta name=\"author\" content=\"Myl\u00e8ne\" \/>\n<meta name=\"twitter:card\" content=\"summary_large_image\" \/>\n<meta name=\"twitter:creator\" content=\"@infolocale\" \/>\n<meta name=\"twitter:site\" content=\"@infolocale\" \/>\n<meta name=\"twitter:label1\" content=\"\u00c9crit par\" \/>\n\t<meta name=\"twitter:data1\" content=\"Myl\u00e8ne\" \/>\n\t<meta name=\"twitter:label2\" content=\"Dur\u00e9e de lecture estim\u00e9e\" \/>\n\t<meta name=\"twitter:data2\" content=\"4 minutes\" \/>\n<script type=\"application\/ld+json\" class=\"yoast-schema-graph\">{\"@context\":\"https:\/\/schema.org\",\"@graph\":[{\"@type\":\"Article\",\"@id\":\"https:\/\/infolocale.ouest-france.fr\/blog\/les-associations-preparent-la-35eme-edition-du-telethon\/#article\",\"isPartOf\":{\"@id\":\"https:\/\/infolocale.ouest-france.fr\/blog\/les-associations-preparent-la-35eme-edition-du-telethon\/\"},\"author\":{\"name\":\"Myl\u00e8ne\",\"@id\":\"https:\/\/www.infolocale.fr\/blog\/#\/schema\/person\/bf2dc50c6636ffa2ce3e44ef1f9eb97f\"},\"headline\":\"Les associations pr\u00e9parent la 35\u00e8me \u00e9dition du T\u00e9l\u00e9thon\",\"datePublished\":\"2021-10-14T13:17:04+00:00\",\"dateModified\":\"2021-10-14T13:25:41+00:00\",\"mainEntityOfPage\":{\"@id\":\"https:\/\/infolocale.ouest-france.fr\/blog\/les-associations-preparent-la-35eme-edition-du-telethon\/\"},\"wordCount\":770,\"commentCount\":0,\"publisher\":{\"@id\":\"https:\/\/www.infolocale.fr\/blog\/#organization\"},\"image\":{\"@id\":\"https:\/\/infolocale.ouest-france.fr\/blog\/les-associations-preparent-la-35eme-edition-du-telethon\/#primaryimage\"},\"thumbnailUrl\":\"https:\/\/infolocale.20minutes.fr\/blog\/wp-content\/uploads\/2021\/10\/Telethon-Argentan-Copie1.jpg\",\"articleSection\":[\"En ce moment\"],\"inLanguage\":\"fr-FR\",\"potentialAction\":[{\"@type\":\"CommentAction\",\"name\":\"Comment\",\"target\":[\"https:\/\/infolocale.ouest-france.fr\/blog\/les-associations-preparent-la-35eme-edition-du-telethon\/#respond\"]}]},{\"@type\":\"WebPage\",\"@id\":\"https:\/\/infolocale.ouest-france.fr\/blog\/les-associations-preparent-la-35eme-edition-du-telethon\/\",\"url\":\"https:\/\/infolocale.ouest-france.fr\/blog\/les-associations-preparent-la-35eme-edition-du-telethon\/\",\"name\":\"Les associations pr\u00e9parent la 35\u00e8me \u00e9dition du T\u00e9l\u00e9thon |\",\"isPartOf\":{\"@id\":\"https:\/\/www.infolocale.fr\/blog\/#website\"},\"primaryImageOfPage\":{\"@id\":\"https:\/\/infolocale.ouest-france.fr\/blog\/les-associations-preparent-la-35eme-edition-du-telethon\/#primaryimage\"},\"image\":{\"@id\":\"https:\/\/infolocale.ouest-france.fr\/blog\/les-associations-preparent-la-35eme-edition-du-telethon\/#primaryimage\"},\"thumbnailUrl\":\"https:\/\/infolocale.20minutes.fr\/blog\/wp-content\/uploads\/2021\/10\/Telethon-Argentan-Copie1.jpg\",\"datePublished\":\"2021-10-14T13:17:04+00:00\",\"dateModified\":\"2021-10-14T13:25:41+00:00\",\"description\":\"Depuis mi-septembre, les associations pr\u00e9parent \u00a0la \u00a035\u00e8me \u00e9dition du T\u00e9l\u00e9thon, pr\u00e9vue les 3 et 4 d\u00e9cembre 2021. Elles font appel aux b\u00e9n\u00e9voles.\",\"breadcrumb\":{\"@id\":\"https:\/\/infolocale.ouest-france.fr\/blog\/les-associations-preparent-la-35eme-edition-du-telethon\/#breadcrumb\"},\"inLanguage\":\"fr-FR\",\"potentialAction\":[{\"@type\":\"ReadAction\",\"target\":[\"https:\/\/infolocale.ouest-france.fr\/blog\/les-associations-preparent-la-35eme-edition-du-telethon\/\"]}]},{\"@type\":\"ImageObject\",\"inLanguage\":\"fr-FR\",\"@id\":\"https:\/\/infolocale.ouest-france.fr\/blog\/les-associations-preparent-la-35eme-edition-du-telethon\/#primaryimage\",\"url\":\"https:\/\/infolocale.20minutes.fr\/blog\/wp-content\/uploads\/2021\/10\/Telethon-Argentan-Copie1.jpg\",\"contentUrl\":\"https:\/\/infolocale.20minutes.fr\/blog\/wp-content\/uploads\/2021\/10\/Telethon-Argentan-Copie1.jpg\",\"width\":1188,\"height\":785,\"caption\":\"A Argentan, le personnel de l'entreprise Magnetti-Marelli se mobilise tous\"},{\"@type\":\"BreadcrumbList\",\"@id\":\"https:\/\/infolocale.ouest-france.fr\/blog\/les-associations-preparent-la-35eme-edition-du-telethon\/#breadcrumb\",\"itemListElement\":[{\"@type\":\"ListItem\",\"position\":1,\"name\":\"Blog\",\"item\":\"https:\/\/infolocale.ouest-france.fr\/blog\/\"},{\"@type\":\"ListItem\",\"position\":2,\"name\":\"En ce moment\",\"item\":\"https:\/\/infolocale.20minutes.fr\/blog\/cat\/actu-acteurs-locaux\/\"},{\"@type\":\"ListItem\",\"position\":3,\"name\":\"Les associations pr\u00e9parent la 35\u00e8me \u00e9dition du T\u00e9l\u00e9thon\"}]},{\"@type\":\"WebSite\",\"@id\":\"https:\/\/www.infolocale.fr\/blog\/#website\",\"url\":\"https:\/\/www.infolocale.fr\/blog\/\",\"name\":\"\",\"description\":\"\",\"publisher\":{\"@id\":\"https:\/\/www.infolocale.fr\/blog\/#organization\"},\"potentialAction\":[{\"@type\":\"SearchAction\",\"target\":{\"@type\":\"EntryPoint\",\"urlTemplate\":\"https:\/\/www.infolocale.fr\/blog\/?s={search_term_string}\"},\"query-input\":\"required name=search_term_string\"}],\"inLanguage\":\"fr-FR\"},{\"@type\":\"Organization\",\"@id\":\"https:\/\/www.infolocale.fr\/blog\/#organization\",\"name\":\"Infolocale\",\"url\":\"https:\/\/www.infolocale.fr\/blog\/\",\"logo\":{\"@type\":\"ImageObject\",\"inLanguage\":\"fr-FR\",\"@id\":\"https:\/\/www.infolocale.fr\/blog\/#\/schema\/logo\/image\/\",\"url\":\"https:\/\/www.infolocale.fr\/blog\/wp-content\/uploads\/2020\/11\/logol.jpg\",\"contentUrl\":\"https:\/\/www.infolocale.fr\/blog\/wp-content\/uploads\/2020\/11\/logol.jpg\",\"width\":1031,\"height\":398,\"caption\":\"Infolocale\"},\"image\":{\"@id\":\"https:\/\/www.infolocale.fr\/blog\/#\/schema\/logo\/image\/\"},\"sameAs\":[\"https:\/\/www.facebook.com\/infolocaleFR\/\",\"https:\/\/x.com\/infolocale\",\"https:\/\/www.instagram.com\/infolocale\/\",\"https:\/\/fr.linkedin.com\/company\/infolocale\",\"https:\/\/www.youtube.com\/channel\/UCnv4FA8EYEuu_si3TGr7xeA\"]},{\"@type\":\"Person\",\"@id\":\"https:\/\/www.infolocale.fr\/blog\/#\/schema\/person\/bf2dc50c6636ffa2ce3e44ef1f9eb97f\",\"name\":\"Myl\u00e8ne\",\"image\":{\"@type\":\"ImageObject\",\"inLanguage\":\"fr-FR\",\"@id\":\"https:\/\/www.infolocale.fr\/blog\/#\/schema\/person\/image\/\",\"url\":\"https:\/\/secure.gravatar.com\/avatar\/49511f0ea4b41ed3062b218e30f07042?s=96&d=mm&r=g\",\"contentUrl\":\"https:\/\/secure.gravatar.com\/avatar\/49511f0ea4b41ed3062b218e30f07042?s=96&d=mm&r=g\",\"caption\":\"Myl\u00e8ne\"},\"url\":\"https:\/\/infolocale.20minutes.fr\/blog\/author\/mylene-michel\/\"}]}<\/script>\n<!-- \/ Yoast SEO plugin. -->","yoast_head_json":{"title":"Les associations pr\u00e9parent la 35\u00e8me \u00e9dition du T\u00e9l\u00e9thon |","description":"Depuis mi-septembre, les associations pr\u00e9parent \u00a0la \u00a035\u00e8me \u00e9dition du T\u00e9l\u00e9thon, pr\u00e9vue les 3 et 4 d\u00e9cembre 2021. Elles font appel aux b\u00e9n\u00e9voles.","robots":{"index":"index","follow":"follow","max-snippet":"max-snippet:-1","max-image-preview":"max-image-preview:large","max-video-preview":"max-video-preview:-1"},"canonical":"https:\/\/infolocale.ouest-france.fr\/blog\/les-associations-preparent-la-35eme-edition-du-telethon\/","og_locale":"fr_FR","og_type":"article","og_title":"Les associations pr\u00e9parent la 35\u00e8me \u00e9dition du T\u00e9l\u00e9thon |","og_description":"Depuis mi-septembre, les associations pr\u00e9parent \u00a0la \u00a035\u00e8me \u00e9dition du T\u00e9l\u00e9thon, pr\u00e9vue les 3 et 4 d\u00e9cembre 2021. Elles font appel aux b\u00e9n\u00e9voles.","og_url":"https:\/\/infolocale.ouest-france.fr\/blog\/les-associations-preparent-la-35eme-edition-du-telethon\/","article_publisher":"https:\/\/www.facebook.com\/infolocaleFR\/","article_published_time":"2021-10-14T13:17:04+00:00","article_modified_time":"2021-10-14T13:25:41+00:00","og_image":[{"width":1188,"height":785,"url":"https:\/\/infolocale.ouest-france.fr\/blog\/wp-content\/uploads\/2021\/10\/Telethon-Argentan-Copie1.jpg","type":"image\/jpeg"}],"author":"Myl\u00e8ne","twitter_card":"summary_large_image","twitter_creator":"@infolocale","twitter_site":"@infolocale","twitter_misc":{"\u00c9crit par":"Myl\u00e8ne","Dur\u00e9e de lecture estim\u00e9e":"4 minutes"},"schema":{"@context":"https:\/\/schema.org","@graph":[{"@type":"Article","@id":"https:\/\/infolocale.ouest-france.fr\/blog\/les-associations-preparent-la-35eme-edition-du-telethon\/#article","isPartOf":{"@id":"https:\/\/infolocale.ouest-france.fr\/blog\/les-associations-preparent-la-35eme-edition-du-telethon\/"},"author":{"name":"Myl\u00e8ne","@id":"https:\/\/www.infolocale.fr\/blog\/#\/schema\/person\/bf2dc50c6636ffa2ce3e44ef1f9eb97f"},"headline":"Les associations pr\u00e9parent la 35\u00e8me \u00e9dition du T\u00e9l\u00e9thon","datePublished":"2021-10-14T13:17:04+00:00","dateModified":"2021-10-14T13:25:41+00:00","mainEntityOfPage":{"@id":"https:\/\/infolocale.ouest-france.fr\/blog\/les-associations-preparent-la-35eme-edition-du-telethon\/"},"wordCount":770,"commentCount":0,"publisher":{"@id":"https:\/\/www.infolocale.fr\/blog\/#organization"},"image":{"@id":"https:\/\/infolocale.ouest-france.fr\/blog\/les-associations-preparent-la-35eme-edition-du-telethon\/#primaryimage"},"thumbnailUrl":"https:\/\/infolocale.20minutes.fr\/blog\/wp-content\/uploads\/2021\/10\/Telethon-Argentan-Copie1.jpg","articleSection":["En ce moment"],"inLanguage":"fr-FR","potentialAction":[{"@type":"CommentAction","name":"Comment","target":["https:\/\/infolocale.ouest-france.fr\/blog\/les-associations-preparent-la-35eme-edition-du-telethon\/#respond"]}]},{"@type":"WebPage","@id":"https:\/\/infolocale.ouest-france.fr\/blog\/les-associations-preparent-la-35eme-edition-du-telethon\/","url":"https:\/\/infolocale.ouest-france.fr\/blog\/les-associations-preparent-la-35eme-edition-du-telethon\/","name":"Les associations pr\u00e9parent la 35\u00e8me \u00e9dition du T\u00e9l\u00e9thon |","isPartOf":{"@id":"https:\/\/www.infolocale.fr\/blog\/#website"},"primaryImageOfPage":{"@id":"https:\/\/infolocale.ouest-france.fr\/blog\/les-associations-preparent-la-35eme-edition-du-telethon\/#primaryimage"},"image":{"@id":"https:\/\/infolocale.ouest-france.fr\/blog\/les-associations-preparent-la-35eme-edition-du-telethon\/#primaryimage"},"thumbnailUrl":"https:\/\/infolocale.20minutes.fr\/blog\/wp-content\/uploads\/2021\/10\/Telethon-Argentan-Copie1.jpg","datePublished":"2021-10-14T13:17:04+00:00","dateModified":"2021-10-14T13:25:41+00:00","description":"Depuis mi-septembre, les associations pr\u00e9parent \u00a0la \u00a035\u00e8me \u00e9dition du T\u00e9l\u00e9thon, pr\u00e9vue les 3 et 4 d\u00e9cembre 2021. Elles font appel aux b\u00e9n\u00e9voles.","breadcrumb":{"@id":"https:\/\/infolocale.ouest-france.fr\/blog\/les-associations-preparent-la-35eme-edition-du-telethon\/#breadcrumb"},"inLanguage":"fr-FR","potentialAction":[{"@type":"ReadAction","target":["https:\/\/infolocale.ouest-france.fr\/blog\/les-associations-preparent-la-35eme-edition-du-telethon\/"]}]},{"@type":"ImageObject","inLanguage":"fr-FR","@id":"https:\/\/infolocale.ouest-france.fr\/blog\/les-associations-preparent-la-35eme-edition-du-telethon\/#primaryimage","url":"https:\/\/infolocale.20minutes.fr\/blog\/wp-content\/uploads\/2021\/10\/Telethon-Argentan-Copie1.jpg","contentUrl":"https:\/\/infolocale.20minutes.fr\/blog\/wp-content\/uploads\/2021\/10\/Telethon-Argentan-Copie1.jpg","width":1188,"height":785,"caption":"A Argentan, le personnel de l'entreprise Magnetti-Marelli se mobilise tous"},{"@type":"BreadcrumbList","@id":"https:\/\/infolocale.ouest-france.fr\/blog\/les-associations-preparent-la-35eme-edition-du-telethon\/#breadcrumb","itemListElement":[{"@type":"ListItem","position":1,"name":"Blog","item":"https:\/\/infolocale.ouest-france.fr\/blog\/"},{"@type":"ListItem","position":2,"name":"En ce moment","item":"https:\/\/infolocale.20minutes.fr\/blog\/cat\/actu-acteurs-locaux\/"},{"@type":"ListItem","position":3,"name":"Les associations pr\u00e9parent la 35\u00e8me \u00e9dition du T\u00e9l\u00e9thon"}]},{"@type":"WebSite","@id":"https:\/\/www.infolocale.fr\/blog\/#website","url":"https:\/\/www.infolocale.fr\/blog\/","name":"","description":"","publisher":{"@id":"https:\/\/www.infolocale.fr\/blog\/#organization"},"potentialAction":[{"@type":"SearchAction","target":{"@type":"EntryPoint","urlTemplate":"https:\/\/www.infolocale.fr\/blog\/?s={search_term_string}"},"query-input":"required name=search_term_string"}],"inLanguage":"fr-FR"},{"@type":"Organization","@id":"https:\/\/www.infolocale.fr\/blog\/#organization","name":"Infolocale","url":"https:\/\/www.infolocale.fr\/blog\/","logo":{"@type":"ImageObject","inLanguage":"fr-FR","@id":"https:\/\/www.infolocale.fr\/blog\/#\/schema\/logo\/image\/","url":"https:\/\/www.infolocale.fr\/blog\/wp-content\/uploads\/2020\/11\/logol.jpg","contentUrl":"https:\/\/www.infolocale.fr\/blog\/wp-content\/uploads\/2020\/11\/logol.jpg","width":1031,"height":398,"caption":"Infolocale"},"image":{"@id":"https:\/\/www.infolocale.fr\/blog\/#\/schema\/logo\/image\/"},"sameAs":["https:\/\/www.facebook.com\/infolocaleFR\/","https:\/\/x.com\/infolocale","https:\/\/www.instagram.com\/infolocale\/","https:\/\/fr.linkedin.com\/company\/infolocale","https:\/\/www.youtube.com\/channel\/UCnv4FA8EYEuu_si3TGr7xeA"]},{"@type":"Person","@id":"https:\/\/www.infolocale.fr\/blog\/#\/schema\/person\/bf2dc50c6636ffa2ce3e44ef1f9eb97f","name":"Myl\u00e8ne","image":{"@type":"ImageObject","inLanguage":"fr-FR","@id":"https:\/\/www.infolocale.fr\/blog\/#\/schema\/person\/image\/","url":"https:\/\/secure.gravatar.com\/avatar\/49511f0ea4b41ed3062b218e30f07042?s=96&d=mm&r=g","contentUrl":"https:\/\/secure.gravatar.com\/avatar\/49511f0ea4b41ed3062b218e30f07042?s=96&d=mm&r=g","caption":"Myl\u00e8ne"},"url":"https:\/\/infolocale.20minutes.fr\/blog\/author\/mylene-michel\/"}]}},"_links":{"self":[{"href":"https:\/\/infolocale.20minutes.fr\/blog\/wp-json\/wp\/v2\/posts\/14048"}],"collection":[{"href":"https:\/\/infolocale.20minutes.fr\/blog\/wp-json\/wp\/v2\/posts"}],"about":[{"href":"https:\/\/infolocale.20minutes.fr\/blog\/wp-json\/wp\/v2\/types\/post"}],"author":[{"embeddable":true,"href":"https:\/\/infolocale.20minutes.fr\/blog\/wp-json\/wp\/v2\/users\/8"}],"replies":[{"embeddable":true,"href":"https:\/\/infolocale.20minutes.fr\/blog\/wp-json\/wp\/v2\/comments?post=14048"}],"version-history":[{"count":0,"href":"https:\/\/infolocale.20minutes.fr\/blog\/wp-json\/wp\/v2\/posts\/14048\/revisions"}],"wp:featuredmedia":[{"embeddable":true,"href":"https:\/\/infolocale.20minutes.fr\/blog\/wp-json\/wp\/v2\/media\/14070"}],"wp:attachment":[{"href":"https:\/\/infolocale.20minutes.fr\/blog\/wp-json\/wp\/v2\/media?parent=14048"}],"wp:term":[{"taxonomy":"category","embeddable":true,"href":"https:\/\/infolocale.20minutes.fr\/blog\/wp-json\/wp\/v2\/categories?post=14048"},{"taxonomy":"post_tag","embeddable":true,"href":"https:\/\/infolocale.20minutes.fr\/blog\/wp-json\/wp\/v2\/tags?post=14048"}],"curies":[{"name":"wp","href":"https:\/\/api.w.org\/{rel}","templated":true}]}}