{"id":14031,"date":"2021-10-06T11:28:04","date_gmt":"2021-10-06T09:28:04","guid":{"rendered":"https:\/\/www.infolocale.fr\/blog\/?p=14031"},"modified":"2022-03-09T10:35:47","modified_gmt":"2022-03-09T09:35:47","slug":"responsabilite-financiere-association-loi-du-1er-juillet-2021","status":"publish","type":"post","link":"https:\/\/infolocale.20minutes.fr\/blog\/responsabilite-financiere-association-loi-du-1er-juillet-2021\/","title":{"rendered":"Droit : la responsabilit\u00e9 financi\u00e8re des dirigeants d\u2019associations all\u00e9g\u00e9e"},"content":{"rendered":"\n<h2 class=\"wp-block-heading\">Responsabilit\u00e9 financi\u00e8re : les risques encourus par les&nbsp;dirigeants&nbsp;d\u2019associations&nbsp;&nbsp;<\/h2>\n\n\n\n<p>Nous avions abord\u00e9 le sujet dans notre article sur la&nbsp;<a href=\"https:\/\/www.infolocale.fr\/blog\/responsabilite-penale-civile-association\/\">responsabilit\u00e9 p\u00e9nale des dirigeants d&rsquo;associations<\/a>.&nbsp;Pour rappel, dans ce domaine, les dirigeants ne sont pas responsables des fautes de gestion de leur association. N\u00e9anmoins, ils peuvent, dans certains cas,&nbsp;en&nbsp;endosser la responsabilit\u00e9.&nbsp;<\/p>\n\n\n\n<p>Ce pourra par exemple \u00eatre le cas : <\/p>\n\n\n\n<ul class=\"wp-block-list\"><li>lors d\u2019un redressement fiscal, <\/li><li>d\u2019une liquidation <\/li><li>ou si le responsable est reconnu coupable de fraude fiscale.&nbsp;<\/li><\/ul>\n\n\n\n<p>Dans ces domaines, en cas de faute reconnue, l\u2019auteur des faits peut \u00eatre contraint de supporter personnellement&nbsp;le recouvrement des dettes entrain\u00e9es.<\/p>\n\n\n\n<p>C&rsquo;est un \u00e9l\u00e9ments important que tout responsable d&rsquo;association doit avoir en t\u00eate au moment de prendre des d\u00e9cisions pouvant avoir des cons\u00e9quences sur les finances d&rsquo;une association. Vous pouvez avoir \u00e0 rembourser les dettes de votre association. <\/p>\n\n\n\n<h2 class=\"wp-block-heading\">Ce que dit la loi du 1er juillet 2021&nbsp;<\/h2>\n\n\n\n<p>La loi du 1er juillet cherche \u00e0 att\u00e9nuer cette responsabilit\u00e9 financi\u00e8re.&nbsp;Dans les faits, le texte apporte des modifications \u00e0 l\u2019article L651-2 du code du commerce. En changeant la mention \u00ab\u00a0soci\u00e9t\u00e9\u00a0\u00bb par \u00ab\u00a0personne morale\u00a0\u00bb et en ajoutant la phrase suivante.<\/p>\n\n\n\n<p class=\"has-black-color has-text-color has-background\" style=\"background-color:#a1d5f5\"><em>Lorsque la liquidation judiciaire concerne une association r\u00e9gie par la loi du 1er juillet 1901 [&#8230;] et non assujettie \u00e0 l&rsquo;imp\u00f4t sur les soci\u00e9t\u00e9s [&#8230;] le tribunal appr\u00e9cie l&rsquo;existence d&rsquo;une faute de gestion au regard de la qualit\u00e9 de b\u00e9n\u00e9vole du dirigeant.<\/em><br><br>Article L.651-2 du code de commerce modifi\u00e9 par la loi n\u00b0 2021-874 du 1er juillet 2021<\/p>\n\n\n\n<p>Ces modifications rendent ainsi le texte valide pour les associations. De plus, il demande aux tribunaux&nbsp;d\u2019\u00e9tudier les liquidations judiciaires de personnes morales&nbsp;au regard de la qualit\u00e9 de b\u00e9n\u00e9vole de leurs dirigeants.&nbsp;L&rsquo;objectif ici est d&rsquo;all\u00e9ger les risques encourus pour les fautes involontaires de gestion. Cependant, cette nouvelle loi laisse une large part au tribunal sur la mani\u00e8re que celui-ci aura de l&rsquo;interpr\u00e9ter.&nbsp;&nbsp;&nbsp;<\/p>\n","protected":false},"excerpt":{"rendered":"<p>Responsabilit\u00e9 financi\u00e8re : les risques encourus par les&nbsp;dirigeants&nbsp;d\u2019associations&nbsp;&nbsp; Nous avions abord\u00e9 le sujet dans notre article sur la&nbsp;responsabilit\u00e9 p\u00e9nale des dirigeants d&rsquo;associations.&nbsp;Pour rappel, dans ce [&hellip;]<\/p>\n","protected":false},"author":2,"featured_media":14032,"comment_status":"open","ping_status":"open","sticky":false,"template":"","format":"standard","meta":{"_coblocks_attr":"","_coblocks_dimensions":"","_coblocks_responsive_height":"","_coblocks_accordion_ie_support":"","_mo_disable_npp":"","footnotes":""},"categories":[6],"tags":[103],"class_list":["post-14031","post","type-post","status-publish","format-standard","has-post-thumbnail","hentry","category-actu-acteurs-locaux","tag-responsabilite"],"yoast_head":"<!-- This site is optimized with the Yoast SEO plugin v23.2 - https:\/\/yoast.com\/wordpress\/plugins\/seo\/ -->\n<title>Droit : la responsabilit\u00e9 financi\u00e8re des dirigeants d\u2019associations all\u00e9g\u00e9e |<\/title>\n<meta name=\"robots\" content=\"index, follow, max-snippet:-1, max-image-preview:large, max-video-preview:-1\" \/>\n<link rel=\"canonical\" href=\"https:\/\/infolocale.ouest-france.fr\/blog\/responsabilite-financiere-association-loi-du-1er-juillet-2021\/\" \/>\n<meta property=\"og:locale\" content=\"fr_FR\" \/>\n<meta property=\"og:type\" content=\"article\" \/>\n<meta property=\"og:title\" content=\"Droit : la responsabilit\u00e9 financi\u00e8re des dirigeants d\u2019associations all\u00e9g\u00e9e |\" \/>\n<meta property=\"og:description\" content=\"Responsabilit\u00e9 financi\u00e8re : les risques encourus par les&nbsp;dirigeants&nbsp;d\u2019associations&nbsp;&nbsp; Nous avions abord\u00e9 le sujet dans notre article sur la&nbsp;responsabilit\u00e9 p\u00e9nale des dirigeants d&rsquo;associations.&nbsp;Pour rappel, dans ce [&hellip;]\" \/>\n<meta property=\"og:url\" content=\"https:\/\/infolocale.ouest-france.fr\/blog\/responsabilite-financiere-association-loi-du-1er-juillet-2021\/\" \/>\n<meta property=\"article:publisher\" content=\"https:\/\/www.facebook.com\/infolocaleFR\/\" \/>\n<meta property=\"article:published_time\" content=\"2021-10-06T09:28:04+00:00\" \/>\n<meta property=\"article:modified_time\" content=\"2022-03-09T09:35:47+00:00\" \/>\n<meta property=\"og:image\" content=\"https:\/\/infolocale.ouest-france.fr\/blog\/wp-content\/uploads\/2021\/10\/juillet2021.jpg\" \/>\n\t<meta property=\"og:image:width\" content=\"900\" \/>\n\t<meta property=\"og:image:height\" content=\"630\" \/>\n\t<meta property=\"og:image:type\" content=\"image\/jpeg\" \/>\n<meta name=\"author\" content=\"Morgan\" \/>\n<meta name=\"twitter:card\" content=\"summary_large_image\" \/>\n<meta name=\"twitter:creator\" content=\"@infolocale\" \/>\n<meta name=\"twitter:site\" content=\"@infolocale\" \/>\n<meta name=\"twitter:label1\" content=\"\u00c9crit par\" \/>\n\t<meta name=\"twitter:data1\" content=\"Morgan\" \/>\n\t<meta name=\"twitter:label2\" content=\"Dur\u00e9e de lecture estim\u00e9e\" \/>\n\t<meta name=\"twitter:data2\" content=\"2 minutes\" \/>\n<script type=\"application\/ld+json\" class=\"yoast-schema-graph\">{\"@context\":\"https:\/\/schema.org\",\"@graph\":[{\"@type\":\"Article\",\"@id\":\"https:\/\/infolocale.ouest-france.fr\/blog\/responsabilite-financiere-association-loi-du-1er-juillet-2021\/#article\",\"isPartOf\":{\"@id\":\"https:\/\/infolocale.ouest-france.fr\/blog\/responsabilite-financiere-association-loi-du-1er-juillet-2021\/\"},\"author\":{\"name\":\"Morgan\",\"@id\":\"https:\/\/www.infolocale.fr\/blog\/#\/schema\/person\/f0f748ece99417833166b3ba8890f3db\"},\"headline\":\"Droit : la responsabilit\u00e9 financi\u00e8re des dirigeants d\u2019associations all\u00e9g\u00e9e\",\"datePublished\":\"2021-10-06T09:28:04+00:00\",\"dateModified\":\"2022-03-09T09:35:47+00:00\",\"mainEntityOfPage\":{\"@id\":\"https:\/\/infolocale.ouest-france.fr\/blog\/responsabilite-financiere-association-loi-du-1er-juillet-2021\/\"},\"wordCount\":358,\"commentCount\":0,\"publisher\":{\"@id\":\"https:\/\/www.infolocale.fr\/blog\/#organization\"},\"image\":{\"@id\":\"https:\/\/infolocale.ouest-france.fr\/blog\/responsabilite-financiere-association-loi-du-1er-juillet-2021\/#primaryimage\"},\"thumbnailUrl\":\"https:\/\/infolocale.20minutes.fr\/blog\/wp-content\/uploads\/2021\/10\/juillet2021.jpg\",\"keywords\":[\"Responsabilit\u00e9\"],\"articleSection\":[\"En ce moment\"],\"inLanguage\":\"fr-FR\",\"potentialAction\":[{\"@type\":\"CommentAction\",\"name\":\"Comment\",\"target\":[\"https:\/\/infolocale.ouest-france.fr\/blog\/responsabilite-financiere-association-loi-du-1er-juillet-2021\/#respond\"]}]},{\"@type\":\"WebPage\",\"@id\":\"https:\/\/infolocale.ouest-france.fr\/blog\/responsabilite-financiere-association-loi-du-1er-juillet-2021\/\",\"url\":\"https:\/\/infolocale.ouest-france.fr\/blog\/responsabilite-financiere-association-loi-du-1er-juillet-2021\/\",\"name\":\"Droit : la responsabilit\u00e9 financi\u00e8re des dirigeants d\u2019associations all\u00e9g\u00e9e |\",\"isPartOf\":{\"@id\":\"https:\/\/www.infolocale.fr\/blog\/#website\"},\"primaryImageOfPage\":{\"@id\":\"https:\/\/infolocale.ouest-france.fr\/blog\/responsabilite-financiere-association-loi-du-1er-juillet-2021\/#primaryimage\"},\"image\":{\"@id\":\"https:\/\/infolocale.ouest-france.fr\/blog\/responsabilite-financiere-association-loi-du-1er-juillet-2021\/#primaryimage\"},\"thumbnailUrl\":\"https:\/\/infolocale.20minutes.fr\/blog\/wp-content\/uploads\/2021\/10\/juillet2021.jpg\",\"datePublished\":\"2021-10-06T09:28:04+00:00\",\"dateModified\":\"2022-03-09T09:35:47+00:00\",\"breadcrumb\":{\"@id\":\"https:\/\/infolocale.ouest-france.fr\/blog\/responsabilite-financiere-association-loi-du-1er-juillet-2021\/#breadcrumb\"},\"inLanguage\":\"fr-FR\",\"potentialAction\":[{\"@type\":\"ReadAction\",\"target\":[\"https:\/\/infolocale.ouest-france.fr\/blog\/responsabilite-financiere-association-loi-du-1er-juillet-2021\/\"]}]},{\"@type\":\"ImageObject\",\"inLanguage\":\"fr-FR\",\"@id\":\"https:\/\/infolocale.ouest-france.fr\/blog\/responsabilite-financiere-association-loi-du-1er-juillet-2021\/#primaryimage\",\"url\":\"https:\/\/infolocale.20minutes.fr\/blog\/wp-content\/uploads\/2021\/10\/juillet2021.jpg\",\"contentUrl\":\"https:\/\/infolocale.20minutes.fr\/blog\/wp-content\/uploads\/2021\/10\/juillet2021.jpg\",\"width\":900,\"height\":630,\"caption\":\"droit des associations 2021-874 du 1er juillet 2021\"},{\"@type\":\"BreadcrumbList\",\"@id\":\"https:\/\/infolocale.ouest-france.fr\/blog\/responsabilite-financiere-association-loi-du-1er-juillet-2021\/#breadcrumb\",\"itemListElement\":[{\"@type\":\"ListItem\",\"position\":1,\"name\":\"Blog\",\"item\":\"https:\/\/infolocale.ouest-france.fr\/blog\/\"},{\"@type\":\"ListItem\",\"position\":2,\"name\":\"En ce moment\",\"item\":\"https:\/\/infolocale.20minutes.fr\/blog\/cat\/actu-acteurs-locaux\/\"},{\"@type\":\"ListItem\",\"position\":3,\"name\":\"Droit : la responsabilit\u00e9 financi\u00e8re des dirigeants d\u2019associations all\u00e9g\u00e9e\"}]},{\"@type\":\"WebSite\",\"@id\":\"https:\/\/www.infolocale.fr\/blog\/#website\",\"url\":\"https:\/\/www.infolocale.fr\/blog\/\",\"name\":\"\",\"description\":\"\",\"publisher\":{\"@id\":\"https:\/\/www.infolocale.fr\/blog\/#organization\"},\"potentialAction\":[{\"@type\":\"SearchAction\",\"target\":{\"@type\":\"EntryPoint\",\"urlTemplate\":\"https:\/\/www.infolocale.fr\/blog\/?s={search_term_string}\"},\"query-input\":\"required name=search_term_string\"}],\"inLanguage\":\"fr-FR\"},{\"@type\":\"Organization\",\"@id\":\"https:\/\/www.infolocale.fr\/blog\/#organization\",\"name\":\"Infolocale\",\"url\":\"https:\/\/www.infolocale.fr\/blog\/\",\"logo\":{\"@type\":\"ImageObject\",\"inLanguage\":\"fr-FR\",\"@id\":\"https:\/\/www.infolocale.fr\/blog\/#\/schema\/logo\/image\/\",\"url\":\"https:\/\/www.infolocale.fr\/blog\/wp-content\/uploads\/2020\/11\/logol.jpg\",\"contentUrl\":\"https:\/\/www.infolocale.fr\/blog\/wp-content\/uploads\/2020\/11\/logol.jpg\",\"width\":1031,\"height\":398,\"caption\":\"Infolocale\"},\"image\":{\"@id\":\"https:\/\/www.infolocale.fr\/blog\/#\/schema\/logo\/image\/\"},\"sameAs\":[\"https:\/\/www.facebook.com\/infolocaleFR\/\",\"https:\/\/x.com\/infolocale\",\"https:\/\/www.instagram.com\/infolocale\/\",\"https:\/\/fr.linkedin.com\/company\/infolocale\",\"https:\/\/www.youtube.com\/channel\/UCnv4FA8EYEuu_si3TGr7xeA\"]},{\"@type\":\"Person\",\"@id\":\"https:\/\/www.infolocale.fr\/blog\/#\/schema\/person\/f0f748ece99417833166b3ba8890f3db\",\"name\":\"Morgan\",\"image\":{\"@type\":\"ImageObject\",\"inLanguage\":\"fr-FR\",\"@id\":\"https:\/\/www.infolocale.fr\/blog\/#\/schema\/person\/image\/\",\"url\":\"https:\/\/secure.gravatar.com\/avatar\/a22ec2a0cc817ae9fa3ff7341a213632?s=96&d=mm&r=g\",\"contentUrl\":\"https:\/\/secure.gravatar.com\/avatar\/a22ec2a0cc817ae9fa3ff7341a213632?s=96&d=mm&r=g\",\"caption\":\"Morgan\"},\"url\":\"https:\/\/infolocale.20minutes.fr\/blog\/author\/morgan-delepine\/\"}]}<\/script>\n<!-- \/ Yoast SEO plugin. -->","yoast_head_json":{"title":"Droit : la responsabilit\u00e9 financi\u00e8re des dirigeants d\u2019associations all\u00e9g\u00e9e |","robots":{"index":"index","follow":"follow","max-snippet":"max-snippet:-1","max-image-preview":"max-image-preview:large","max-video-preview":"max-video-preview:-1"},"canonical":"https:\/\/infolocale.ouest-france.fr\/blog\/responsabilite-financiere-association-loi-du-1er-juillet-2021\/","og_locale":"fr_FR","og_type":"article","og_title":"Droit : la responsabilit\u00e9 financi\u00e8re des dirigeants d\u2019associations all\u00e9g\u00e9e |","og_description":"Responsabilit\u00e9 financi\u00e8re : les risques encourus par les&nbsp;dirigeants&nbsp;d\u2019associations&nbsp;&nbsp; Nous avions abord\u00e9 le sujet dans notre article sur la&nbsp;responsabilit\u00e9 p\u00e9nale des dirigeants d&rsquo;associations.&nbsp;Pour rappel, dans ce [&hellip;]","og_url":"https:\/\/infolocale.ouest-france.fr\/blog\/responsabilite-financiere-association-loi-du-1er-juillet-2021\/","article_publisher":"https:\/\/www.facebook.com\/infolocaleFR\/","article_published_time":"2021-10-06T09:28:04+00:00","article_modified_time":"2022-03-09T09:35:47+00:00","og_image":[{"width":900,"height":630,"url":"https:\/\/infolocale.ouest-france.fr\/blog\/wp-content\/uploads\/2021\/10\/juillet2021.jpg","type":"image\/jpeg"}],"author":"Morgan","twitter_card":"summary_large_image","twitter_creator":"@infolocale","twitter_site":"@infolocale","twitter_misc":{"\u00c9crit par":"Morgan","Dur\u00e9e de lecture estim\u00e9e":"2 minutes"},"schema":{"@context":"https:\/\/schema.org","@graph":[{"@type":"Article","@id":"https:\/\/infolocale.ouest-france.fr\/blog\/responsabilite-financiere-association-loi-du-1er-juillet-2021\/#article","isPartOf":{"@id":"https:\/\/infolocale.ouest-france.fr\/blog\/responsabilite-financiere-association-loi-du-1er-juillet-2021\/"},"author":{"name":"Morgan","@id":"https:\/\/www.infolocale.fr\/blog\/#\/schema\/person\/f0f748ece99417833166b3ba8890f3db"},"headline":"Droit : la responsabilit\u00e9 financi\u00e8re des dirigeants d\u2019associations all\u00e9g\u00e9e","datePublished":"2021-10-06T09:28:04+00:00","dateModified":"2022-03-09T09:35:47+00:00","mainEntityOfPage":{"@id":"https:\/\/infolocale.ouest-france.fr\/blog\/responsabilite-financiere-association-loi-du-1er-juillet-2021\/"},"wordCount":358,"commentCount":0,"publisher":{"@id":"https:\/\/www.infolocale.fr\/blog\/#organization"},"image":{"@id":"https:\/\/infolocale.ouest-france.fr\/blog\/responsabilite-financiere-association-loi-du-1er-juillet-2021\/#primaryimage"},"thumbnailUrl":"https:\/\/infolocale.20minutes.fr\/blog\/wp-content\/uploads\/2021\/10\/juillet2021.jpg","keywords":["Responsabilit\u00e9"],"articleSection":["En ce moment"],"inLanguage":"fr-FR","potentialAction":[{"@type":"CommentAction","name":"Comment","target":["https:\/\/infolocale.ouest-france.fr\/blog\/responsabilite-financiere-association-loi-du-1er-juillet-2021\/#respond"]}]},{"@type":"WebPage","@id":"https:\/\/infolocale.ouest-france.fr\/blog\/responsabilite-financiere-association-loi-du-1er-juillet-2021\/","url":"https:\/\/infolocale.ouest-france.fr\/blog\/responsabilite-financiere-association-loi-du-1er-juillet-2021\/","name":"Droit : la responsabilit\u00e9 financi\u00e8re des dirigeants d\u2019associations all\u00e9g\u00e9e |","isPartOf":{"@id":"https:\/\/www.infolocale.fr\/blog\/#website"},"primaryImageOfPage":{"@id":"https:\/\/infolocale.ouest-france.fr\/blog\/responsabilite-financiere-association-loi-du-1er-juillet-2021\/#primaryimage"},"image":{"@id":"https:\/\/infolocale.ouest-france.fr\/blog\/responsabilite-financiere-association-loi-du-1er-juillet-2021\/#primaryimage"},"thumbnailUrl":"https:\/\/infolocale.20minutes.fr\/blog\/wp-content\/uploads\/2021\/10\/juillet2021.jpg","datePublished":"2021-10-06T09:28:04+00:00","dateModified":"2022-03-09T09:35:47+00:00","breadcrumb":{"@id":"https:\/\/infolocale.ouest-france.fr\/blog\/responsabilite-financiere-association-loi-du-1er-juillet-2021\/#breadcrumb"},"inLanguage":"fr-FR","potentialAction":[{"@type":"ReadAction","target":["https:\/\/infolocale.ouest-france.fr\/blog\/responsabilite-financiere-association-loi-du-1er-juillet-2021\/"]}]},{"@type":"ImageObject","inLanguage":"fr-FR","@id":"https:\/\/infolocale.ouest-france.fr\/blog\/responsabilite-financiere-association-loi-du-1er-juillet-2021\/#primaryimage","url":"https:\/\/infolocale.20minutes.fr\/blog\/wp-content\/uploads\/2021\/10\/juillet2021.jpg","contentUrl":"https:\/\/infolocale.20minutes.fr\/blog\/wp-content\/uploads\/2021\/10\/juillet2021.jpg","width":900,"height":630,"caption":"droit des associations 2021-874 du 1er juillet 2021"},{"@type":"BreadcrumbList","@id":"https:\/\/infolocale.ouest-france.fr\/blog\/responsabilite-financiere-association-loi-du-1er-juillet-2021\/#breadcrumb","itemListElement":[{"@type":"ListItem","position":1,"name":"Blog","item":"https:\/\/infolocale.ouest-france.fr\/blog\/"},{"@type":"ListItem","position":2,"name":"En ce moment","item":"https:\/\/infolocale.20minutes.fr\/blog\/cat\/actu-acteurs-locaux\/"},{"@type":"ListItem","position":3,"name":"Droit : la responsabilit\u00e9 financi\u00e8re des dirigeants d\u2019associations all\u00e9g\u00e9e"}]},{"@type":"WebSite","@id":"https:\/\/www.infolocale.fr\/blog\/#website","url":"https:\/\/www.infolocale.fr\/blog\/","name":"","description":"","publisher":{"@id":"https:\/\/www.infolocale.fr\/blog\/#organization"},"potentialAction":[{"@type":"SearchAction","target":{"@type":"EntryPoint","urlTemplate":"https:\/\/www.infolocale.fr\/blog\/?s={search_term_string}"},"query-input":"required name=search_term_string"}],"inLanguage":"fr-FR"},{"@type":"Organization","@id":"https:\/\/www.infolocale.fr\/blog\/#organization","name":"Infolocale","url":"https:\/\/www.infolocale.fr\/blog\/","logo":{"@type":"ImageObject","inLanguage":"fr-FR","@id":"https:\/\/www.infolocale.fr\/blog\/#\/schema\/logo\/image\/","url":"https:\/\/www.infolocale.fr\/blog\/wp-content\/uploads\/2020\/11\/logol.jpg","contentUrl":"https:\/\/www.infolocale.fr\/blog\/wp-content\/uploads\/2020\/11\/logol.jpg","width":1031,"height":398,"caption":"Infolocale"},"image":{"@id":"https:\/\/www.infolocale.fr\/blog\/#\/schema\/logo\/image\/"},"sameAs":["https:\/\/www.facebook.com\/infolocaleFR\/","https:\/\/x.com\/infolocale","https:\/\/www.instagram.com\/infolocale\/","https:\/\/fr.linkedin.com\/company\/infolocale","https:\/\/www.youtube.com\/channel\/UCnv4FA8EYEuu_si3TGr7xeA"]},{"@type":"Person","@id":"https:\/\/www.infolocale.fr\/blog\/#\/schema\/person\/f0f748ece99417833166b3ba8890f3db","name":"Morgan","image":{"@type":"ImageObject","inLanguage":"fr-FR","@id":"https:\/\/www.infolocale.fr\/blog\/#\/schema\/person\/image\/","url":"https:\/\/secure.gravatar.com\/avatar\/a22ec2a0cc817ae9fa3ff7341a213632?s=96&d=mm&r=g","contentUrl":"https:\/\/secure.gravatar.com\/avatar\/a22ec2a0cc817ae9fa3ff7341a213632?s=96&d=mm&r=g","caption":"Morgan"},"url":"https:\/\/infolocale.20minutes.fr\/blog\/author\/morgan-delepine\/"}]}},"_links":{"self":[{"href":"https:\/\/infolocale.20minutes.fr\/blog\/wp-json\/wp\/v2\/posts\/14031"}],"collection":[{"href":"https:\/\/infolocale.20minutes.fr\/blog\/wp-json\/wp\/v2\/posts"}],"about":[{"href":"https:\/\/infolocale.20minutes.fr\/blog\/wp-json\/wp\/v2\/types\/post"}],"author":[{"embeddable":true,"href":"https:\/\/infolocale.20minutes.fr\/blog\/wp-json\/wp\/v2\/users\/2"}],"replies":[{"embeddable":true,"href":"https:\/\/infolocale.20minutes.fr\/blog\/wp-json\/wp\/v2\/comments?post=14031"}],"version-history":[{"count":0,"href":"https:\/\/infolocale.20minutes.fr\/blog\/wp-json\/wp\/v2\/posts\/14031\/revisions"}],"wp:featuredmedia":[{"embeddable":true,"href":"https:\/\/infolocale.20minutes.fr\/blog\/wp-json\/wp\/v2\/media\/14032"}],"wp:attachment":[{"href":"https:\/\/infolocale.20minutes.fr\/blog\/wp-json\/wp\/v2\/media?parent=14031"}],"wp:term":[{"taxonomy":"category","embeddable":true,"href":"https:\/\/infolocale.20minutes.fr\/blog\/wp-json\/wp\/v2\/categories?post=14031"},{"taxonomy":"post_tag","embeddable":true,"href":"https:\/\/infolocale.20minutes.fr\/blog\/wp-json\/wp\/v2\/tags?post=14031"}],"curies":[{"name":"wp","href":"https:\/\/api.w.org\/{rel}","templated":true}]}}