{"id":13956,"date":"2021-10-01T16:30:56","date_gmt":"2021-10-01T14:30:56","guid":{"rendered":"https:\/\/www.infolocale.fr\/blog\/?p=13956"},"modified":"2021-10-07T15:38:28","modified_gmt":"2021-10-07T13:38:28","slug":"fete-de-la-science","status":"publish","type":"post","link":"https:\/\/infolocale.20minutes.fr\/blog\/fete-de-la-science\/","title":{"rendered":"F\u00eate de la science 2021 : communiquez vos \u00e9v\u00e9nements sur Infolocale"},"content":{"rendered":"\n<p>Cette ann\u00e9e la f\u00eate de la science&nbsp;c\u00e9l\u00e8bre&nbsp;ses 30 ans&nbsp;du 1er au 11 octobre 2021.&nbsp;<\/p>\n\n\n\n<p>Ce sera l\u2019occasion d\u2019apprendre,&nbsp;de mani\u00e8re ludique, gr\u00e2ce&nbsp;\u00e0 de nombreux \u00e9v\u00e8nements partout en France.&nbsp;<\/p>\n\n\n\n<p>Ainsi,&nbsp;pour cette \u00e9dition 2021,&nbsp;nous&nbsp;vous proposons&nbsp;de communiquer aupr\u00e8s d\u2019un large public en partageant&nbsp;vos&nbsp;\u00e9v\u00e8nements, ateliers,&nbsp;conf\u00e9rences,&nbsp;jeux et autres d\u00e9bats organis\u00e9 en contexte de la f\u00eate de la science.&nbsp;<\/p>\n\n\n\n<p>Pour cela nous vous invitons \u00e0 partager vos \u00e9v\u00e8nements&nbsp;sur le site&nbsp;<a href=\"https:\/\/www.infolocale.fr\/decouvrir\/?utm_source=blog&amp;utm_medium=banner&amp;utm_campaign=blog-content\" target=\"_blank\" rel=\"noreferrer noopener\">Infolocale<\/a>.<\/p>\n\n\n\n<div class=\"wp-block-columns is-layout-flex wp-container-core-columns-is-layout-1 wp-block-columns-is-layout-flex\">\n<div class=\"wp-block-column is-layout-flow wp-block-column-is-layout-flow\">\n<div class=\"wp-block-buttons is-layout-flex wp-block-buttons-is-layout-flex\">\n<div class=\"wp-block-button\"><a class=\"wp-block-button__link has-luminous-vivid-amber-background-color has-background\" href=\"https:\/\/www.infolocale.fr\/decouvrir\/?utm_source=blog&amp;utm_medium=banner&amp;utm_campaign=blog-content\"> D\u00e9posez ici votre annonce sur Infolocale <\/a><\/div>\n<\/div>\n<\/div>\n<\/div>\n\n\n\n<h2 class=\"wp-block-heading\">L\u2019histoire de la f\u00eate de la science&nbsp;<\/h2>\n\n\n\n<p>La f\u00eate de la science&nbsp;est&nbsp;cr\u00e9\u00e9e&nbsp;en&nbsp;1991&nbsp;\u00e0 l\u2019initiative du minist\u00e8re&nbsp;de la Recherche et de l\u2019Espace&nbsp;dans le but&nbsp;de&nbsp;communiquer aupr\u00e8s du grand public sur les innovations scientifiques.&nbsp;<\/p>\n\n\n\n<p>Tr\u00e8s rapidement, cette manifestation&nbsp;devient nationale&nbsp;et se d\u00e9veloppe&nbsp;avec de nombreuses portes ouvertes organis\u00e9es chaque ann\u00e9e.&nbsp;Les formats&nbsp;\u00e9voluent et se multiplient pour proposer un large panel d\u2019activit\u00e9s&nbsp;sur des th\u00e9matiques scientifiques telles que l\u2019arch\u00e9ologie, l\u2019astronomie, la technologie, la biologie, les \u00e9cosyst\u00e8mes, la physique, l\u2019\u00e9lectronique, l\u2019informatique et bien d\u2019autres.&nbsp;<\/p>\n\n\n\n<p>La f\u00eate de la science&nbsp;permet chaque ann\u00e9e&nbsp;de mettre en lumi\u00e8re le rayonnement de la&nbsp;culture scientifique fran\u00e7aise&nbsp;au travers des derni\u00e8res innovations&nbsp;et d&rsquo;avanc\u00e9es majeures.&nbsp;&nbsp;<\/p>\n\n\n\n<h2 class=\"wp-block-heading\">Comment communiquer&nbsp;sur vos \u00e9v\u00e8nements&nbsp;?&nbsp;&nbsp;<\/h2>\n\n\n\n<p>Cette ann\u00e9e&nbsp;plus de 60&nbsp;annonces&nbsp;ont \u00e9t\u00e9s publi\u00e9es sur notre site \u00e0 l\u2019occasion de cette \u00e9dition de la f\u00eate&nbsp;de la science.&nbsp;<\/p>\n\n\n\n<p>Alors, pour vous aider \u00e0 communiquer sur vos \u00e9v\u00e8nements nous vous proposons&nbsp;de vous inscrire et&nbsp;de d\u00e9poser votre annonce sur le site&nbsp;Infolocale. Cette d\u00e9marche vous permettra de gagner en visibilit\u00e9&nbsp;en m\u00e9diatisant votre structure&nbsp;gr\u00e2ce&nbsp;\u00e0 notre catalogue&nbsp;d\u2019\u00e9v\u00e8nements&nbsp;destin\u00e9 au grand public.&nbsp;&nbsp;<\/p>\n\n\n\n<p>N\u2019h\u00e9sitez pas \u00e0 renseigner un maximum d\u2019informations concernant la&nbsp;description&nbsp;de votre \u00e9v\u00e8nement&nbsp;afin d\u2019int\u00e9resser et d\u2019attiser&nbsp;la curiosit\u00e9 d\u2019un grand nombre de visiteurs.&nbsp;&nbsp;<\/p>\n\n\n\n<p>Voici quelques \u00e9v\u00e8nements&nbsp;programm\u00e9s \u00e0 l\u2019occasion de la f\u00eate de la&nbsp;science :&nbsp;&nbsp;<\/p>\n\n\n\n<p>Dans le th\u00e8me de l\u2019arch\u00e9ologie vous&nbsp;trouverez :&nbsp;&nbsp;<\/p>\n\n\n\n<ul class=\"wp-block-list\"><li>Une conf\u00e9rence&nbsp;sur l\u2019arch\u00e9ologie angevine&nbsp;<a href=\"https:\/\/www.infolocale.fr\/associations\/ecclats-327679\/evenement-angers-archeologie-angevine-dans-le-cadre-de-la-fete-de-la-science-7327296\" target=\"_blank\" rel=\"noreferrer noopener\">\u201c30 ans de d\u00e9couvertes, 30 ans d\u2019\u00e9motions\u201d<\/a>&nbsp;<\/li><li>Un atelier <a href=\"https:\/\/www.infolocale.fr\/associations\/cpie-val-de-vilaine-481033\/evenement-saint-just-fete-de-la-science-atelier-fouilles-archeologiques-7310491\" target=\"_blank\" rel=\"noreferrer noopener\">fouilles&nbsp;arch\u00e9ologiques<\/a>&nbsp;&nbsp;<\/li><li>Un atelier <a href=\"https:\/\/www.infolocale.fr\/associations\/letinbulle-382386\/evenement-pre-en-pail-saint-samson-fete-de-la-science-chic-un-os-7320749\" target=\"_blank\" rel=\"noreferrer noopener\">d\u00e9couverte de vestiges arch\u00e9ologiques<\/a>&nbsp;<\/li><\/ul>\n\n\n\n<figure class=\"wp-block-image size-full is-resized\"><img fetchpriority=\"high\" decoding=\"async\" src=\"https:\/\/www.infolocale.fr\/blog\/wp-content\/uploads\/2021\/10\/science-infolcale.jpg\" alt=\"\" class=\"wp-image-13962\" width=\"443\" height=\"295\" srcset=\"https:\/\/infolocale.20minutes.fr\/blog\/wp-content\/uploads\/2021\/10\/science-infolcale.jpg 725w, https:\/\/infolocale.20minutes.fr\/blog\/wp-content\/uploads\/2021\/10\/science-infolcale-300x199.jpg 300w\" sizes=\"(max-width: 443px) 100vw, 443px\" \/><figcaption> <\/figcaption><\/figure>\n\n\n\n<p>Dans le th\u00e8me de l\u2019\u00e9cologie scientifique&nbsp;vous trouverez&nbsp;plusieurs&nbsp;conf\u00e9rences :&nbsp;&nbsp;<\/p>\n\n\n\n<ul class=\"wp-block-list\"><li><a href=\"https:\/\/www.infolocale.fr\/equipements-publics\/mediatheque-municipale-de-saint-erblon-52193\/evenement-saint-erblon-fete-de-la-science-2021-conference-tout-le-monde-a-la-plage-le-point-de-vue-de-la-faune-marine-7280611\" target=\"_blank\" rel=\"noreferrer noopener\">Tout le monde \u00e0 la plage ? Le point de vue de la faune marine<\/a><\/li><li><a href=\"https:\/\/www.infolocale.fr\/associations\/cinelegende-56628\/evenement-angers-resilience-des-ecosystemes-par-etienne-riff-professeur-de-svt-7309404\" target=\"_blank\" rel=\"noreferrer noopener\">R\u00e9silience des \u00e9cosyst\u00e8mes<\/a>&nbsp;<\/li><li><a href=\"https:\/\/www.infolocale.fr\/equipements-publics\/mediatheque-de-saint-gregoire-343146\/evenement-saint-gregoire-les-microplastiques-dans-leau-origine-et-impact-environnemental-7299796\" target=\"_blank\" rel=\"noreferrer noopener\">Quel est l\u2019impact des microplastiques sur l\u2019environnement et la sant\u00e9&nbsp;publique ?<\/a>&nbsp;<\/li><li><a href=\"https:\/\/www.infolocale.fr\/associations\/cinelegende-56628\/evenement-angers-panser-les-blessures-de-la-terre-par-marine-calmet-juriste-en-droit-de-lenvironnement-7309315\" target=\"_blank\" rel=\"noreferrer noopener\">Panser les blessures de la terre<\/a>&nbsp;&nbsp;<\/li><\/ul>\n\n\n\n<p><\/p>\n","protected":false},"excerpt":{"rendered":"<p>Cette ann\u00e9e la f\u00eate de la science&nbsp;c\u00e9l\u00e8bre&nbsp;ses 30 ans&nbsp;du 1er au 11 octobre 2021.&nbsp; Ce sera l\u2019occasion d\u2019apprendre,&nbsp;de mani\u00e8re ludique, gr\u00e2ce&nbsp;\u00e0 de nombreux \u00e9v\u00e8nements partout [&hellip;]<\/p>\n","protected":false},"author":14,"featured_media":13966,"comment_status":"open","ping_status":"open","sticky":false,"template":"","format":"standard","meta":{"_coblocks_attr":"","_coblocks_dimensions":"","_coblocks_responsive_height":"","_coblocks_accordion_ie_support":"","_mo_disable_npp":"","footnotes":""},"categories":[6],"tags":[],"class_list":["post-13956","post","type-post","status-publish","format-standard","has-post-thumbnail","hentry","category-actu-acteurs-locaux"],"yoast_head":"<!-- This site is optimized with the Yoast SEO plugin v23.2 - https:\/\/yoast.com\/wordpress\/plugins\/seo\/ -->\n<title>F\u00eate de la science 2021 : communiquez vos \u00e9v\u00e9nements sur Infolocale |<\/title>\n<meta name=\"description\" content=\"Cette ann\u00e9e la f\u00eate de la science\u00a0c\u00e9l\u00e8bre\u00a0ses 30 ans\u00a0du 1er au 11 octobre 2021. Venez d\u00e9posez vos annonces sur Infolocale\" \/>\n<meta name=\"robots\" content=\"index, follow, max-snippet:-1, max-image-preview:large, max-video-preview:-1\" \/>\n<link rel=\"canonical\" href=\"https:\/\/www.infolocale.fr\/blog\/fete-de-la-science\/\" \/>\n<meta property=\"og:locale\" content=\"fr_FR\" \/>\n<meta property=\"og:type\" content=\"article\" \/>\n<meta property=\"og:title\" content=\"F\u00eate de la science 2021 : communiquez vos \u00e9v\u00e9nements sur Infolocale |\" \/>\n<meta property=\"og:description\" content=\"Cette ann\u00e9e la f\u00eate de la science\u00a0c\u00e9l\u00e8bre\u00a0ses 30 ans\u00a0du 1er au 11 octobre 2021. Venez d\u00e9posez vos annonces sur Infolocale\" \/>\n<meta property=\"og:url\" content=\"https:\/\/www.infolocale.fr\/blog\/fete-de-la-science\/\" \/>\n<meta property=\"article:publisher\" content=\"https:\/\/www.facebook.com\/infolocaleFR\/\" \/>\n<meta property=\"article:published_time\" content=\"2021-10-01T14:30:56+00:00\" \/>\n<meta property=\"article:modified_time\" content=\"2021-10-07T13:38:28+00:00\" \/>\n<meta property=\"og:image\" content=\"https:\/\/www.infolocale.fr\/blog\/wp-content\/uploads\/2021\/10\/fete-science-infolocale.jpg\" \/>\n\t<meta property=\"og:image:width\" content=\"900\" \/>\n\t<meta property=\"og:image:height\" content=\"630\" \/>\n\t<meta property=\"og:image:type\" content=\"image\/jpeg\" \/>\n<meta name=\"author\" content=\"Margot\" \/>\n<meta name=\"twitter:card\" content=\"summary_large_image\" \/>\n<meta name=\"twitter:creator\" content=\"@infolocale\" \/>\n<meta name=\"twitter:site\" content=\"@infolocale\" \/>\n<meta name=\"twitter:label1\" content=\"\u00c9crit par\" \/>\n\t<meta name=\"twitter:data1\" content=\"Margot\" \/>\n\t<meta name=\"twitter:label2\" content=\"Dur\u00e9e de lecture estim\u00e9e\" \/>\n\t<meta name=\"twitter:data2\" content=\"2 minutes\" \/>\n<script type=\"application\/ld+json\" class=\"yoast-schema-graph\">{\"@context\":\"https:\/\/schema.org\",\"@graph\":[{\"@type\":\"Article\",\"@id\":\"https:\/\/www.infolocale.fr\/blog\/fete-de-la-science\/#article\",\"isPartOf\":{\"@id\":\"https:\/\/www.infolocale.fr\/blog\/fete-de-la-science\/\"},\"author\":{\"name\":\"Margot\",\"@id\":\"https:\/\/www.infolocale.fr\/blog\/#\/schema\/person\/ef7bae7d23a1485da4c2c6640f73e989\"},\"headline\":\"F\u00eate de la science 2021 : communiquez vos \u00e9v\u00e9nements sur Infolocale\",\"datePublished\":\"2021-10-01T14:30:56+00:00\",\"dateModified\":\"2021-10-07T13:38:28+00:00\",\"mainEntityOfPage\":{\"@id\":\"https:\/\/www.infolocale.fr\/blog\/fete-de-la-science\/\"},\"wordCount\":556,\"commentCount\":0,\"publisher\":{\"@id\":\"https:\/\/www.infolocale.fr\/blog\/#organization\"},\"image\":{\"@id\":\"https:\/\/www.infolocale.fr\/blog\/fete-de-la-science\/#primaryimage\"},\"thumbnailUrl\":\"https:\/\/infolocale.20minutes.fr\/blog\/wp-content\/uploads\/2021\/10\/fete-science-infolocale.jpg\",\"articleSection\":[\"En ce moment\"],\"inLanguage\":\"fr-FR\",\"potentialAction\":[{\"@type\":\"CommentAction\",\"name\":\"Comment\",\"target\":[\"https:\/\/www.infolocale.fr\/blog\/fete-de-la-science\/#respond\"]}]},{\"@type\":\"WebPage\",\"@id\":\"https:\/\/www.infolocale.fr\/blog\/fete-de-la-science\/\",\"url\":\"https:\/\/www.infolocale.fr\/blog\/fete-de-la-science\/\",\"name\":\"F\u00eate de la science 2021 : communiquez vos \u00e9v\u00e9nements sur Infolocale |\",\"isPartOf\":{\"@id\":\"https:\/\/www.infolocale.fr\/blog\/#website\"},\"primaryImageOfPage\":{\"@id\":\"https:\/\/www.infolocale.fr\/blog\/fete-de-la-science\/#primaryimage\"},\"image\":{\"@id\":\"https:\/\/www.infolocale.fr\/blog\/fete-de-la-science\/#primaryimage\"},\"thumbnailUrl\":\"https:\/\/infolocale.20minutes.fr\/blog\/wp-content\/uploads\/2021\/10\/fete-science-infolocale.jpg\",\"datePublished\":\"2021-10-01T14:30:56+00:00\",\"dateModified\":\"2021-10-07T13:38:28+00:00\",\"description\":\"Cette ann\u00e9e la f\u00eate de la science\u00a0c\u00e9l\u00e8bre\u00a0ses 30 ans\u00a0du 1er au 11 octobre 2021. Venez d\u00e9posez vos annonces sur Infolocale\",\"breadcrumb\":{\"@id\":\"https:\/\/www.infolocale.fr\/blog\/fete-de-la-science\/#breadcrumb\"},\"inLanguage\":\"fr-FR\",\"potentialAction\":[{\"@type\":\"ReadAction\",\"target\":[\"https:\/\/www.infolocale.fr\/blog\/fete-de-la-science\/\"]}]},{\"@type\":\"ImageObject\",\"inLanguage\":\"fr-FR\",\"@id\":\"https:\/\/www.infolocale.fr\/blog\/fete-de-la-science\/#primaryimage\",\"url\":\"https:\/\/infolocale.20minutes.fr\/blog\/wp-content\/uploads\/2021\/10\/fete-science-infolocale.jpg\",\"contentUrl\":\"https:\/\/infolocale.20minutes.fr\/blog\/wp-content\/uploads\/2021\/10\/fete-science-infolocale.jpg\",\"width\":900,\"height\":630},{\"@type\":\"BreadcrumbList\",\"@id\":\"https:\/\/www.infolocale.fr\/blog\/fete-de-la-science\/#breadcrumb\",\"itemListElement\":[{\"@type\":\"ListItem\",\"position\":1,\"name\":\"Blog\",\"item\":\"https:\/\/infolocale.ouest-france.fr\/blog\/\"},{\"@type\":\"ListItem\",\"position\":2,\"name\":\"En ce moment\",\"item\":\"https:\/\/infolocale.20minutes.fr\/blog\/cat\/actu-acteurs-locaux\/\"},{\"@type\":\"ListItem\",\"position\":3,\"name\":\"F\u00eate de la science 2021 : communiquez vos \u00e9v\u00e9nements sur Infolocale\"}]},{\"@type\":\"WebSite\",\"@id\":\"https:\/\/www.infolocale.fr\/blog\/#website\",\"url\":\"https:\/\/www.infolocale.fr\/blog\/\",\"name\":\"\",\"description\":\"\",\"publisher\":{\"@id\":\"https:\/\/www.infolocale.fr\/blog\/#organization\"},\"potentialAction\":[{\"@type\":\"SearchAction\",\"target\":{\"@type\":\"EntryPoint\",\"urlTemplate\":\"https:\/\/www.infolocale.fr\/blog\/?s={search_term_string}\"},\"query-input\":\"required name=search_term_string\"}],\"inLanguage\":\"fr-FR\"},{\"@type\":\"Organization\",\"@id\":\"https:\/\/www.infolocale.fr\/blog\/#organization\",\"name\":\"Infolocale\",\"url\":\"https:\/\/www.infolocale.fr\/blog\/\",\"logo\":{\"@type\":\"ImageObject\",\"inLanguage\":\"fr-FR\",\"@id\":\"https:\/\/www.infolocale.fr\/blog\/#\/schema\/logo\/image\/\",\"url\":\"https:\/\/www.infolocale.fr\/blog\/wp-content\/uploads\/2020\/11\/logol.jpg\",\"contentUrl\":\"https:\/\/www.infolocale.fr\/blog\/wp-content\/uploads\/2020\/11\/logol.jpg\",\"width\":1031,\"height\":398,\"caption\":\"Infolocale\"},\"image\":{\"@id\":\"https:\/\/www.infolocale.fr\/blog\/#\/schema\/logo\/image\/\"},\"sameAs\":[\"https:\/\/www.facebook.com\/infolocaleFR\/\",\"https:\/\/x.com\/infolocale\",\"https:\/\/www.instagram.com\/infolocale\/\",\"https:\/\/fr.linkedin.com\/company\/infolocale\",\"https:\/\/www.youtube.com\/channel\/UCnv4FA8EYEuu_si3TGr7xeA\"]},{\"@type\":\"Person\",\"@id\":\"https:\/\/www.infolocale.fr\/blog\/#\/schema\/person\/ef7bae7d23a1485da4c2c6640f73e989\",\"name\":\"Margot\",\"image\":{\"@type\":\"ImageObject\",\"inLanguage\":\"fr-FR\",\"@id\":\"https:\/\/www.infolocale.fr\/blog\/#\/schema\/person\/image\/\",\"url\":\"https:\/\/secure.gravatar.com\/avatar\/fd7a814627870ba8c5cb11cb724ee955?s=96&d=mm&r=g\",\"contentUrl\":\"https:\/\/secure.gravatar.com\/avatar\/fd7a814627870ba8c5cb11cb724ee955?s=96&d=mm&r=g\",\"caption\":\"Margot\"},\"sameAs\":[\"https:\/\/www.infolocale.fr\/blog\/\"],\"url\":\"https:\/\/infolocale.20minutes.fr\/blog\/author\/margot-cueff\/\"}]}<\/script>\n<!-- \/ Yoast SEO plugin. -->","yoast_head_json":{"title":"F\u00eate de la science 2021 : communiquez vos \u00e9v\u00e9nements sur Infolocale |","description":"Cette ann\u00e9e la f\u00eate de la science\u00a0c\u00e9l\u00e8bre\u00a0ses 30 ans\u00a0du 1er au 11 octobre 2021. Venez d\u00e9posez vos annonces sur Infolocale","robots":{"index":"index","follow":"follow","max-snippet":"max-snippet:-1","max-image-preview":"max-image-preview:large","max-video-preview":"max-video-preview:-1"},"canonical":"https:\/\/www.infolocale.fr\/blog\/fete-de-la-science\/","og_locale":"fr_FR","og_type":"article","og_title":"F\u00eate de la science 2021 : communiquez vos \u00e9v\u00e9nements sur Infolocale |","og_description":"Cette ann\u00e9e la f\u00eate de la science\u00a0c\u00e9l\u00e8bre\u00a0ses 30 ans\u00a0du 1er au 11 octobre 2021. Venez d\u00e9posez vos annonces sur Infolocale","og_url":"https:\/\/www.infolocale.fr\/blog\/fete-de-la-science\/","article_publisher":"https:\/\/www.facebook.com\/infolocaleFR\/","article_published_time":"2021-10-01T14:30:56+00:00","article_modified_time":"2021-10-07T13:38:28+00:00","og_image":[{"width":900,"height":630,"url":"https:\/\/www.infolocale.fr\/blog\/wp-content\/uploads\/2021\/10\/fete-science-infolocale.jpg","type":"image\/jpeg"}],"author":"Margot","twitter_card":"summary_large_image","twitter_creator":"@infolocale","twitter_site":"@infolocale","twitter_misc":{"\u00c9crit par":"Margot","Dur\u00e9e de lecture estim\u00e9e":"2 minutes"},"schema":{"@context":"https:\/\/schema.org","@graph":[{"@type":"Article","@id":"https:\/\/www.infolocale.fr\/blog\/fete-de-la-science\/#article","isPartOf":{"@id":"https:\/\/www.infolocale.fr\/blog\/fete-de-la-science\/"},"author":{"name":"Margot","@id":"https:\/\/www.infolocale.fr\/blog\/#\/schema\/person\/ef7bae7d23a1485da4c2c6640f73e989"},"headline":"F\u00eate de la science 2021 : communiquez vos \u00e9v\u00e9nements sur Infolocale","datePublished":"2021-10-01T14:30:56+00:00","dateModified":"2021-10-07T13:38:28+00:00","mainEntityOfPage":{"@id":"https:\/\/www.infolocale.fr\/blog\/fete-de-la-science\/"},"wordCount":556,"commentCount":0,"publisher":{"@id":"https:\/\/www.infolocale.fr\/blog\/#organization"},"image":{"@id":"https:\/\/www.infolocale.fr\/blog\/fete-de-la-science\/#primaryimage"},"thumbnailUrl":"https:\/\/infolocale.20minutes.fr\/blog\/wp-content\/uploads\/2021\/10\/fete-science-infolocale.jpg","articleSection":["En ce moment"],"inLanguage":"fr-FR","potentialAction":[{"@type":"CommentAction","name":"Comment","target":["https:\/\/www.infolocale.fr\/blog\/fete-de-la-science\/#respond"]}]},{"@type":"WebPage","@id":"https:\/\/www.infolocale.fr\/blog\/fete-de-la-science\/","url":"https:\/\/www.infolocale.fr\/blog\/fete-de-la-science\/","name":"F\u00eate de la science 2021 : communiquez vos \u00e9v\u00e9nements sur Infolocale |","isPartOf":{"@id":"https:\/\/www.infolocale.fr\/blog\/#website"},"primaryImageOfPage":{"@id":"https:\/\/www.infolocale.fr\/blog\/fete-de-la-science\/#primaryimage"},"image":{"@id":"https:\/\/www.infolocale.fr\/blog\/fete-de-la-science\/#primaryimage"},"thumbnailUrl":"https:\/\/infolocale.20minutes.fr\/blog\/wp-content\/uploads\/2021\/10\/fete-science-infolocale.jpg","datePublished":"2021-10-01T14:30:56+00:00","dateModified":"2021-10-07T13:38:28+00:00","description":"Cette ann\u00e9e la f\u00eate de la science\u00a0c\u00e9l\u00e8bre\u00a0ses 30 ans\u00a0du 1er au 11 octobre 2021. Venez d\u00e9posez vos annonces sur Infolocale","breadcrumb":{"@id":"https:\/\/www.infolocale.fr\/blog\/fete-de-la-science\/#breadcrumb"},"inLanguage":"fr-FR","potentialAction":[{"@type":"ReadAction","target":["https:\/\/www.infolocale.fr\/blog\/fete-de-la-science\/"]}]},{"@type":"ImageObject","inLanguage":"fr-FR","@id":"https:\/\/www.infolocale.fr\/blog\/fete-de-la-science\/#primaryimage","url":"https:\/\/infolocale.20minutes.fr\/blog\/wp-content\/uploads\/2021\/10\/fete-science-infolocale.jpg","contentUrl":"https:\/\/infolocale.20minutes.fr\/blog\/wp-content\/uploads\/2021\/10\/fete-science-infolocale.jpg","width":900,"height":630},{"@type":"BreadcrumbList","@id":"https:\/\/www.infolocale.fr\/blog\/fete-de-la-science\/#breadcrumb","itemListElement":[{"@type":"ListItem","position":1,"name":"Blog","item":"https:\/\/infolocale.ouest-france.fr\/blog\/"},{"@type":"ListItem","position":2,"name":"En ce moment","item":"https:\/\/infolocale.20minutes.fr\/blog\/cat\/actu-acteurs-locaux\/"},{"@type":"ListItem","position":3,"name":"F\u00eate de la science 2021 : communiquez vos \u00e9v\u00e9nements sur Infolocale"}]},{"@type":"WebSite","@id":"https:\/\/www.infolocale.fr\/blog\/#website","url":"https:\/\/www.infolocale.fr\/blog\/","name":"","description":"","publisher":{"@id":"https:\/\/www.infolocale.fr\/blog\/#organization"},"potentialAction":[{"@type":"SearchAction","target":{"@type":"EntryPoint","urlTemplate":"https:\/\/www.infolocale.fr\/blog\/?s={search_term_string}"},"query-input":"required name=search_term_string"}],"inLanguage":"fr-FR"},{"@type":"Organization","@id":"https:\/\/www.infolocale.fr\/blog\/#organization","name":"Infolocale","url":"https:\/\/www.infolocale.fr\/blog\/","logo":{"@type":"ImageObject","inLanguage":"fr-FR","@id":"https:\/\/www.infolocale.fr\/blog\/#\/schema\/logo\/image\/","url":"https:\/\/www.infolocale.fr\/blog\/wp-content\/uploads\/2020\/11\/logol.jpg","contentUrl":"https:\/\/www.infolocale.fr\/blog\/wp-content\/uploads\/2020\/11\/logol.jpg","width":1031,"height":398,"caption":"Infolocale"},"image":{"@id":"https:\/\/www.infolocale.fr\/blog\/#\/schema\/logo\/image\/"},"sameAs":["https:\/\/www.facebook.com\/infolocaleFR\/","https:\/\/x.com\/infolocale","https:\/\/www.instagram.com\/infolocale\/","https:\/\/fr.linkedin.com\/company\/infolocale","https:\/\/www.youtube.com\/channel\/UCnv4FA8EYEuu_si3TGr7xeA"]},{"@type":"Person","@id":"https:\/\/www.infolocale.fr\/blog\/#\/schema\/person\/ef7bae7d23a1485da4c2c6640f73e989","name":"Margot","image":{"@type":"ImageObject","inLanguage":"fr-FR","@id":"https:\/\/www.infolocale.fr\/blog\/#\/schema\/person\/image\/","url":"https:\/\/secure.gravatar.com\/avatar\/fd7a814627870ba8c5cb11cb724ee955?s=96&d=mm&r=g","contentUrl":"https:\/\/secure.gravatar.com\/avatar\/fd7a814627870ba8c5cb11cb724ee955?s=96&d=mm&r=g","caption":"Margot"},"sameAs":["https:\/\/www.infolocale.fr\/blog\/"],"url":"https:\/\/infolocale.20minutes.fr\/blog\/author\/margot-cueff\/"}]}},"_links":{"self":[{"href":"https:\/\/infolocale.20minutes.fr\/blog\/wp-json\/wp\/v2\/posts\/13956"}],"collection":[{"href":"https:\/\/infolocale.20minutes.fr\/blog\/wp-json\/wp\/v2\/posts"}],"about":[{"href":"https:\/\/infolocale.20minutes.fr\/blog\/wp-json\/wp\/v2\/types\/post"}],"author":[{"embeddable":true,"href":"https:\/\/infolocale.20minutes.fr\/blog\/wp-json\/wp\/v2\/users\/14"}],"replies":[{"embeddable":true,"href":"https:\/\/infolocale.20minutes.fr\/blog\/wp-json\/wp\/v2\/comments?post=13956"}],"version-history":[{"count":0,"href":"https:\/\/infolocale.20minutes.fr\/blog\/wp-json\/wp\/v2\/posts\/13956\/revisions"}],"wp:featuredmedia":[{"embeddable":true,"href":"https:\/\/infolocale.20minutes.fr\/blog\/wp-json\/wp\/v2\/media\/13966"}],"wp:attachment":[{"href":"https:\/\/infolocale.20minutes.fr\/blog\/wp-json\/wp\/v2\/media?parent=13956"}],"wp:term":[{"taxonomy":"category","embeddable":true,"href":"https:\/\/infolocale.20minutes.fr\/blog\/wp-json\/wp\/v2\/categories?post=13956"},{"taxonomy":"post_tag","embeddable":true,"href":"https:\/\/infolocale.20minutes.fr\/blog\/wp-json\/wp\/v2\/tags?post=13956"}],"curies":[{"name":"wp","href":"https:\/\/api.w.org\/{rel}","templated":true}]}}