{"id":13731,"date":"2021-09-30T16:18:16","date_gmt":"2021-09-30T14:18:16","guid":{"rendered":"https:\/\/www.infolocale.fr\/blog\/?p=13731"},"modified":"2021-10-04T18:47:07","modified_gmt":"2021-10-04T16:47:07","slug":"annoncer-ses-activites-pour-les-vacances-de-la-toussaint","status":"publish","type":"post","link":"https:\/\/infolocale.20minutes.fr\/blog\/annoncer-ses-activites-pour-les-vacances-de-la-toussaint\/","title":{"rendered":"Annoncez vos activit\u00e9s pour les vacances de la Toussaint"},"content":{"rendered":"\n<h2 class=\"wp-block-heading\"><strong>Les associations organisent des activit\u00e9s pour les&nbsp;vacances&nbsp;d&rsquo;automne<\/strong><\/h2>\n\n\n\n<p>Les parents souhaitent inscrire leurs enfants \u00e0 des activit\u00e9s pour les vacances, du 23\u00a0octobre\u00a0au 8 novembre\u00a02021. A la recherche d&rsquo;activit\u00e9s s\u00e9duisantes, \u00e0 proximit\u00e9 de leurs lieux de vacances, ils se rapprochent des associations qui organisent des stages ou des journ\u00e9es de d\u00e9couverte. Des places restent disponibles dans votre atelier ? En d\u00e9posant l&rsquo;annonce de vos activit\u00e9s sur <a href=\"https:\/\/www.infolocale.fr\/decouvrir\/?utm_source=blog&amp;utm_medium=banner&amp;utm_campaign=blog-content\"> infolocale.fr<\/a>  vous optimisez la captation de nouvelles inscriptions. En effet, pour les associations organisatrices d&rsquo;\u00e9v\u00e8nements,\u00a0<a href=\"https:\/\/www.infolocale.fr\/blog\/attirer-nouveaux-adherents-association\/\">Infolocale\u00a0est un levier de communication efficace<\/a>. Plus de 200 collectivit\u00e9s territoriales relaient les agendas des \u00e9v\u00e9nements, organis\u00e9s par les associations de leurs territoires.<\/p>\n\n\n\n<h2 class=\"wp-block-heading\">Mi-octobre, des activit\u00e9s de plein air&nbsp;sont encore envisageables<\/h2>\n\n\n\n<p>Durant cette p\u00e9riode, le temps peut \u00eatre cl\u00e9ment. Des &nbsp;stages nautiques sont propos\u00e9s en initiation ou perfectionnement : <a href=\"https:\/\/infolocale.ouest-france.fr\/associations\/concarneau-voile-kayak-273191\/evenement-concarneau-stages-de-voilekayak-7320594\">voile, kayak<\/a>, optimist, mini-catamaran, habitable, planche \u00e0 voile. Les plus \u00e9loign\u00e9s du bord de mer peuvent s&rsquo;inscrire \u00e0 des cours de natation ou plong\u00e9e en &nbsp;piscine, dans l&rsquo;objectif de pr\u00e9parer les beaux jours.<\/p>\n\n\n\n<figure class=\"wp-block-image size-large\"><a href=\"https:\/\/www.infolocale.fr\/decouvrir\/?utm_source=blog&amp;utm_medium=banner&amp;utm_campaign=blog-content\"><img fetchpriority=\"high\" decoding=\"async\" width=\"1024\" height=\"219\" src=\"https:\/\/www.infolocale.fr\/blog\/wp-content\/uploads\/2021\/10\/MicrosoftTeams-image-5-1024x219.jpg\" alt=\"\" class=\"wp-image-14018\" srcset=\"https:\/\/infolocale.20minutes.fr\/blog\/wp-content\/uploads\/2021\/10\/MicrosoftTeams-image-5-1024x219.jpg 1024w, https:\/\/infolocale.20minutes.fr\/blog\/wp-content\/uploads\/2021\/10\/MicrosoftTeams-image-5-300x64.jpg 300w, https:\/\/infolocale.20minutes.fr\/blog\/wp-content\/uploads\/2021\/10\/MicrosoftTeams-image-5-768x164.jpg 768w, https:\/\/infolocale.20minutes.fr\/blog\/wp-content\/uploads\/2021\/10\/MicrosoftTeams-image-5-1536x328.jpg 1536w, https:\/\/infolocale.20minutes.fr\/blog\/wp-content\/uploads\/2021\/10\/MicrosoftTeams-image-5.jpg 1896w\" sizes=\"(max-width: 1024px) 100vw, 1024px\" \/><\/a><\/figure>\n\n\n\n<h2 class=\"wp-block-heading\">Du temps pour d\u00e9velopper les fibres artistiques <\/h2>\n\n\n\n<p>Les vacances de la Toussaint peuvent aussi permettre de consacrer du temps aux activit\u00e9s artistiques. L&rsquo;occasion d&rsquo;approfondir les diff\u00e9rentes techniques des arts plastiques :<\/p>\n\n\n\n<ul class=\"wp-block-list\"><li>S&rsquo;exercer au dessin, \u00e0 la peinture \u2013sur petit et grand format , et tester diff\u00e9rentes techniques&nbsp;: fusain, pastels, aquarelle, pigments<\/li><li>Tenter la sculpture, le modelage, <a href=\"https:\/\/infolocale.ouest-france.fr\/equipements-publics\/musee-de-bretagne-306434\/evenement-rennes-poterie-du-neolithique-7281225\"> la poterie<\/a><\/li><li>Les ateliers de Th\u00e9\u00e2tre aiguisent l\u2019imaginaire, d\u00e9veloppent les capacit\u00e9s d\u2019expression et de confiance en soi. A l&rsquo;aide d&rsquo;exercices ludiques, les stagiaires effectuent un travail de la voix, du corps et du rapport \u00e0 l&rsquo;autre<\/li><li>Dans le domaine des <a href=\"https:\/\/infolocale.ouest-france.fr\/equipements-publics\/cite-du-cirque-264927\/evenement-le-mans-cite-du-cirque-stage-dautomne-cirque-7326145\">arts du cirque<\/a> aussi. En utilisant ses techniques sp\u00e9cifiques : acrobatie, jonglage, \u00e9quilibre sur objet, trap\u00e8ze.<\/li><li>Toujours dans le rapport au corps, la danse et <a href=\"https:\/\/infolocale.ouest-france.fr\/associations\/ccnrb-centre-choregraphique-national-de-rennes-et-de-bretagne-83683\/evenement-rennes-sport-mini-camp-hip-hop-7328416\">le hip-hop<\/a> peuvent \u00eatre des activit\u00e9s ludiques et sportives<\/li><\/ul>\n\n\n\n<figure class=\"wp-block-image size-full is-resized\"><img decoding=\"async\" src=\"https:\/\/www.infolocale.fr\/blog\/wp-content\/uploads\/2021\/10\/Mini-camp-hip-hop-cThimothee-Lejolivet.jpg\" alt=\"\" class=\"wp-image-14007\" width=\"780\" height=\"532\" srcset=\"https:\/\/infolocale.20minutes.fr\/blog\/wp-content\/uploads\/2021\/10\/Mini-camp-hip-hop-cThimothee-Lejolivet.jpg 560w, https:\/\/infolocale.20minutes.fr\/blog\/wp-content\/uploads\/2021\/10\/Mini-camp-hip-hop-cThimothee-Lejolivet-300x205.jpg 300w\" sizes=\"(max-width: 780px) 100vw, 780px\" \/><figcaption>Mini-camp hip-hop, copyright Thimot\u00e9e Lejolivet<\/figcaption><\/figure>\n\n\n\n<h2 class=\"wp-block-heading\">C&rsquo;est le moment de fabriquer la d\u00e9coration d&rsquo;Halloween !<\/h2>\n\n\n\n<p>Halloween oblige, en famille pour les plus jeunes, les enfants sont invit\u00e9s \u00e0 rejoindre <a href=\"https:\/\/infolocale.ouest-france.fr\/organismes\/bienvenue-a-la-ferme-bretagne-396859\/evenement-pont-aven-activite-de-loisirs-laven-parc-jean-marie-et-maeva-le-naour-7334081\">les ateliers de sculpture sur citrouille !<\/a><\/p>\n\n\n\n<h2 class=\"wp-block-heading\">Annoncez vos activit\u00e9s pour accueillir de nouveaux stagiaires<\/h2>\n\n\n\n<p>La demande est r\u00e9elle pour les vacances de la Toussaint. Vos activit\u00e9s peuvent accueillir de nouveaux participants ? Faites-le savoir, en d\u00e9posant une annonce sur <a href=\"https:\/\/www.infolocale.fr\/decouvrir\/?utm_source=blog&amp;utm_medium=banner&amp;utm_campaign=blog-content\" target=\"_blank\" rel=\"noreferrer noopener\">Infolocale.fr<\/a>   <\/p>\n","protected":false},"excerpt":{"rendered":"<p>Les associations organisent des activit\u00e9s pour les&nbsp;vacances&nbsp;d&rsquo;automne Les parents souhaitent inscrire leurs enfants \u00e0 des activit\u00e9s pour les vacances, du 23\u00a0octobre\u00a0au 8 novembre\u00a02021. A la [&hellip;]<\/p>\n","protected":false},"author":8,"featured_media":13959,"comment_status":"open","ping_status":"open","sticky":false,"template":"","format":"standard","meta":{"_coblocks_attr":"","_coblocks_dimensions":"","_coblocks_responsive_height":"","_coblocks_accordion_ie_support":"","_mo_disable_npp":"","footnotes":""},"categories":[6],"tags":[],"class_list":["post-13731","post","type-post","status-publish","format-standard","has-post-thumbnail","hentry","category-actu-acteurs-locaux"],"yoast_head":"<!-- This site is optimized with the Yoast SEO plugin v23.2 - https:\/\/yoast.com\/wordpress\/plugins\/seo\/ -->\n<title>Annoncez vos activit\u00e9s pour les vacances de la Toussaint |<\/title>\n<meta name=\"description\" content=\"Annoncer ses activit\u00e9s pour les vacances de la Toussaint. Les associations cherchent des inscriptions pour leurs stages et ateliers\" \/>\n<meta name=\"robots\" content=\"index, follow, max-snippet:-1, max-image-preview:large, max-video-preview:-1\" \/>\n<link rel=\"canonical\" href=\"https:\/\/infolocale.actu.fr\/blog\/annoncer-ses-activites-pour-les-vacances-de-la-toussaint\/\" \/>\n<meta property=\"og:locale\" content=\"fr_FR\" \/>\n<meta property=\"og:type\" content=\"article\" \/>\n<meta property=\"og:title\" content=\"Annoncez vos activit\u00e9s pour les vacances de la Toussaint |\" \/>\n<meta property=\"og:description\" content=\"Annoncer ses activit\u00e9s pour les vacances de la Toussaint. Les associations cherchent des inscriptions pour leurs stages et ateliers\" \/>\n<meta property=\"og:url\" content=\"https:\/\/infolocale.actu.fr\/blog\/annoncer-ses-activites-pour-les-vacances-de-la-toussaint\/\" \/>\n<meta property=\"article:publisher\" content=\"https:\/\/www.facebook.com\/infolocaleFR\/\" \/>\n<meta property=\"article:published_time\" content=\"2021-09-30T14:18:16+00:00\" \/>\n<meta property=\"article:modified_time\" content=\"2021-10-04T16:47:07+00:00\" \/>\n<meta property=\"og:image\" content=\"https:\/\/infolocale.actu.fr\/blog\/wp-content\/uploads\/2021\/09\/Sculpture-Halloween.jpg\" \/>\n\t<meta property=\"og:image:width\" content=\"481\" \/>\n\t<meta property=\"og:image:height\" content=\"287\" \/>\n\t<meta property=\"og:image:type\" content=\"image\/jpeg\" \/>\n<meta name=\"author\" content=\"Myl\u00e8ne\" \/>\n<meta name=\"twitter:card\" content=\"summary_large_image\" \/>\n<meta name=\"twitter:creator\" content=\"@infolocale\" \/>\n<meta name=\"twitter:site\" content=\"@infolocale\" \/>\n<meta name=\"twitter:label1\" content=\"\u00c9crit par\" \/>\n\t<meta name=\"twitter:data1\" content=\"Myl\u00e8ne\" \/>\n\t<meta name=\"twitter:label2\" content=\"Dur\u00e9e de lecture estim\u00e9e\" \/>\n\t<meta name=\"twitter:data2\" content=\"2 minutes\" \/>\n<script type=\"application\/ld+json\" class=\"yoast-schema-graph\">{\"@context\":\"https:\/\/schema.org\",\"@graph\":[{\"@type\":\"Article\",\"@id\":\"https:\/\/infolocale.actu.fr\/blog\/annoncer-ses-activites-pour-les-vacances-de-la-toussaint\/#article\",\"isPartOf\":{\"@id\":\"https:\/\/infolocale.actu.fr\/blog\/annoncer-ses-activites-pour-les-vacances-de-la-toussaint\/\"},\"author\":{\"name\":\"Myl\u00e8ne\",\"@id\":\"https:\/\/www.infolocale.fr\/blog\/#\/schema\/person\/bf2dc50c6636ffa2ce3e44ef1f9eb97f\"},\"headline\":\"Annoncez vos activit\u00e9s pour les vacances de la Toussaint\",\"datePublished\":\"2021-09-30T14:18:16+00:00\",\"dateModified\":\"2021-10-04T16:47:07+00:00\",\"mainEntityOfPage\":{\"@id\":\"https:\/\/infolocale.actu.fr\/blog\/annoncer-ses-activites-pour-les-vacances-de-la-toussaint\/\"},\"wordCount\":405,\"commentCount\":0,\"publisher\":{\"@id\":\"https:\/\/www.infolocale.fr\/blog\/#organization\"},\"image\":{\"@id\":\"https:\/\/infolocale.actu.fr\/blog\/annoncer-ses-activites-pour-les-vacances-de-la-toussaint\/#primaryimage\"},\"thumbnailUrl\":\"https:\/\/infolocale.20minutes.fr\/blog\/wp-content\/uploads\/2021\/09\/Sculpture-Halloween.jpg\",\"articleSection\":[\"En ce moment\"],\"inLanguage\":\"fr-FR\",\"potentialAction\":[{\"@type\":\"CommentAction\",\"name\":\"Comment\",\"target\":[\"https:\/\/infolocale.actu.fr\/blog\/annoncer-ses-activites-pour-les-vacances-de-la-toussaint\/#respond\"]}]},{\"@type\":\"WebPage\",\"@id\":\"https:\/\/infolocale.actu.fr\/blog\/annoncer-ses-activites-pour-les-vacances-de-la-toussaint\/\",\"url\":\"https:\/\/infolocale.actu.fr\/blog\/annoncer-ses-activites-pour-les-vacances-de-la-toussaint\/\",\"name\":\"Annoncez vos activit\u00e9s pour les vacances de la Toussaint |\",\"isPartOf\":{\"@id\":\"https:\/\/www.infolocale.fr\/blog\/#website\"},\"primaryImageOfPage\":{\"@id\":\"https:\/\/infolocale.actu.fr\/blog\/annoncer-ses-activites-pour-les-vacances-de-la-toussaint\/#primaryimage\"},\"image\":{\"@id\":\"https:\/\/infolocale.actu.fr\/blog\/annoncer-ses-activites-pour-les-vacances-de-la-toussaint\/#primaryimage\"},\"thumbnailUrl\":\"https:\/\/infolocale.20minutes.fr\/blog\/wp-content\/uploads\/2021\/09\/Sculpture-Halloween.jpg\",\"datePublished\":\"2021-09-30T14:18:16+00:00\",\"dateModified\":\"2021-10-04T16:47:07+00:00\",\"description\":\"Annoncer ses activit\u00e9s pour les vacances de la Toussaint. Les associations cherchent des inscriptions pour leurs stages et ateliers\",\"breadcrumb\":{\"@id\":\"https:\/\/infolocale.actu.fr\/blog\/annoncer-ses-activites-pour-les-vacances-de-la-toussaint\/#breadcrumb\"},\"inLanguage\":\"fr-FR\",\"potentialAction\":[{\"@type\":\"ReadAction\",\"target\":[\"https:\/\/infolocale.actu.fr\/blog\/annoncer-ses-activites-pour-les-vacances-de-la-toussaint\/\"]}]},{\"@type\":\"ImageObject\",\"inLanguage\":\"fr-FR\",\"@id\":\"https:\/\/infolocale.actu.fr\/blog\/annoncer-ses-activites-pour-les-vacances-de-la-toussaint\/#primaryimage\",\"url\":\"https:\/\/infolocale.20minutes.fr\/blog\/wp-content\/uploads\/2021\/09\/Sculpture-Halloween.jpg\",\"contentUrl\":\"https:\/\/infolocale.20minutes.fr\/blog\/wp-content\/uploads\/2021\/09\/Sculpture-Halloween.jpg\",\"width\":481,\"height\":287},{\"@type\":\"BreadcrumbList\",\"@id\":\"https:\/\/infolocale.actu.fr\/blog\/annoncer-ses-activites-pour-les-vacances-de-la-toussaint\/#breadcrumb\",\"itemListElement\":[{\"@type\":\"ListItem\",\"position\":1,\"name\":\"Blog\",\"item\":\"https:\/\/infolocale.ouest-france.fr\/blog\/\"},{\"@type\":\"ListItem\",\"position\":2,\"name\":\"En ce moment\",\"item\":\"https:\/\/infolocale.20minutes.fr\/blog\/cat\/actu-acteurs-locaux\/\"},{\"@type\":\"ListItem\",\"position\":3,\"name\":\"Annoncez vos activit\u00e9s pour les vacances de la Toussaint\"}]},{\"@type\":\"WebSite\",\"@id\":\"https:\/\/www.infolocale.fr\/blog\/#website\",\"url\":\"https:\/\/www.infolocale.fr\/blog\/\",\"name\":\"\",\"description\":\"\",\"publisher\":{\"@id\":\"https:\/\/www.infolocale.fr\/blog\/#organization\"},\"potentialAction\":[{\"@type\":\"SearchAction\",\"target\":{\"@type\":\"EntryPoint\",\"urlTemplate\":\"https:\/\/www.infolocale.fr\/blog\/?s={search_term_string}\"},\"query-input\":\"required name=search_term_string\"}],\"inLanguage\":\"fr-FR\"},{\"@type\":\"Organization\",\"@id\":\"https:\/\/www.infolocale.fr\/blog\/#organization\",\"name\":\"Infolocale\",\"url\":\"https:\/\/www.infolocale.fr\/blog\/\",\"logo\":{\"@type\":\"ImageObject\",\"inLanguage\":\"fr-FR\",\"@id\":\"https:\/\/www.infolocale.fr\/blog\/#\/schema\/logo\/image\/\",\"url\":\"https:\/\/www.infolocale.fr\/blog\/wp-content\/uploads\/2020\/11\/logol.jpg\",\"contentUrl\":\"https:\/\/www.infolocale.fr\/blog\/wp-content\/uploads\/2020\/11\/logol.jpg\",\"width\":1031,\"height\":398,\"caption\":\"Infolocale\"},\"image\":{\"@id\":\"https:\/\/www.infolocale.fr\/blog\/#\/schema\/logo\/image\/\"},\"sameAs\":[\"https:\/\/www.facebook.com\/infolocaleFR\/\",\"https:\/\/x.com\/infolocale\",\"https:\/\/www.instagram.com\/infolocale\/\",\"https:\/\/fr.linkedin.com\/company\/infolocale\",\"https:\/\/www.youtube.com\/channel\/UCnv4FA8EYEuu_si3TGr7xeA\"]},{\"@type\":\"Person\",\"@id\":\"https:\/\/www.infolocale.fr\/blog\/#\/schema\/person\/bf2dc50c6636ffa2ce3e44ef1f9eb97f\",\"name\":\"Myl\u00e8ne\",\"image\":{\"@type\":\"ImageObject\",\"inLanguage\":\"fr-FR\",\"@id\":\"https:\/\/www.infolocale.fr\/blog\/#\/schema\/person\/image\/\",\"url\":\"https:\/\/secure.gravatar.com\/avatar\/49511f0ea4b41ed3062b218e30f07042?s=96&d=mm&r=g\",\"contentUrl\":\"https:\/\/secure.gravatar.com\/avatar\/49511f0ea4b41ed3062b218e30f07042?s=96&d=mm&r=g\",\"caption\":\"Myl\u00e8ne\"},\"url\":\"https:\/\/infolocale.20minutes.fr\/blog\/author\/mylene-michel\/\"}]}<\/script>\n<!-- \/ Yoast SEO plugin. -->","yoast_head_json":{"title":"Annoncez vos activit\u00e9s pour les vacances de la Toussaint |","description":"Annoncer ses activit\u00e9s pour les vacances de la Toussaint. Les associations cherchent des inscriptions pour leurs stages et ateliers","robots":{"index":"index","follow":"follow","max-snippet":"max-snippet:-1","max-image-preview":"max-image-preview:large","max-video-preview":"max-video-preview:-1"},"canonical":"https:\/\/infolocale.actu.fr\/blog\/annoncer-ses-activites-pour-les-vacances-de-la-toussaint\/","og_locale":"fr_FR","og_type":"article","og_title":"Annoncez vos activit\u00e9s pour les vacances de la Toussaint |","og_description":"Annoncer ses activit\u00e9s pour les vacances de la Toussaint. Les associations cherchent des inscriptions pour leurs stages et ateliers","og_url":"https:\/\/infolocale.actu.fr\/blog\/annoncer-ses-activites-pour-les-vacances-de-la-toussaint\/","article_publisher":"https:\/\/www.facebook.com\/infolocaleFR\/","article_published_time":"2021-09-30T14:18:16+00:00","article_modified_time":"2021-10-04T16:47:07+00:00","og_image":[{"width":481,"height":287,"url":"https:\/\/infolocale.actu.fr\/blog\/wp-content\/uploads\/2021\/09\/Sculpture-Halloween.jpg","type":"image\/jpeg"}],"author":"Myl\u00e8ne","twitter_card":"summary_large_image","twitter_creator":"@infolocale","twitter_site":"@infolocale","twitter_misc":{"\u00c9crit par":"Myl\u00e8ne","Dur\u00e9e de lecture estim\u00e9e":"2 minutes"},"schema":{"@context":"https:\/\/schema.org","@graph":[{"@type":"Article","@id":"https:\/\/infolocale.actu.fr\/blog\/annoncer-ses-activites-pour-les-vacances-de-la-toussaint\/#article","isPartOf":{"@id":"https:\/\/infolocale.actu.fr\/blog\/annoncer-ses-activites-pour-les-vacances-de-la-toussaint\/"},"author":{"name":"Myl\u00e8ne","@id":"https:\/\/www.infolocale.fr\/blog\/#\/schema\/person\/bf2dc50c6636ffa2ce3e44ef1f9eb97f"},"headline":"Annoncez vos activit\u00e9s pour les vacances de la Toussaint","datePublished":"2021-09-30T14:18:16+00:00","dateModified":"2021-10-04T16:47:07+00:00","mainEntityOfPage":{"@id":"https:\/\/infolocale.actu.fr\/blog\/annoncer-ses-activites-pour-les-vacances-de-la-toussaint\/"},"wordCount":405,"commentCount":0,"publisher":{"@id":"https:\/\/www.infolocale.fr\/blog\/#organization"},"image":{"@id":"https:\/\/infolocale.actu.fr\/blog\/annoncer-ses-activites-pour-les-vacances-de-la-toussaint\/#primaryimage"},"thumbnailUrl":"https:\/\/infolocale.20minutes.fr\/blog\/wp-content\/uploads\/2021\/09\/Sculpture-Halloween.jpg","articleSection":["En ce moment"],"inLanguage":"fr-FR","potentialAction":[{"@type":"CommentAction","name":"Comment","target":["https:\/\/infolocale.actu.fr\/blog\/annoncer-ses-activites-pour-les-vacances-de-la-toussaint\/#respond"]}]},{"@type":"WebPage","@id":"https:\/\/infolocale.actu.fr\/blog\/annoncer-ses-activites-pour-les-vacances-de-la-toussaint\/","url":"https:\/\/infolocale.actu.fr\/blog\/annoncer-ses-activites-pour-les-vacances-de-la-toussaint\/","name":"Annoncez vos activit\u00e9s pour les vacances de la Toussaint |","isPartOf":{"@id":"https:\/\/www.infolocale.fr\/blog\/#website"},"primaryImageOfPage":{"@id":"https:\/\/infolocale.actu.fr\/blog\/annoncer-ses-activites-pour-les-vacances-de-la-toussaint\/#primaryimage"},"image":{"@id":"https:\/\/infolocale.actu.fr\/blog\/annoncer-ses-activites-pour-les-vacances-de-la-toussaint\/#primaryimage"},"thumbnailUrl":"https:\/\/infolocale.20minutes.fr\/blog\/wp-content\/uploads\/2021\/09\/Sculpture-Halloween.jpg","datePublished":"2021-09-30T14:18:16+00:00","dateModified":"2021-10-04T16:47:07+00:00","description":"Annoncer ses activit\u00e9s pour les vacances de la Toussaint. Les associations cherchent des inscriptions pour leurs stages et ateliers","breadcrumb":{"@id":"https:\/\/infolocale.actu.fr\/blog\/annoncer-ses-activites-pour-les-vacances-de-la-toussaint\/#breadcrumb"},"inLanguage":"fr-FR","potentialAction":[{"@type":"ReadAction","target":["https:\/\/infolocale.actu.fr\/blog\/annoncer-ses-activites-pour-les-vacances-de-la-toussaint\/"]}]},{"@type":"ImageObject","inLanguage":"fr-FR","@id":"https:\/\/infolocale.actu.fr\/blog\/annoncer-ses-activites-pour-les-vacances-de-la-toussaint\/#primaryimage","url":"https:\/\/infolocale.20minutes.fr\/blog\/wp-content\/uploads\/2021\/09\/Sculpture-Halloween.jpg","contentUrl":"https:\/\/infolocale.20minutes.fr\/blog\/wp-content\/uploads\/2021\/09\/Sculpture-Halloween.jpg","width":481,"height":287},{"@type":"BreadcrumbList","@id":"https:\/\/infolocale.actu.fr\/blog\/annoncer-ses-activites-pour-les-vacances-de-la-toussaint\/#breadcrumb","itemListElement":[{"@type":"ListItem","position":1,"name":"Blog","item":"https:\/\/infolocale.ouest-france.fr\/blog\/"},{"@type":"ListItem","position":2,"name":"En ce moment","item":"https:\/\/infolocale.20minutes.fr\/blog\/cat\/actu-acteurs-locaux\/"},{"@type":"ListItem","position":3,"name":"Annoncez vos activit\u00e9s pour les vacances de la Toussaint"}]},{"@type":"WebSite","@id":"https:\/\/www.infolocale.fr\/blog\/#website","url":"https:\/\/www.infolocale.fr\/blog\/","name":"","description":"","publisher":{"@id":"https:\/\/www.infolocale.fr\/blog\/#organization"},"potentialAction":[{"@type":"SearchAction","target":{"@type":"EntryPoint","urlTemplate":"https:\/\/www.infolocale.fr\/blog\/?s={search_term_string}"},"query-input":"required name=search_term_string"}],"inLanguage":"fr-FR"},{"@type":"Organization","@id":"https:\/\/www.infolocale.fr\/blog\/#organization","name":"Infolocale","url":"https:\/\/www.infolocale.fr\/blog\/","logo":{"@type":"ImageObject","inLanguage":"fr-FR","@id":"https:\/\/www.infolocale.fr\/blog\/#\/schema\/logo\/image\/","url":"https:\/\/www.infolocale.fr\/blog\/wp-content\/uploads\/2020\/11\/logol.jpg","contentUrl":"https:\/\/www.infolocale.fr\/blog\/wp-content\/uploads\/2020\/11\/logol.jpg","width":1031,"height":398,"caption":"Infolocale"},"image":{"@id":"https:\/\/www.infolocale.fr\/blog\/#\/schema\/logo\/image\/"},"sameAs":["https:\/\/www.facebook.com\/infolocaleFR\/","https:\/\/x.com\/infolocale","https:\/\/www.instagram.com\/infolocale\/","https:\/\/fr.linkedin.com\/company\/infolocale","https:\/\/www.youtube.com\/channel\/UCnv4FA8EYEuu_si3TGr7xeA"]},{"@type":"Person","@id":"https:\/\/www.infolocale.fr\/blog\/#\/schema\/person\/bf2dc50c6636ffa2ce3e44ef1f9eb97f","name":"Myl\u00e8ne","image":{"@type":"ImageObject","inLanguage":"fr-FR","@id":"https:\/\/www.infolocale.fr\/blog\/#\/schema\/person\/image\/","url":"https:\/\/secure.gravatar.com\/avatar\/49511f0ea4b41ed3062b218e30f07042?s=96&d=mm&r=g","contentUrl":"https:\/\/secure.gravatar.com\/avatar\/49511f0ea4b41ed3062b218e30f07042?s=96&d=mm&r=g","caption":"Myl\u00e8ne"},"url":"https:\/\/infolocale.20minutes.fr\/blog\/author\/mylene-michel\/"}]}},"_links":{"self":[{"href":"https:\/\/infolocale.20minutes.fr\/blog\/wp-json\/wp\/v2\/posts\/13731"}],"collection":[{"href":"https:\/\/infolocale.20minutes.fr\/blog\/wp-json\/wp\/v2\/posts"}],"about":[{"href":"https:\/\/infolocale.20minutes.fr\/blog\/wp-json\/wp\/v2\/types\/post"}],"author":[{"embeddable":true,"href":"https:\/\/infolocale.20minutes.fr\/blog\/wp-json\/wp\/v2\/users\/8"}],"replies":[{"embeddable":true,"href":"https:\/\/infolocale.20minutes.fr\/blog\/wp-json\/wp\/v2\/comments?post=13731"}],"version-history":[{"count":0,"href":"https:\/\/infolocale.20minutes.fr\/blog\/wp-json\/wp\/v2\/posts\/13731\/revisions"}],"wp:featuredmedia":[{"embeddable":true,"href":"https:\/\/infolocale.20minutes.fr\/blog\/wp-json\/wp\/v2\/media\/13959"}],"wp:attachment":[{"href":"https:\/\/infolocale.20minutes.fr\/blog\/wp-json\/wp\/v2\/media?parent=13731"}],"wp:term":[{"taxonomy":"category","embeddable":true,"href":"https:\/\/infolocale.20minutes.fr\/blog\/wp-json\/wp\/v2\/categories?post=13731"},{"taxonomy":"post_tag","embeddable":true,"href":"https:\/\/infolocale.20minutes.fr\/blog\/wp-json\/wp\/v2\/tags?post=13731"}],"curies":[{"name":"wp","href":"https:\/\/api.w.org\/{rel}","templated":true}]}}