{"id":13685,"date":"2021-09-28T13:06:40","date_gmt":"2021-09-28T11:06:40","guid":{"rendered":"https:\/\/www.infolocale.fr\/blog\/?p=13685"},"modified":"2026-04-27T17:01:06","modified_gmt":"2026-04-27T15:01:06","slug":"conseil-municipal-couverture-presse","status":"publish","type":"post","link":"https:\/\/infolocale.20minutes.fr\/blog\/conseil-municipal-couverture-presse\/","title":{"rendered":"Conseil municipal : comment am\u00e9liorer sa couverture dans la presse locale ?"},"content":{"rendered":"\n<p class=\"has-black-color has-text-color has-background\" style=\"background-color:#a1d5f5\">Hormis le cas exceptionnel d&rsquo;un huis clos, il est ill\u00e9gal d&#8217;emp\u00eacher l&rsquo;acc\u00e8s de la presse au conseil municipal de votre commune. En effet, pour favoriser une bonne image de votre collectivit\u00e9, il est essentiel de collaborer avec la presse. Pour faciliter le travail du journaliste, pensez \u00e0 lui transmettre l&rsquo;ordre du jour et, sur les sujets complexes, n\u2019h\u00e9sitez pas \u00e0 fournir des dossiers compl\u00e9mentaires. Le jour J, accueillez les correspondants dans de bonnes conditions : table, chaise et acc\u00e8s Wi-Fi sont le strict minimum.<\/p>\n\n\n\n<div class=\"wp-block-buttons is-content-justification-center is-layout-flex wp-block-buttons-is-layout-flex\">\n<div class=\"wp-block-button\"><a class=\"wp-block-button__link has-luminous-vivid-amber-background-color has-background\" href=\"https:\/\/www.infolocale.fr\/decouvrir\/collectivites\/?int_source=blog&amp;int_medium=banner&amp;int_campaign=blog-content-artcoll\">&gt;&gt; Collectivit\u00e9s : int\u00e9grez l&rsquo;agenda culturel de votre ville sur votre site internet<\/a><\/div>\n<\/div>\n\n\n\n<p><\/p>\n\n\n\n<h2 class=\"wp-block-heading\">C\u2019est quoi un conseil municipal ?<\/h2>\n\n\n\n<p><\/p>\n\n\n\n<p>Le conseil municipal est une assembl\u00e9e charg\u00e9e, par ses d\u00e9lib\u00e9rations, de r\u00e9gler les affaires de la commune. Ses membres sont \u00e9lus au suffrage universel direct lors des \u00e9lections municipales. Ils ont pour charge de repr\u00e9senter les citoyens et d&rsquo;orienter l&rsquo;avenir de la ville.<\/p>\n\n\n\n<p>Parmi les pr\u00e9rogatives de cette instance, on retrouve : <\/p>\n\n\n\n<ul class=\"wp-block-list\">\n<li>Le vote du budget et l&rsquo;approbation des comptes administratifs ;<\/li>\n\n\n\n<li>La cr\u00e9ation ou la suppression des services publics municipaux ;<\/li>\n\n\n\n<li>Le vote du <a href=\"https:\/\/www.collectivites-locales.gouv.fr\/animer-les-territoires\/environnement-et-urbanisme\/les-regles-durbanisme\/les-documents-durbanisme-et-les-regles-generales-durbanisme\/les-plans-locaux-durbanisme\">Plan Local d&rsquo;Urbanisme<\/a> (PLU).<\/li>\n<\/ul>\n\n\n\n<p>Rappelons un point essentiel. Les \u00e9lections municipales installent l&rsquo;assembl\u00e9e, puis cette derni\u00e8re \u00e9lit le maire de la commune. Le conseil municipal se r\u00e9unit au moins une fois par trimestre. Les d\u00e9bats suivent l\u2019ordre du jour dont la r\u00e9daction est une pr\u00e9rogative du maire.<\/p>\n\n\n\n<h2 class=\"wp-block-heading\">Droit d&rsquo;acc\u00e8s des journalistes au conseil municipal<\/h2>\n\n\n\n<p><\/p>\n\n\n\n<p>Selon <a href=\"https:\/\/www.legifrance.gouv.fr\/codes\/article_lc\/LEGIARTI000006389876\">l&rsquo;article L. 2121-18<\/a> du code g\u00e9n\u00e9ral des collectivit\u00e9s territoriales, le conseil municipal est ouvert au public. C&rsquo;est la raison pour laquelle les citoyens, tout comme les m\u00e9dias, ne peuvent donc pas s\u2019en voir interdire l\u2019acc\u00e8s. <\/p>\n\n\n\n<p>Toutefois, le maire peut exercer son pouvoir de police pour garantir la s\u00e9r\u00e9nit\u00e9 des d\u00e9bats. De plus, un huis clos peut \u00eatre vot\u00e9 \u00e0 la demande d\u2019au moins trois membres de l\u2019assembl\u00e9e pour des motifs sp\u00e9cifiques. En dehors de ces cas tr\u00e8s encadr\u00e9s, la presse jouit d&rsquo;une libert\u00e9 totale pour suivre les \u00e9changes.<\/p>\n\n\n\n<div class=\"wp-block-image\"><figure class=\"aligncenter size-large is-resized\"><a href=\"https:\/\/www.infolocale.fr\/decouvrir\/collectivites\/?utm_source=blog&amp;utm_medium=banner&amp;utm_campaign=blog-content-artcoll\"><img fetchpriority=\"high\" decoding=\"async\" src=\"https:\/\/www.infolocale.fr\/blog\/wp-content\/uploads\/2023\/03\/Bannieres-Blog-1024x910.png\" alt=\"\" class=\"wp-image-22379\" width=\"608\" height=\"540\" srcset=\"https:\/\/infolocale.20minutes.fr\/blog\/wp-content\/uploads\/2023\/03\/Bannieres-Blog-1024x910.png 1024w, https:\/\/infolocale.20minutes.fr\/blog\/wp-content\/uploads\/2023\/03\/Bannieres-Blog-300x267.png 300w, https:\/\/infolocale.20minutes.fr\/blog\/wp-content\/uploads\/2023\/03\/Bannieres-Blog-768x683.png 768w, https:\/\/infolocale.20minutes.fr\/blog\/wp-content\/uploads\/2023\/03\/Bannieres-Blog-1536x1366.png 1536w, https:\/\/infolocale.20minutes.fr\/blog\/wp-content\/uploads\/2023\/03\/Bannieres-Blog.png 1875w\" sizes=\"(max-width: 608px) 100vw, 608px\" \/><\/a><\/figure><\/div>\n\n\n\n<p><\/p>\n\n\n\n<h2 class=\"wp-block-heading\">Pourquoi la presse d\u00e9laisse-t-elle parfois vos s\u00e9ances de conseil ?<\/h2>\n\n\n\n<p><\/p>\n\n\n\n<p>La presse ne peut \u00eatre interdite de conseil municipal. Cependant, cela ne veut pas pour autant dire qu\u2019elle sera syst\u00e9matiquement pr\u00e9sente aux r\u00e9unions de votre commune.<\/p>\n\n\n\n<p>Lors du webinaire sur les <a href=\"https:\/\/www.infolocale.fr\/blog\/relations-presse-territoires-ruraux\/\">relations presse des collectivit\u00e9s locales<\/a> (que vous pouvez retrouver en bas de cet article), Jo\u00ebl Bigorgne, directeur d\u00e9partemental du d\u00e9partement des C\u00f4tes d&rsquo;Armor du journal Ouest-France pr\u00e9cise que \u201c<em>seuls 30 \u00e0 40% des conseils municipaux b\u00e9n\u00e9ficient d\u2019une couverture presse<\/em>\u201d. <\/p>\n\n\n\n<p>Plusieurs facteurs expliquent ce faible taux de couverture. On peut \u00e9voquer :<\/p>\n\n\n\n<ul class=\"wp-block-list\">\n<li>Le manque de correspondants : Cette p\u00e9nurie oblige les r\u00e9dactions \u00e0 faire des choix de calendrier quand plusieurs conseils tombent le m\u00eame jour.<\/li>\n\n\n\n<li>Le manque de place dans le journal : Le nombre d&rsquo;articles par page est fixe. Par cons\u00e9quent, les r\u00e9dactions priorisent les sujets les plus percutants.<\/li>\n\n\n\n<li>Les \u00e9lus qui ne souhaitent pas que la presse suive leur conseil municipal : Certains ne souhaitent pas de suivi m\u00e9diatique. D\u00e8s lors, ils cachent les dates des r\u00e9unions pour \u00e9viter la pr\u00e9sence des reporters.<\/li>\n<\/ul>\n\n\n\n<p><\/p>\n\n\n\n<figure class=\"wp-block-image size-full\"><a href=\"https:\/\/www.infolocale.fr\/decouvrir\/collectivites\/?utm_source=blog&amp;utm_medium=banner&amp;utm_campaign=blog-content-artcoll\"><img decoding=\"async\" width=\"908\" height=\"196\" src=\"https:\/\/www.infolocale.fr\/blog\/wp-content\/uploads\/2021\/09\/collectivite-communication.png\" alt=\"\" class=\"wp-image-13718\" srcset=\"https:\/\/infolocale.20minutes.fr\/blog\/wp-content\/uploads\/2021\/09\/collectivite-communication.png 908w, https:\/\/infolocale.20minutes.fr\/blog\/wp-content\/uploads\/2021\/09\/collectivite-communication-300x65.png 300w, https:\/\/infolocale.20minutes.fr\/blog\/wp-content\/uploads\/2021\/09\/collectivite-communication-768x166.png 768w\" sizes=\"(max-width: 908px) 100vw, 908px\" \/><\/a><figcaption class=\"wp-element-caption\">Vous voulez int\u00e9grer un agenda des \u00e9v\u00e9nements de votre commune sur votre site ? <a href=\"https:\/\/www.infolocale.fr\/decouvrir\/collectivites\/?utm_source=blog&amp;utm_medium=banner&amp;utm_campaign=blog-content-artcoll\">Contactez-nous<\/a> !<\/figcaption><\/figure>\n\n\n\n<h2 class=\"wp-block-heading\">4 conseils pour am\u00e9liorer la couverture presse de votre commune<\/h2>\n\n\n\n<p><\/p>\n\n\n\n<h4 class=\"wp-block-heading\">1 : Communiquez la date de votre conseil municipal \u00e0 la presse<\/h4>\n\n\n\n<p>La couverture presse de votre conseil municipal peut d\u00e9pendre de diff\u00e9rents facteurs. Pour commencer, sachez que le correspondant de votre commune n&rsquo;est pas toujours au courant de la tenue de votre conseil municipal. C&rsquo;est pourquoi nous vous conseillons d&rsquo;envoyer un communiqu\u00e9 de presse quelques jours avant l\u2019\u00e9ch\u00e9ance.<\/p>\n\n\n\n<h4 class=\"wp-block-heading\">2 : Envoyez l\u2019ordre du jour<\/h4>\n\n\n\n<p>Simultan\u00e9ment, n\u2019h\u00e9sitez pas \u00e0 attacher les points de la s\u00e9ance \u00e0 votre mail. Ainsi, cet \u00e9l\u00e9ment permettra au journaliste de pr\u00e9parer son dossier. Il prendra connaissance de la teneur des d\u00e9bats \u00e0 l&rsquo;avance.Cet \u00e9l\u00e9ment permettra au journaliste de se pr\u00e9parer pour la s\u00e9ance et de prendre connaissance de la teneur des diff\u00e9rents points.<\/p>\n\n\n\n<h4 class=\"wp-block-heading\">3 : Fournissez des \u00e9l\u00e9ments de contexte<\/h4>\n\n\n\n<p>Quand les dossiers abord\u00e9s en conseil municipal sont complexes, n\u2019h\u00e9sitez pas \u00e0 joindre des \u00e9l\u00e9ments compl\u00e9mentaires. Vous pouvez \u00e9galement proposer un point \u00e0 votre correspondant afin de clarifier le sujet et de r\u00e9pondre aux questions \u00e9ventuelles.<\/p>\n\n\n\n<h4 class=\"wp-block-heading\">4 : Mettez \u00e0 la disposition des journalistes le mat\u00e9riel n\u00e9cessaire<\/h4>\n\n\n\n<p>Sur le plan de l\u2019organisation, il peut \u00eatre utile de s\u2019assurer que les journalistes pr\u00e9sents \u00e0 votre conseil municipal aient \u00e0 leur disposition le mat\u00e9riel n\u00e9cessaire pour travailler. Ici, une table, une chaise et une connexion internet pourront suffire pour travailler dans de bonnes conditions.<\/p>\n\n\n\n<h2 class=\"wp-block-heading\">Obtenir un article compte-rendu du conseil municipal dans la presse r\u00e9gionale<\/h2>\n\n\n\n<blockquote class=\"wp-block-quote is-layout-flow wp-block-quote-is-layout-flow\">\n<p><\/p>\n\n\n\n<p>\u201cLe journal n\u2019est pas extensible, on ne peut pas relater enti\u00e8rement les d\u00e9bats du conseil. La consigne que l\u2019on donne aux correspondants est soit de sortir un sujet fort s\u2019il y en a et ensuite, de relater par de petites br\u00e8ves, les points qui peuvent int\u00e9resser les habitants.\u201d\u00a0<\/p>\n<cite>Nadia Le saux Cheffe d\u2019\u00e9dition des C\u00f4tes d\u2019Armor pour Ouest-France<\/cite><\/blockquote>\n\n\n\n<p><\/p>\n\n\n\n<hr class=\"wp-block-separator has-css-opacity\"\/>\n\n\n\n<p><\/p>\n\n\n\n<p>Par manque de place dans le journal, par manque d&rsquo;int\u00e9r\u00eat du public pour certains sujets, il est souvent difficile aux journalistes de transcrire la totalit\u00e9 des d\u00e9bats qui ont lieu pendant le conseil municipal en un seul article. Il ne faut pas attendre de la presse qu\u2019elle remplisse le r\u00f4le du bulletin municipal de la commune. Son r\u00f4le ne sera pas de publier un compte rendu d\u00e9taill\u00e9 des \u00e9changes. Le plus souvent, le correspondant essaiera de ressortir un sujet fort ; celui qui a un impact important sur la vie quotidienne de vos administr\u00e9s.<\/p>\n\n\n\n<figure class=\"wp-block-embed is-type-video is-provider-youtube wp-block-embed-youtube wp-embed-aspect-16-9 wp-has-aspect-ratio\"><div class=\"wp-block-embed__wrapper\">\n<iframe title=\"Collectivit\u00e9s, institutions : Renforcez vos liens avec la r\u00e9daction de votre d\u00e9partement\" width=\"1020\" height=\"574\" src=\"https:\/\/www.youtube.com\/embed\/UbnaiDprjYU?list=PLE6MweiS39Q3JmtF1WgRZibFTGYJR2f_3\" frameborder=\"0\" allow=\"accelerometer; autoplay; clipboard-write; encrypted-media; gyroscope; picture-in-picture; web-share\" referrerpolicy=\"strict-origin-when-cross-origin\" allowfullscreen><\/iframe>\n<\/div><figcaption class=\"wp-element-caption\"><em>Cet article est en parti \u00e9crit avec les informations \u00e9chang\u00e9es durant le <a href=\"https:\/\/www.youtube.com\/watch?v=UbnaiDprjYU&amp;list=PLE6MweiS39Q3JmtF1WgRZibFTGYJR2f_3\" target=\"_blank\" rel=\"noreferrer noopener\">webinaire Infolocale \/ Ouest-France et les collectivit\u00e9s des C\u00f4tes d&rsquo;Armor<\/a>.<\/em><\/figcaption><\/figure>\n","protected":false},"excerpt":{"rendered":"<p>Hormis le cas exceptionnel d&rsquo;un huis clos, il est ill\u00e9gal d&#8217;emp\u00eacher l&rsquo;acc\u00e8s de la presse au conseil municipal de votre commune. En effet, pour favoriser [&hellip;]<\/p>\n","protected":false},"author":2,"featured_media":13686,"comment_status":"open","ping_status":"open","sticky":false,"template":"","format":"standard","meta":{"_coblocks_attr":"","_coblocks_dimensions":"","_coblocks_responsive_height":"","_coblocks_accordion_ie_support":"","_mo_disable_npp":"","footnotes":""},"categories":[75],"tags":[],"class_list":["post-13685","post","type-post","status-publish","format-standard","has-post-thumbnail","hentry","category-communication-des-institutions-et-collectivites"],"yoast_head":"<!-- This site is optimized with the Yoast SEO plugin v23.2 - https:\/\/yoast.com\/wordpress\/plugins\/seo\/ -->\n<title>Conseil municipal : am\u00e9liorer la couverture presse de votre commune |<\/title>\n<meta name=\"description\" content=\"Si ce n\u2019est dans le cadre d\u2019un huis clos, il est ill\u00e9gal d&#039;emp\u00eacher l&#039;acc\u00e8s de la presse au conseil municipal de votre commune. Pour am\u00e9li...\" \/>\n<meta name=\"robots\" content=\"index, follow, max-snippet:-1, max-image-preview:large, max-video-preview:-1\" \/>\n<link rel=\"canonical\" href=\"https:\/\/infolocale.ouest-france.fr\/blog\/conseil-municipal-couverture-presse\/\" \/>\n<meta property=\"og:locale\" content=\"fr_FR\" \/>\n<meta property=\"og:type\" content=\"article\" \/>\n<meta property=\"og:title\" content=\"Conseil municipal : am\u00e9liorer la couverture presse de votre commune |\" \/>\n<meta property=\"og:description\" content=\"Si ce n\u2019est dans le cadre d\u2019un huis clos, il est ill\u00e9gal d&#039;emp\u00eacher l&#039;acc\u00e8s de la presse au conseil municipal de votre commune. Pour am\u00e9li...\" \/>\n<meta property=\"og:url\" content=\"https:\/\/infolocale.ouest-france.fr\/blog\/conseil-municipal-couverture-presse\/\" \/>\n<meta property=\"article:publisher\" content=\"https:\/\/www.facebook.com\/infolocaleFR\/\" \/>\n<meta property=\"article:published_time\" content=\"2021-09-28T11:06:40+00:00\" \/>\n<meta property=\"article:modified_time\" content=\"2026-04-27T15:01:06+00:00\" \/>\n<meta property=\"og:image\" content=\"https:\/\/infolocale.ouest-france.fr\/blog\/wp-content\/uploads\/2021\/09\/conseil-municipal-couverture-presse.jpg\" \/>\n\t<meta property=\"og:image:width\" content=\"900\" \/>\n\t<meta property=\"og:image:height\" content=\"630\" \/>\n\t<meta property=\"og:image:type\" content=\"image\/jpeg\" \/>\n<meta name=\"author\" content=\"Morgan\" \/>\n<meta name=\"twitter:card\" content=\"summary_large_image\" \/>\n<meta name=\"twitter:creator\" content=\"@infolocale\" \/>\n<meta name=\"twitter:site\" content=\"@infolocale\" \/>\n<meta name=\"twitter:label1\" content=\"\u00c9crit par\" \/>\n\t<meta name=\"twitter:data1\" content=\"Morgan\" \/>\n\t<meta name=\"twitter:label2\" content=\"Dur\u00e9e de lecture estim\u00e9e\" \/>\n\t<meta name=\"twitter:data2\" content=\"5 minutes\" \/>\n<script type=\"application\/ld+json\" class=\"yoast-schema-graph\">{\"@context\":\"https:\/\/schema.org\",\"@graph\":[{\"@type\":\"Article\",\"@id\":\"https:\/\/infolocale.ouest-france.fr\/blog\/conseil-municipal-couverture-presse\/#article\",\"isPartOf\":{\"@id\":\"https:\/\/infolocale.ouest-france.fr\/blog\/conseil-municipal-couverture-presse\/\"},\"author\":{\"name\":\"Morgan\",\"@id\":\"https:\/\/www.infolocale.fr\/blog\/#\/schema\/person\/f0f748ece99417833166b3ba8890f3db\"},\"headline\":\"Conseil municipal : comment am\u00e9liorer sa couverture dans la presse locale ?\",\"datePublished\":\"2021-09-28T11:06:40+00:00\",\"dateModified\":\"2026-04-27T15:01:06+00:00\",\"mainEntityOfPage\":{\"@id\":\"https:\/\/infolocale.ouest-france.fr\/blog\/conseil-municipal-couverture-presse\/\"},\"wordCount\":1018,\"commentCount\":0,\"publisher\":{\"@id\":\"https:\/\/www.infolocale.fr\/blog\/#organization\"},\"image\":{\"@id\":\"https:\/\/infolocale.ouest-france.fr\/blog\/conseil-municipal-couverture-presse\/#primaryimage\"},\"thumbnailUrl\":\"https:\/\/infolocale.20minutes.fr\/blog\/wp-content\/uploads\/2021\/09\/conseil-municipal-couverture-presse.jpg\",\"articleSection\":[\"Communication des institutions et collectivit\u00e9s\"],\"inLanguage\":\"fr-FR\",\"potentialAction\":[{\"@type\":\"CommentAction\",\"name\":\"Comment\",\"target\":[\"https:\/\/infolocale.ouest-france.fr\/blog\/conseil-municipal-couverture-presse\/#respond\"]}]},{\"@type\":\"WebPage\",\"@id\":\"https:\/\/infolocale.ouest-france.fr\/blog\/conseil-municipal-couverture-presse\/\",\"url\":\"https:\/\/infolocale.ouest-france.fr\/blog\/conseil-municipal-couverture-presse\/\",\"name\":\"Conseil municipal : am\u00e9liorer la couverture presse de votre commune |\",\"isPartOf\":{\"@id\":\"https:\/\/www.infolocale.fr\/blog\/#website\"},\"primaryImageOfPage\":{\"@id\":\"https:\/\/infolocale.ouest-france.fr\/blog\/conseil-municipal-couverture-presse\/#primaryimage\"},\"image\":{\"@id\":\"https:\/\/infolocale.ouest-france.fr\/blog\/conseil-municipal-couverture-presse\/#primaryimage\"},\"thumbnailUrl\":\"https:\/\/infolocale.20minutes.fr\/blog\/wp-content\/uploads\/2021\/09\/conseil-municipal-couverture-presse.jpg\",\"datePublished\":\"2021-09-28T11:06:40+00:00\",\"dateModified\":\"2026-04-27T15:01:06+00:00\",\"description\":\"Si ce n\u2019est dans le cadre d\u2019un huis clos, il est ill\u00e9gal d'emp\u00eacher l'acc\u00e8s de la presse au conseil municipal de votre commune. Pour am\u00e9li...\",\"breadcrumb\":{\"@id\":\"https:\/\/infolocale.ouest-france.fr\/blog\/conseil-municipal-couverture-presse\/#breadcrumb\"},\"inLanguage\":\"fr-FR\",\"potentialAction\":[{\"@type\":\"ReadAction\",\"target\":[\"https:\/\/infolocale.ouest-france.fr\/blog\/conseil-municipal-couverture-presse\/\"]}]},{\"@type\":\"ImageObject\",\"inLanguage\":\"fr-FR\",\"@id\":\"https:\/\/infolocale.ouest-france.fr\/blog\/conseil-municipal-couverture-presse\/#primaryimage\",\"url\":\"https:\/\/infolocale.20minutes.fr\/blog\/wp-content\/uploads\/2021\/09\/conseil-municipal-couverture-presse.jpg\",\"contentUrl\":\"https:\/\/infolocale.20minutes.fr\/blog\/wp-content\/uploads\/2021\/09\/conseil-municipal-couverture-presse.jpg\",\"width\":900,\"height\":630,\"caption\":\"am\u00e9liorer la couverture presse du conseil municipal\"},{\"@type\":\"BreadcrumbList\",\"@id\":\"https:\/\/infolocale.ouest-france.fr\/blog\/conseil-municipal-couverture-presse\/#breadcrumb\",\"itemListElement\":[{\"@type\":\"ListItem\",\"position\":1,\"name\":\"Blog\",\"item\":\"https:\/\/infolocale.ouest-france.fr\/blog\/\"},{\"@type\":\"ListItem\",\"position\":2,\"name\":\"Communication des institutions et collectivit\u00e9s\",\"item\":\"https:\/\/infolocale.ouest-france.fr\/blog\/cat\/communication-des-institutions-et-collectivites\/\"},{\"@type\":\"ListItem\",\"position\":3,\"name\":\"Conseil municipal : comment am\u00e9liorer sa couverture dans la presse locale ?\"}]},{\"@type\":\"WebSite\",\"@id\":\"https:\/\/www.infolocale.fr\/blog\/#website\",\"url\":\"https:\/\/www.infolocale.fr\/blog\/\",\"name\":\"\",\"description\":\"\",\"publisher\":{\"@id\":\"https:\/\/www.infolocale.fr\/blog\/#organization\"},\"potentialAction\":[{\"@type\":\"SearchAction\",\"target\":{\"@type\":\"EntryPoint\",\"urlTemplate\":\"https:\/\/www.infolocale.fr\/blog\/?s={search_term_string}\"},\"query-input\":\"required name=search_term_string\"}],\"inLanguage\":\"fr-FR\"},{\"@type\":\"Organization\",\"@id\":\"https:\/\/www.infolocale.fr\/blog\/#organization\",\"name\":\"Infolocale\",\"url\":\"https:\/\/www.infolocale.fr\/blog\/\",\"logo\":{\"@type\":\"ImageObject\",\"inLanguage\":\"fr-FR\",\"@id\":\"https:\/\/www.infolocale.fr\/blog\/#\/schema\/logo\/image\/\",\"url\":\"https:\/\/www.infolocale.fr\/blog\/wp-content\/uploads\/2020\/11\/logol.jpg\",\"contentUrl\":\"https:\/\/www.infolocale.fr\/blog\/wp-content\/uploads\/2020\/11\/logol.jpg\",\"width\":1031,\"height\":398,\"caption\":\"Infolocale\"},\"image\":{\"@id\":\"https:\/\/www.infolocale.fr\/blog\/#\/schema\/logo\/image\/\"},\"sameAs\":[\"https:\/\/www.facebook.com\/infolocaleFR\/\",\"https:\/\/x.com\/infolocale\",\"https:\/\/www.instagram.com\/infolocale\/\",\"https:\/\/fr.linkedin.com\/company\/infolocale\",\"https:\/\/www.youtube.com\/channel\/UCnv4FA8EYEuu_si3TGr7xeA\"]},{\"@type\":\"Person\",\"@id\":\"https:\/\/www.infolocale.fr\/blog\/#\/schema\/person\/f0f748ece99417833166b3ba8890f3db\",\"name\":\"Morgan\",\"image\":{\"@type\":\"ImageObject\",\"inLanguage\":\"fr-FR\",\"@id\":\"https:\/\/www.infolocale.fr\/blog\/#\/schema\/person\/image\/\",\"url\":\"https:\/\/secure.gravatar.com\/avatar\/a22ec2a0cc817ae9fa3ff7341a213632?s=96&d=mm&r=g\",\"contentUrl\":\"https:\/\/secure.gravatar.com\/avatar\/a22ec2a0cc817ae9fa3ff7341a213632?s=96&d=mm&r=g\",\"caption\":\"Morgan\"},\"url\":\"https:\/\/infolocale.20minutes.fr\/blog\/author\/morgan-delepine\/\"}]}<\/script>\n<!-- \/ Yoast SEO plugin. -->","yoast_head_json":{"title":"Conseil municipal : am\u00e9liorer la couverture presse de votre commune |","description":"Si ce n\u2019est dans le cadre d\u2019un huis clos, il est ill\u00e9gal d'emp\u00eacher l'acc\u00e8s de la presse au conseil municipal de votre commune. Pour am\u00e9li...","robots":{"index":"index","follow":"follow","max-snippet":"max-snippet:-1","max-image-preview":"max-image-preview:large","max-video-preview":"max-video-preview:-1"},"canonical":"https:\/\/infolocale.ouest-france.fr\/blog\/conseil-municipal-couverture-presse\/","og_locale":"fr_FR","og_type":"article","og_title":"Conseil municipal : am\u00e9liorer la couverture presse de votre commune |","og_description":"Si ce n\u2019est dans le cadre d\u2019un huis clos, il est ill\u00e9gal d'emp\u00eacher l'acc\u00e8s de la presse au conseil municipal de votre commune. Pour am\u00e9li...","og_url":"https:\/\/infolocale.ouest-france.fr\/blog\/conseil-municipal-couverture-presse\/","article_publisher":"https:\/\/www.facebook.com\/infolocaleFR\/","article_published_time":"2021-09-28T11:06:40+00:00","article_modified_time":"2026-04-27T15:01:06+00:00","og_image":[{"width":900,"height":630,"url":"https:\/\/infolocale.ouest-france.fr\/blog\/wp-content\/uploads\/2021\/09\/conseil-municipal-couverture-presse.jpg","type":"image\/jpeg"}],"author":"Morgan","twitter_card":"summary_large_image","twitter_creator":"@infolocale","twitter_site":"@infolocale","twitter_misc":{"\u00c9crit par":"Morgan","Dur\u00e9e de lecture estim\u00e9e":"5 minutes"},"schema":{"@context":"https:\/\/schema.org","@graph":[{"@type":"Article","@id":"https:\/\/infolocale.ouest-france.fr\/blog\/conseil-municipal-couverture-presse\/#article","isPartOf":{"@id":"https:\/\/infolocale.ouest-france.fr\/blog\/conseil-municipal-couverture-presse\/"},"author":{"name":"Morgan","@id":"https:\/\/www.infolocale.fr\/blog\/#\/schema\/person\/f0f748ece99417833166b3ba8890f3db"},"headline":"Conseil municipal : comment am\u00e9liorer sa couverture dans la presse locale ?","datePublished":"2021-09-28T11:06:40+00:00","dateModified":"2026-04-27T15:01:06+00:00","mainEntityOfPage":{"@id":"https:\/\/infolocale.ouest-france.fr\/blog\/conseil-municipal-couverture-presse\/"},"wordCount":1018,"commentCount":0,"publisher":{"@id":"https:\/\/www.infolocale.fr\/blog\/#organization"},"image":{"@id":"https:\/\/infolocale.ouest-france.fr\/blog\/conseil-municipal-couverture-presse\/#primaryimage"},"thumbnailUrl":"https:\/\/infolocale.20minutes.fr\/blog\/wp-content\/uploads\/2021\/09\/conseil-municipal-couverture-presse.jpg","articleSection":["Communication des institutions et collectivit\u00e9s"],"inLanguage":"fr-FR","potentialAction":[{"@type":"CommentAction","name":"Comment","target":["https:\/\/infolocale.ouest-france.fr\/blog\/conseil-municipal-couverture-presse\/#respond"]}]},{"@type":"WebPage","@id":"https:\/\/infolocale.ouest-france.fr\/blog\/conseil-municipal-couverture-presse\/","url":"https:\/\/infolocale.ouest-france.fr\/blog\/conseil-municipal-couverture-presse\/","name":"Conseil municipal : am\u00e9liorer la couverture presse de votre commune |","isPartOf":{"@id":"https:\/\/www.infolocale.fr\/blog\/#website"},"primaryImageOfPage":{"@id":"https:\/\/infolocale.ouest-france.fr\/blog\/conseil-municipal-couverture-presse\/#primaryimage"},"image":{"@id":"https:\/\/infolocale.ouest-france.fr\/blog\/conseil-municipal-couverture-presse\/#primaryimage"},"thumbnailUrl":"https:\/\/infolocale.20minutes.fr\/blog\/wp-content\/uploads\/2021\/09\/conseil-municipal-couverture-presse.jpg","datePublished":"2021-09-28T11:06:40+00:00","dateModified":"2026-04-27T15:01:06+00:00","description":"Si ce n\u2019est dans le cadre d\u2019un huis clos, il est ill\u00e9gal d'emp\u00eacher l'acc\u00e8s de la presse au conseil municipal de votre commune. Pour am\u00e9li...","breadcrumb":{"@id":"https:\/\/infolocale.ouest-france.fr\/blog\/conseil-municipal-couverture-presse\/#breadcrumb"},"inLanguage":"fr-FR","potentialAction":[{"@type":"ReadAction","target":["https:\/\/infolocale.ouest-france.fr\/blog\/conseil-municipal-couverture-presse\/"]}]},{"@type":"ImageObject","inLanguage":"fr-FR","@id":"https:\/\/infolocale.ouest-france.fr\/blog\/conseil-municipal-couverture-presse\/#primaryimage","url":"https:\/\/infolocale.20minutes.fr\/blog\/wp-content\/uploads\/2021\/09\/conseil-municipal-couverture-presse.jpg","contentUrl":"https:\/\/infolocale.20minutes.fr\/blog\/wp-content\/uploads\/2021\/09\/conseil-municipal-couverture-presse.jpg","width":900,"height":630,"caption":"am\u00e9liorer la couverture presse du conseil municipal"},{"@type":"BreadcrumbList","@id":"https:\/\/infolocale.ouest-france.fr\/blog\/conseil-municipal-couverture-presse\/#breadcrumb","itemListElement":[{"@type":"ListItem","position":1,"name":"Blog","item":"https:\/\/infolocale.ouest-france.fr\/blog\/"},{"@type":"ListItem","position":2,"name":"Communication des institutions et collectivit\u00e9s","item":"https:\/\/infolocale.ouest-france.fr\/blog\/cat\/communication-des-institutions-et-collectivites\/"},{"@type":"ListItem","position":3,"name":"Conseil municipal : comment am\u00e9liorer sa couverture dans la presse locale ?"}]},{"@type":"WebSite","@id":"https:\/\/www.infolocale.fr\/blog\/#website","url":"https:\/\/www.infolocale.fr\/blog\/","name":"","description":"","publisher":{"@id":"https:\/\/www.infolocale.fr\/blog\/#organization"},"potentialAction":[{"@type":"SearchAction","target":{"@type":"EntryPoint","urlTemplate":"https:\/\/www.infolocale.fr\/blog\/?s={search_term_string}"},"query-input":"required name=search_term_string"}],"inLanguage":"fr-FR"},{"@type":"Organization","@id":"https:\/\/www.infolocale.fr\/blog\/#organization","name":"Infolocale","url":"https:\/\/www.infolocale.fr\/blog\/","logo":{"@type":"ImageObject","inLanguage":"fr-FR","@id":"https:\/\/www.infolocale.fr\/blog\/#\/schema\/logo\/image\/","url":"https:\/\/www.infolocale.fr\/blog\/wp-content\/uploads\/2020\/11\/logol.jpg","contentUrl":"https:\/\/www.infolocale.fr\/blog\/wp-content\/uploads\/2020\/11\/logol.jpg","width":1031,"height":398,"caption":"Infolocale"},"image":{"@id":"https:\/\/www.infolocale.fr\/blog\/#\/schema\/logo\/image\/"},"sameAs":["https:\/\/www.facebook.com\/infolocaleFR\/","https:\/\/x.com\/infolocale","https:\/\/www.instagram.com\/infolocale\/","https:\/\/fr.linkedin.com\/company\/infolocale","https:\/\/www.youtube.com\/channel\/UCnv4FA8EYEuu_si3TGr7xeA"]},{"@type":"Person","@id":"https:\/\/www.infolocale.fr\/blog\/#\/schema\/person\/f0f748ece99417833166b3ba8890f3db","name":"Morgan","image":{"@type":"ImageObject","inLanguage":"fr-FR","@id":"https:\/\/www.infolocale.fr\/blog\/#\/schema\/person\/image\/","url":"https:\/\/secure.gravatar.com\/avatar\/a22ec2a0cc817ae9fa3ff7341a213632?s=96&d=mm&r=g","contentUrl":"https:\/\/secure.gravatar.com\/avatar\/a22ec2a0cc817ae9fa3ff7341a213632?s=96&d=mm&r=g","caption":"Morgan"},"url":"https:\/\/infolocale.20minutes.fr\/blog\/author\/morgan-delepine\/"}]}},"_links":{"self":[{"href":"https:\/\/infolocale.20minutes.fr\/blog\/wp-json\/wp\/v2\/posts\/13685"}],"collection":[{"href":"https:\/\/infolocale.20minutes.fr\/blog\/wp-json\/wp\/v2\/posts"}],"about":[{"href":"https:\/\/infolocale.20minutes.fr\/blog\/wp-json\/wp\/v2\/types\/post"}],"author":[{"embeddable":true,"href":"https:\/\/infolocale.20minutes.fr\/blog\/wp-json\/wp\/v2\/users\/2"}],"replies":[{"embeddable":true,"href":"https:\/\/infolocale.20minutes.fr\/blog\/wp-json\/wp\/v2\/comments?post=13685"}],"version-history":[{"count":0,"href":"https:\/\/infolocale.20minutes.fr\/blog\/wp-json\/wp\/v2\/posts\/13685\/revisions"}],"wp:featuredmedia":[{"embeddable":true,"href":"https:\/\/infolocale.20minutes.fr\/blog\/wp-json\/wp\/v2\/media\/13686"}],"wp:attachment":[{"href":"https:\/\/infolocale.20minutes.fr\/blog\/wp-json\/wp\/v2\/media?parent=13685"}],"wp:term":[{"taxonomy":"category","embeddable":true,"href":"https:\/\/infolocale.20minutes.fr\/blog\/wp-json\/wp\/v2\/categories?post=13685"},{"taxonomy":"post_tag","embeddable":true,"href":"https:\/\/infolocale.20minutes.fr\/blog\/wp-json\/wp\/v2\/tags?post=13685"}],"curies":[{"name":"wp","href":"https:\/\/api.w.org\/{rel}","templated":true}]}}