{"id":13646,"date":"2021-09-22T16:18:45","date_gmt":"2021-09-22T14:18:45","guid":{"rendered":"https:\/\/www.infolocale.fr\/blog\/?p=13646"},"modified":"2021-09-27T16:07:17","modified_gmt":"2021-09-27T14:07:17","slug":"la-loi-du-24-aout-2021-legifere-la-collecte-des-dons-pour-les-associations","status":"publish","type":"post","link":"https:\/\/infolocale.20minutes.fr\/blog\/la-loi-du-24-aout-2021-legifere-la-collecte-des-dons-pour-les-associations\/","title":{"rendered":"La loi du 24 ao\u00fbt 2021 l\u00e9gif\u00e8re la collecte des dons pour les associations"},"content":{"rendered":"\n<p><a href=\"https:\/\/www.legifrance.gouv.fr\/jorf\/id\/JORFTEXT000043964778#:~:text=I.,de%20neutralit%C3%A9%20du%20service%20public.\" target=\"_blank\" rel=\"noreferrer noopener\">La loi du 24 ao\u00fbt 2021<\/a> sur le respect des principes r\u00e9publicains est une loi essentielle pour les associations. Dans son expos\u00e9 des motifs, le Gouvernement a pr\u00e9cis\u00e9 l&rsquo;ambition de ce projet de loi \u00ab&nbsp;<strong>en terminer avec l&rsquo;impuissance face \u00e0 ceux qui malm\u00e8nent la coh\u00e9sion nationale et la fraternit\u00e9, face \u00e0 ce qui m\u00e9connait la R\u00e9publique et bafoue les exigences minimales de vie en soci\u00e9t\u00e9, conforter les principes de la R\u00e9publique<\/strong>&nbsp;\u00bb.<\/p>\n\n\n\n<h2 class=\"wp-block-heading\">De nouvelles dispositions pour d\u00e9clarer les dons per\u00e7us par les associations<\/h2>\n\n\n\n<p>La loi du 24 ao\u00fbt 2021 comporte plusieurs dispositions dont certaines s&rsquo;int\u00e9ressent aux dons re\u00e7us par les associations d&rsquo;int\u00e9r\u00eat g\u00e9n\u00e9ral. Elle veut :<\/p>\n\n\n\n<ul class=\"wp-block-list\"><li>Accro\u00eetre le contr\u00f4le des associations, la transparence des cultes et leur financement&nbsp;<\/li><\/ul>\n\n\n\n<ul class=\"wp-block-list\"><li>Rendre obligatoire la d\u00e9claration annuelle des ressources collect\u00e9es pour les organismes qui \u00e9mettent des re\u00e7us fiscaux.<\/li><li>D\u00e9clarer le nombre de justificatifs de re\u00e7us fiscaux \u00e9mis<\/li><\/ul>\n\n\n\n<p>Cette nouvelle obligation s&rsquo;applique aux documents d\u00e9livr\u00e9s pour les dons et versements re\u00e7us, \u00e0 compter du 1er janvier 2021.  <\/p>\n\n\n\n<p>L&rsquo;absence de d\u00e9claration dans les trois mois de la cl\u00f4ture de l&rsquo;exercice, pour la deuxi\u00e8me ann\u00e9e cons\u00e9cutive, est punie d&rsquo;une amende d&rsquo;un montant de 1 500 \u20ac<\/p>\n\n\n\n<h2 class=\"wp-block-heading\">Pr\u00eats entre associations et fondations<\/h2>\n\n\n\n<p>Dans un article pr\u00e9c\u00e9dent, diffus\u00e9 sur notre Blog, nous avons pr\u00e9cis\u00e9 les termes de l<a href=\"https:\/\/www.infolocale.fr\/blog\/deux-nouvelles-lois-en-faveur-des-associations\/\" target=\"_blank\" rel=\"noreferrer noopener\">a loi du 1er juillet 2021<\/a> en faveur des associations. La loi du 24 ao\u00fbt 2021 am\u00e9liore la tr\u00e9sorerie des associations en leur permettant d\u00e9sormais le pr\u00eat entre associations et fondations. Ceci implique que ces associations et fondations soit reconnues d&rsquo;utilit\u00e9 publique. Attention, seules les structures appartenant \u00e0 un m\u00eame r\u00e9seau (union, f\u00e9d\u00e9ration) sont concern\u00e9es. Dans ce cas, les structures peuvent octroyer, \u00e0 un membre de leur r\u00e9seau, des pr\u00eats \u00e0 moins de deux ans \u00e0 taux z\u00e9ro.<\/p>\n\n\n\n<h2 class=\"wp-block-heading\">Appel \u00e0 la g\u00e9n\u00e9rosit\u00e9 du public<\/h2>\n\n\n\n<p>Le r\u00e9gime juridique de la collecte de dons aupr\u00e8s du public a \u00e9t\u00e9 modifi\u00e9. Il concerne la d\u00e9claration de l&rsquo;<strong>A<\/strong>ppel \u00e0 la <strong>G<\/strong>\u00e9n\u00e9rosit\u00e9 du <strong>P<\/strong>ublic (<strong>AGP<\/strong>) aupr\u00e8s de la pr\u00e9fecture en cas de franchissement du seuil fix\u00e9 \u00e0 153 000 \u20ac<\/p>\n\n\n\n<p>La loi parle d\u00e9sormais de \u00ab\u00a0<strong>ressources collect\u00e9es<\/strong>\u00a0\u00bb et non plus de \u00ab\u00a0dons collect\u00e9s\u00a0\u00bb. Un plus grand nombre d&rsquo;organismes risque de franchir ce seuil de 153 000 \u20ac Cette somme, collect\u00e9e au cours de l&rsquo;un des deux exercices pr\u00e9c\u00e9dents, ne doit pas exc\u00e9der ce montant. Si c&rsquo;est le cas pendant l&rsquo;exercice en cours, il convient de la d\u00e9clarer aupr\u00e8s de la pr\u00e9fecture.<\/p>\n","protected":false},"excerpt":{"rendered":"<p>La loi du 24 ao\u00fbt 2021 sur le respect des principes r\u00e9publicains est une loi essentielle pour les associations. Dans son expos\u00e9 des motifs, le [&hellip;]<\/p>\n","protected":false},"author":8,"featured_media":13652,"comment_status":"open","ping_status":"open","sticky":false,"template":"","format":"standard","meta":{"_coblocks_attr":"","_coblocks_dimensions":"","_coblocks_responsive_height":"","_coblocks_accordion_ie_support":"","_mo_disable_npp":"","footnotes":""},"categories":[6],"tags":[],"class_list":["post-13646","post","type-post","status-publish","format-standard","has-post-thumbnail","hentry","category-actu-acteurs-locaux"],"yoast_head":"<!-- This site is optimized with the Yoast SEO plugin v23.2 - https:\/\/yoast.com\/wordpress\/plugins\/seo\/ -->\n<title>La loi du 24 ao\u00fbt 2021 l\u00e9gif\u00e8re la collecte des dons pour les associations |<\/title>\n<meta name=\"description\" content=\"La loi du 24 ao\u00fbt 2021 impose la d\u00e9claration annuelle des dons per\u00e7us par les associations d&#039;int\u00e9r\u00eat g\u00e9n\u00e9ral, contr\u00f4le la g\u00e9n\u00e9rosit\u00e9 publique\" \/>\n<meta name=\"robots\" content=\"index, follow, max-snippet:-1, max-image-preview:large, max-video-preview:-1\" \/>\n<link rel=\"canonical\" href=\"https:\/\/infolocale.ouest-france.fr\/blog\/la-loi-du-24-aout-2021-legifere-la-collecte-des-dons-pour-les-associations\/\" \/>\n<meta property=\"og:locale\" content=\"fr_FR\" \/>\n<meta property=\"og:type\" content=\"article\" \/>\n<meta property=\"og:title\" content=\"La loi du 24 ao\u00fbt 2021 l\u00e9gif\u00e8re la collecte des dons pour les associations |\" \/>\n<meta property=\"og:description\" content=\"La loi du 24 ao\u00fbt 2021 impose la d\u00e9claration annuelle des dons per\u00e7us par les associations d&#039;int\u00e9r\u00eat g\u00e9n\u00e9ral, contr\u00f4le la g\u00e9n\u00e9rosit\u00e9 publique\" \/>\n<meta property=\"og:url\" content=\"https:\/\/infolocale.ouest-france.fr\/blog\/la-loi-du-24-aout-2021-legifere-la-collecte-des-dons-pour-les-associations\/\" \/>\n<meta property=\"article:publisher\" content=\"https:\/\/www.facebook.com\/infolocaleFR\/\" \/>\n<meta property=\"article:published_time\" content=\"2021-09-22T14:18:45+00:00\" \/>\n<meta property=\"article:modified_time\" content=\"2021-09-27T14:07:17+00:00\" \/>\n<meta property=\"og:image\" content=\"https:\/\/infolocale.ouest-france.fr\/blog\/wp-content\/uploads\/2021\/09\/LogoJustice.jpg\" \/>\n\t<meta property=\"og:image:width\" content=\"900\" \/>\n\t<meta property=\"og:image:height\" content=\"630\" \/>\n\t<meta property=\"og:image:type\" content=\"image\/jpeg\" \/>\n<meta name=\"author\" content=\"Myl\u00e8ne\" \/>\n<meta name=\"twitter:card\" content=\"summary_large_image\" \/>\n<meta name=\"twitter:creator\" content=\"@infolocale\" \/>\n<meta name=\"twitter:site\" content=\"@infolocale\" \/>\n<meta name=\"twitter:label1\" content=\"\u00c9crit par\" \/>\n\t<meta name=\"twitter:data1\" content=\"Myl\u00e8ne\" \/>\n\t<meta name=\"twitter:label2\" content=\"Dur\u00e9e de lecture estim\u00e9e\" \/>\n\t<meta name=\"twitter:data2\" content=\"2 minutes\" \/>\n<script type=\"application\/ld+json\" class=\"yoast-schema-graph\">{\"@context\":\"https:\/\/schema.org\",\"@graph\":[{\"@type\":\"Article\",\"@id\":\"https:\/\/infolocale.ouest-france.fr\/blog\/la-loi-du-24-aout-2021-legifere-la-collecte-des-dons-pour-les-associations\/#article\",\"isPartOf\":{\"@id\":\"https:\/\/infolocale.ouest-france.fr\/blog\/la-loi-du-24-aout-2021-legifere-la-collecte-des-dons-pour-les-associations\/\"},\"author\":{\"name\":\"Myl\u00e8ne\",\"@id\":\"https:\/\/www.infolocale.fr\/blog\/#\/schema\/person\/bf2dc50c6636ffa2ce3e44ef1f9eb97f\"},\"headline\":\"La loi du 24 ao\u00fbt 2021 l\u00e9gif\u00e8re la collecte des dons pour les associations\",\"datePublished\":\"2021-09-22T14:18:45+00:00\",\"dateModified\":\"2021-09-27T14:07:17+00:00\",\"mainEntityOfPage\":{\"@id\":\"https:\/\/infolocale.ouest-france.fr\/blog\/la-loi-du-24-aout-2021-legifere-la-collecte-des-dons-pour-les-associations\/\"},\"wordCount\":452,\"commentCount\":11,\"publisher\":{\"@id\":\"https:\/\/www.infolocale.fr\/blog\/#organization\"},\"image\":{\"@id\":\"https:\/\/infolocale.ouest-france.fr\/blog\/la-loi-du-24-aout-2021-legifere-la-collecte-des-dons-pour-les-associations\/#primaryimage\"},\"thumbnailUrl\":\"https:\/\/infolocale.20minutes.fr\/blog\/wp-content\/uploads\/2021\/09\/LogoJustice.jpg\",\"articleSection\":[\"En ce moment\"],\"inLanguage\":\"fr-FR\",\"potentialAction\":[{\"@type\":\"CommentAction\",\"name\":\"Comment\",\"target\":[\"https:\/\/infolocale.ouest-france.fr\/blog\/la-loi-du-24-aout-2021-legifere-la-collecte-des-dons-pour-les-associations\/#respond\"]}]},{\"@type\":\"WebPage\",\"@id\":\"https:\/\/infolocale.ouest-france.fr\/blog\/la-loi-du-24-aout-2021-legifere-la-collecte-des-dons-pour-les-associations\/\",\"url\":\"https:\/\/infolocale.ouest-france.fr\/blog\/la-loi-du-24-aout-2021-legifere-la-collecte-des-dons-pour-les-associations\/\",\"name\":\"La loi du 24 ao\u00fbt 2021 l\u00e9gif\u00e8re la collecte des dons pour les associations |\",\"isPartOf\":{\"@id\":\"https:\/\/www.infolocale.fr\/blog\/#website\"},\"primaryImageOfPage\":{\"@id\":\"https:\/\/infolocale.ouest-france.fr\/blog\/la-loi-du-24-aout-2021-legifere-la-collecte-des-dons-pour-les-associations\/#primaryimage\"},\"image\":{\"@id\":\"https:\/\/infolocale.ouest-france.fr\/blog\/la-loi-du-24-aout-2021-legifere-la-collecte-des-dons-pour-les-associations\/#primaryimage\"},\"thumbnailUrl\":\"https:\/\/infolocale.20minutes.fr\/blog\/wp-content\/uploads\/2021\/09\/LogoJustice.jpg\",\"datePublished\":\"2021-09-22T14:18:45+00:00\",\"dateModified\":\"2021-09-27T14:07:17+00:00\",\"description\":\"La loi du 24 ao\u00fbt 2021 impose la d\u00e9claration annuelle des dons per\u00e7us par les associations d'int\u00e9r\u00eat g\u00e9n\u00e9ral, contr\u00f4le la g\u00e9n\u00e9rosit\u00e9 publique\",\"breadcrumb\":{\"@id\":\"https:\/\/infolocale.ouest-france.fr\/blog\/la-loi-du-24-aout-2021-legifere-la-collecte-des-dons-pour-les-associations\/#breadcrumb\"},\"inLanguage\":\"fr-FR\",\"potentialAction\":[{\"@type\":\"ReadAction\",\"target\":[\"https:\/\/infolocale.ouest-france.fr\/blog\/la-loi-du-24-aout-2021-legifere-la-collecte-des-dons-pour-les-associations\/\"]}]},{\"@type\":\"ImageObject\",\"inLanguage\":\"fr-FR\",\"@id\":\"https:\/\/infolocale.ouest-france.fr\/blog\/la-loi-du-24-aout-2021-legifere-la-collecte-des-dons-pour-les-associations\/#primaryimage\",\"url\":\"https:\/\/infolocale.20minutes.fr\/blog\/wp-content\/uploads\/2021\/09\/LogoJustice.jpg\",\"contentUrl\":\"https:\/\/infolocale.20minutes.fr\/blog\/wp-content\/uploads\/2021\/09\/LogoJustice.jpg\",\"width\":900,\"height\":630,\"caption\":\"La loi du 24 ao\u00fbt 2021 l\u00e9gif\u00e8re la collecte de dons des associations\"},{\"@type\":\"BreadcrumbList\",\"@id\":\"https:\/\/infolocale.ouest-france.fr\/blog\/la-loi-du-24-aout-2021-legifere-la-collecte-des-dons-pour-les-associations\/#breadcrumb\",\"itemListElement\":[{\"@type\":\"ListItem\",\"position\":1,\"name\":\"Blog\",\"item\":\"https:\/\/infolocale.ouest-france.fr\/blog\/\"},{\"@type\":\"ListItem\",\"position\":2,\"name\":\"En ce moment\",\"item\":\"https:\/\/infolocale.20minutes.fr\/blog\/cat\/actu-acteurs-locaux\/\"},{\"@type\":\"ListItem\",\"position\":3,\"name\":\"La loi du 24 ao\u00fbt 2021 l\u00e9gif\u00e8re la collecte des dons pour les associations\"}]},{\"@type\":\"WebSite\",\"@id\":\"https:\/\/www.infolocale.fr\/blog\/#website\",\"url\":\"https:\/\/www.infolocale.fr\/blog\/\",\"name\":\"\",\"description\":\"\",\"publisher\":{\"@id\":\"https:\/\/www.infolocale.fr\/blog\/#organization\"},\"potentialAction\":[{\"@type\":\"SearchAction\",\"target\":{\"@type\":\"EntryPoint\",\"urlTemplate\":\"https:\/\/www.infolocale.fr\/blog\/?s={search_term_string}\"},\"query-input\":\"required name=search_term_string\"}],\"inLanguage\":\"fr-FR\"},{\"@type\":\"Organization\",\"@id\":\"https:\/\/www.infolocale.fr\/blog\/#organization\",\"name\":\"Infolocale\",\"url\":\"https:\/\/www.infolocale.fr\/blog\/\",\"logo\":{\"@type\":\"ImageObject\",\"inLanguage\":\"fr-FR\",\"@id\":\"https:\/\/www.infolocale.fr\/blog\/#\/schema\/logo\/image\/\",\"url\":\"https:\/\/www.infolocale.fr\/blog\/wp-content\/uploads\/2020\/11\/logol.jpg\",\"contentUrl\":\"https:\/\/www.infolocale.fr\/blog\/wp-content\/uploads\/2020\/11\/logol.jpg\",\"width\":1031,\"height\":398,\"caption\":\"Infolocale\"},\"image\":{\"@id\":\"https:\/\/www.infolocale.fr\/blog\/#\/schema\/logo\/image\/\"},\"sameAs\":[\"https:\/\/www.facebook.com\/infolocaleFR\/\",\"https:\/\/x.com\/infolocale\",\"https:\/\/www.instagram.com\/infolocale\/\",\"https:\/\/fr.linkedin.com\/company\/infolocale\",\"https:\/\/www.youtube.com\/channel\/UCnv4FA8EYEuu_si3TGr7xeA\"]},{\"@type\":\"Person\",\"@id\":\"https:\/\/www.infolocale.fr\/blog\/#\/schema\/person\/bf2dc50c6636ffa2ce3e44ef1f9eb97f\",\"name\":\"Myl\u00e8ne\",\"image\":{\"@type\":\"ImageObject\",\"inLanguage\":\"fr-FR\",\"@id\":\"https:\/\/www.infolocale.fr\/blog\/#\/schema\/person\/image\/\",\"url\":\"https:\/\/secure.gravatar.com\/avatar\/49511f0ea4b41ed3062b218e30f07042?s=96&d=mm&r=g\",\"contentUrl\":\"https:\/\/secure.gravatar.com\/avatar\/49511f0ea4b41ed3062b218e30f07042?s=96&d=mm&r=g\",\"caption\":\"Myl\u00e8ne\"},\"url\":\"https:\/\/infolocale.20minutes.fr\/blog\/author\/mylene-michel\/\"}]}<\/script>\n<!-- \/ Yoast SEO plugin. -->","yoast_head_json":{"title":"La loi du 24 ao\u00fbt 2021 l\u00e9gif\u00e8re la collecte des dons pour les associations |","description":"La loi du 24 ao\u00fbt 2021 impose la d\u00e9claration annuelle des dons per\u00e7us par les associations d'int\u00e9r\u00eat g\u00e9n\u00e9ral, contr\u00f4le la g\u00e9n\u00e9rosit\u00e9 publique","robots":{"index":"index","follow":"follow","max-snippet":"max-snippet:-1","max-image-preview":"max-image-preview:large","max-video-preview":"max-video-preview:-1"},"canonical":"https:\/\/infolocale.ouest-france.fr\/blog\/la-loi-du-24-aout-2021-legifere-la-collecte-des-dons-pour-les-associations\/","og_locale":"fr_FR","og_type":"article","og_title":"La loi du 24 ao\u00fbt 2021 l\u00e9gif\u00e8re la collecte des dons pour les associations |","og_description":"La loi du 24 ao\u00fbt 2021 impose la d\u00e9claration annuelle des dons per\u00e7us par les associations d'int\u00e9r\u00eat g\u00e9n\u00e9ral, contr\u00f4le la g\u00e9n\u00e9rosit\u00e9 publique","og_url":"https:\/\/infolocale.ouest-france.fr\/blog\/la-loi-du-24-aout-2021-legifere-la-collecte-des-dons-pour-les-associations\/","article_publisher":"https:\/\/www.facebook.com\/infolocaleFR\/","article_published_time":"2021-09-22T14:18:45+00:00","article_modified_time":"2021-09-27T14:07:17+00:00","og_image":[{"width":900,"height":630,"url":"https:\/\/infolocale.ouest-france.fr\/blog\/wp-content\/uploads\/2021\/09\/LogoJustice.jpg","type":"image\/jpeg"}],"author":"Myl\u00e8ne","twitter_card":"summary_large_image","twitter_creator":"@infolocale","twitter_site":"@infolocale","twitter_misc":{"\u00c9crit par":"Myl\u00e8ne","Dur\u00e9e de lecture estim\u00e9e":"2 minutes"},"schema":{"@context":"https:\/\/schema.org","@graph":[{"@type":"Article","@id":"https:\/\/infolocale.ouest-france.fr\/blog\/la-loi-du-24-aout-2021-legifere-la-collecte-des-dons-pour-les-associations\/#article","isPartOf":{"@id":"https:\/\/infolocale.ouest-france.fr\/blog\/la-loi-du-24-aout-2021-legifere-la-collecte-des-dons-pour-les-associations\/"},"author":{"name":"Myl\u00e8ne","@id":"https:\/\/www.infolocale.fr\/blog\/#\/schema\/person\/bf2dc50c6636ffa2ce3e44ef1f9eb97f"},"headline":"La loi du 24 ao\u00fbt 2021 l\u00e9gif\u00e8re la collecte des dons pour les associations","datePublished":"2021-09-22T14:18:45+00:00","dateModified":"2021-09-27T14:07:17+00:00","mainEntityOfPage":{"@id":"https:\/\/infolocale.ouest-france.fr\/blog\/la-loi-du-24-aout-2021-legifere-la-collecte-des-dons-pour-les-associations\/"},"wordCount":452,"commentCount":11,"publisher":{"@id":"https:\/\/www.infolocale.fr\/blog\/#organization"},"image":{"@id":"https:\/\/infolocale.ouest-france.fr\/blog\/la-loi-du-24-aout-2021-legifere-la-collecte-des-dons-pour-les-associations\/#primaryimage"},"thumbnailUrl":"https:\/\/infolocale.20minutes.fr\/blog\/wp-content\/uploads\/2021\/09\/LogoJustice.jpg","articleSection":["En ce moment"],"inLanguage":"fr-FR","potentialAction":[{"@type":"CommentAction","name":"Comment","target":["https:\/\/infolocale.ouest-france.fr\/blog\/la-loi-du-24-aout-2021-legifere-la-collecte-des-dons-pour-les-associations\/#respond"]}]},{"@type":"WebPage","@id":"https:\/\/infolocale.ouest-france.fr\/blog\/la-loi-du-24-aout-2021-legifere-la-collecte-des-dons-pour-les-associations\/","url":"https:\/\/infolocale.ouest-france.fr\/blog\/la-loi-du-24-aout-2021-legifere-la-collecte-des-dons-pour-les-associations\/","name":"La loi du 24 ao\u00fbt 2021 l\u00e9gif\u00e8re la collecte des dons pour les associations |","isPartOf":{"@id":"https:\/\/www.infolocale.fr\/blog\/#website"},"primaryImageOfPage":{"@id":"https:\/\/infolocale.ouest-france.fr\/blog\/la-loi-du-24-aout-2021-legifere-la-collecte-des-dons-pour-les-associations\/#primaryimage"},"image":{"@id":"https:\/\/infolocale.ouest-france.fr\/blog\/la-loi-du-24-aout-2021-legifere-la-collecte-des-dons-pour-les-associations\/#primaryimage"},"thumbnailUrl":"https:\/\/infolocale.20minutes.fr\/blog\/wp-content\/uploads\/2021\/09\/LogoJustice.jpg","datePublished":"2021-09-22T14:18:45+00:00","dateModified":"2021-09-27T14:07:17+00:00","description":"La loi du 24 ao\u00fbt 2021 impose la d\u00e9claration annuelle des dons per\u00e7us par les associations d'int\u00e9r\u00eat g\u00e9n\u00e9ral, contr\u00f4le la g\u00e9n\u00e9rosit\u00e9 publique","breadcrumb":{"@id":"https:\/\/infolocale.ouest-france.fr\/blog\/la-loi-du-24-aout-2021-legifere-la-collecte-des-dons-pour-les-associations\/#breadcrumb"},"inLanguage":"fr-FR","potentialAction":[{"@type":"ReadAction","target":["https:\/\/infolocale.ouest-france.fr\/blog\/la-loi-du-24-aout-2021-legifere-la-collecte-des-dons-pour-les-associations\/"]}]},{"@type":"ImageObject","inLanguage":"fr-FR","@id":"https:\/\/infolocale.ouest-france.fr\/blog\/la-loi-du-24-aout-2021-legifere-la-collecte-des-dons-pour-les-associations\/#primaryimage","url":"https:\/\/infolocale.20minutes.fr\/blog\/wp-content\/uploads\/2021\/09\/LogoJustice.jpg","contentUrl":"https:\/\/infolocale.20minutes.fr\/blog\/wp-content\/uploads\/2021\/09\/LogoJustice.jpg","width":900,"height":630,"caption":"La loi du 24 ao\u00fbt 2021 l\u00e9gif\u00e8re la collecte de dons des associations"},{"@type":"BreadcrumbList","@id":"https:\/\/infolocale.ouest-france.fr\/blog\/la-loi-du-24-aout-2021-legifere-la-collecte-des-dons-pour-les-associations\/#breadcrumb","itemListElement":[{"@type":"ListItem","position":1,"name":"Blog","item":"https:\/\/infolocale.ouest-france.fr\/blog\/"},{"@type":"ListItem","position":2,"name":"En ce moment","item":"https:\/\/infolocale.20minutes.fr\/blog\/cat\/actu-acteurs-locaux\/"},{"@type":"ListItem","position":3,"name":"La loi du 24 ao\u00fbt 2021 l\u00e9gif\u00e8re la collecte des dons pour les associations"}]},{"@type":"WebSite","@id":"https:\/\/www.infolocale.fr\/blog\/#website","url":"https:\/\/www.infolocale.fr\/blog\/","name":"","description":"","publisher":{"@id":"https:\/\/www.infolocale.fr\/blog\/#organization"},"potentialAction":[{"@type":"SearchAction","target":{"@type":"EntryPoint","urlTemplate":"https:\/\/www.infolocale.fr\/blog\/?s={search_term_string}"},"query-input":"required name=search_term_string"}],"inLanguage":"fr-FR"},{"@type":"Organization","@id":"https:\/\/www.infolocale.fr\/blog\/#organization","name":"Infolocale","url":"https:\/\/www.infolocale.fr\/blog\/","logo":{"@type":"ImageObject","inLanguage":"fr-FR","@id":"https:\/\/www.infolocale.fr\/blog\/#\/schema\/logo\/image\/","url":"https:\/\/www.infolocale.fr\/blog\/wp-content\/uploads\/2020\/11\/logol.jpg","contentUrl":"https:\/\/www.infolocale.fr\/blog\/wp-content\/uploads\/2020\/11\/logol.jpg","width":1031,"height":398,"caption":"Infolocale"},"image":{"@id":"https:\/\/www.infolocale.fr\/blog\/#\/schema\/logo\/image\/"},"sameAs":["https:\/\/www.facebook.com\/infolocaleFR\/","https:\/\/x.com\/infolocale","https:\/\/www.instagram.com\/infolocale\/","https:\/\/fr.linkedin.com\/company\/infolocale","https:\/\/www.youtube.com\/channel\/UCnv4FA8EYEuu_si3TGr7xeA"]},{"@type":"Person","@id":"https:\/\/www.infolocale.fr\/blog\/#\/schema\/person\/bf2dc50c6636ffa2ce3e44ef1f9eb97f","name":"Myl\u00e8ne","image":{"@type":"ImageObject","inLanguage":"fr-FR","@id":"https:\/\/www.infolocale.fr\/blog\/#\/schema\/person\/image\/","url":"https:\/\/secure.gravatar.com\/avatar\/49511f0ea4b41ed3062b218e30f07042?s=96&d=mm&r=g","contentUrl":"https:\/\/secure.gravatar.com\/avatar\/49511f0ea4b41ed3062b218e30f07042?s=96&d=mm&r=g","caption":"Myl\u00e8ne"},"url":"https:\/\/infolocale.20minutes.fr\/blog\/author\/mylene-michel\/"}]}},"_links":{"self":[{"href":"https:\/\/infolocale.20minutes.fr\/blog\/wp-json\/wp\/v2\/posts\/13646"}],"collection":[{"href":"https:\/\/infolocale.20minutes.fr\/blog\/wp-json\/wp\/v2\/posts"}],"about":[{"href":"https:\/\/infolocale.20minutes.fr\/blog\/wp-json\/wp\/v2\/types\/post"}],"author":[{"embeddable":true,"href":"https:\/\/infolocale.20minutes.fr\/blog\/wp-json\/wp\/v2\/users\/8"}],"replies":[{"embeddable":true,"href":"https:\/\/infolocale.20minutes.fr\/blog\/wp-json\/wp\/v2\/comments?post=13646"}],"version-history":[{"count":0,"href":"https:\/\/infolocale.20minutes.fr\/blog\/wp-json\/wp\/v2\/posts\/13646\/revisions"}],"wp:featuredmedia":[{"embeddable":true,"href":"https:\/\/infolocale.20minutes.fr\/blog\/wp-json\/wp\/v2\/media\/13652"}],"wp:attachment":[{"href":"https:\/\/infolocale.20minutes.fr\/blog\/wp-json\/wp\/v2\/media?parent=13646"}],"wp:term":[{"taxonomy":"category","embeddable":true,"href":"https:\/\/infolocale.20minutes.fr\/blog\/wp-json\/wp\/v2\/categories?post=13646"},{"taxonomy":"post_tag","embeddable":true,"href":"https:\/\/infolocale.20minutes.fr\/blog\/wp-json\/wp\/v2\/tags?post=13646"}],"curies":[{"name":"wp","href":"https:\/\/api.w.org\/{rel}","templated":true}]}}