{"id":13623,"date":"2021-09-22T12:29:55","date_gmt":"2021-09-22T10:29:55","guid":{"rendered":"https:\/\/www.infolocale.fr\/blog\/?p=13623"},"modified":"2022-04-08T13:19:56","modified_gmt":"2022-04-08T11:19:56","slug":"convocation-assemblee-generale-association","status":"publish","type":"post","link":"https:\/\/infolocale.20minutes.fr\/blog\/convocation-assemblee-generale-association\/","title":{"rendered":"Ecrire et envoyer la convocation \u00e0 votre assembl\u00e9e g\u00e9n\u00e9rale"},"content":{"rendered":"\n<p>L\u2019une des obligations \u00e0 toute organisation d\u2019assembl\u00e9e g\u00e9n\u00e9rale d\u2019association est de communiquer les d\u00e9tails de celle-ci \u00e0 ses membres. Cette transmission se fait par l\u2019interm\u00e9diaire d&rsquo;une <strong>convocation \u00e0 l&rsquo;assembl\u00e9e g\u00e9n\u00e9rale<\/strong> ; document dont la r\u00e9daction r\u00e9pond \u00e0 un certain nombre de r\u00e8gles.&nbsp;<\/p>\n\n\n\n<ul class=\"has-black-color has-text-color has-background wp-block-list\" style=\"background-color:#a1d5f5\"><li>Les statuts de votre association peuvent d\u00e9signer la personne responsable de pr\u00e9parer et d\u2019envoyer les convocations. Dans le silence des statuts, ce peut \u00eatre le pr\u00e9sident qui en aura la charge.&nbsp;<\/li><li>La convocation \u00e0 l\u2019<strong>assembl\u00e9e g\u00e9n\u00e9rale d\u2019une association<\/strong> doit \u00eatre communiqu\u00e9e suffisamment en amont pour laisser le temps aux participants d\u2019organiser leur pr\u00e9sence et de se pr\u00e9parer aux d\u00e9bats.&nbsp;<\/li><li>\u00c9vitez d\u2019informer vos membres verbalement, vous devez \u00eatre en mesure de prouver que vous avez communiqu\u00e9 la convocation.<\/li><li>Privil\u00e9giez une convocation par mail, courrier postal ou recommand\u00e9.<\/li><li>En plus de ce premier mode de communication, vous pouvez publier un article sur votre site et afficher dans les locaux de votre association.<\/li><li><strong>La convocation \u00e0 l\u2019assembl\u00e9e g\u00e9n\u00e9rale<\/strong> devra identifier l\u2019association, pr\u00e9ciser l\u2019objet de la convocation, pr\u00e9ciser la date, le lieu et l\u2019heure ainsi que l\u2019ordre du jour.<\/li><\/ul>\n\n\n\n<h2 class=\"wp-block-heading\">Dans quels cas faut-il convoquer une assembl\u00e9e g\u00e9n\u00e9rale d\u2019association ?<\/h2>\n\n\n\n<p>Dans la plupart des cas, l\u2019assembl\u00e9e g\u00e9n\u00e9rale est convoqu\u00e9e une fois par an. Cependant, il n\u2019y a pas d\u2019obligation l\u00e9gale \u00e0 cela. Seules les associations dont les statuts imposent l\u2019organisation d\u2019une assembl\u00e9e g\u00e9n\u00e9rale sont dans l\u2019obligation de la faire. Dans ce domaine, ce sont donc vos <a href=\"https:\/\/www.infolocale.fr\/blog\/rediger-statuts-dune-association\/\">statuts<\/a> qui fixent la p\u00e9riodicit\u00e9 ou les \u00e9v\u00e9nements susceptibles d&rsquo;entra\u00eener une <strong>convocation de l\u2019assembl\u00e9e g\u00e9n\u00e9rale en association<\/strong>.<br><\/p>\n\n\n\n<p>Il arrive que les associations soient dans l\u2019obligation de convoquer une assembl\u00e9e g\u00e9n\u00e9rale. Ce sera par exemple le cas pour :&nbsp;<\/p>\n\n\n\n<ul class=\"wp-block-list\"><li>Les associations reconnues d\u2019utilit\u00e9 publique,<\/li><li>celles percevant des subventions publiques,<\/li><li>les associations agr\u00e9\u00e9es <\/li><\/ul>\n\n\n\n<p>Dans d&rsquo;autres cas, ce peut \u00eatre un \u00e9v\u00e9nement li\u00e9 \u00e0 un sujet de la vie quotidienne de votre association qui n\u00e9cessite la <strong>convocation d\u2019une assembl\u00e9e g\u00e9n\u00e9rale<\/strong>.<\/p>\n\n\n\n<ul class=\"wp-block-list\"><li>En cas de besoin de <a href=\"https:\/\/www.infolocale.fr\/blog\/modifier-statuts-association\/\">modifier les statuts de l\u2019association<\/a><\/li><li>Pour dissoudre une association<\/li><li>Pour voter le souhait d\u2019obtenir un statut d\u2019utilit\u00e9 publique<\/li><\/ul>\n\n\n\n<p>Souvent, les associations vont organiser une assembl\u00e9e g\u00e9n\u00e9rale annuelle. Elle offre l\u2019occasion :&nbsp;<\/p>\n\n\n\n<ul class=\"wp-block-list\"><li>de rassembler les membres.&nbsp;<\/li><li>Elle permet au bureau ou au <a href=\"https:\/\/www.infolocale.fr\/blog\/conseil-dadministration-association\/\">conseil d\u2019administration<\/a> de pr\u00e9senter le bilan des activit\u00e9s de l\u2019ann\u00e9e pass\u00e9e.&nbsp;<\/li><li>Elle permet d\u2019<a href=\"https:\/\/www.infolocale.fr\/blog\/quitus-association\/\">obtenir le quitus de l\u2019assembl\u00e9e g\u00e9n\u00e9rale<\/a>,&nbsp;<\/li><li>de fixer le cap pour les ann\u00e9es \u00e0 venir,<\/li><li>d\u2019<a href=\"https:\/\/www.infolocale.fr\/blog\/elire-bureau-association\/\">\u00e9lire les membres du bureau<\/a>.<\/li><\/ul>\n\n\n\n<div class=\"wp-block-buttons is-horizontal is-content-justification-center is-layout-flex wp-container-core-buttons-is-layout-1 wp-block-buttons-is-layout-flex\">\n<div class=\"wp-block-button\"><a class=\"wp-block-button__link has-white-color has-luminous-vivid-amber-background-color has-text-color has-background wp-element-button\"><strong>&gt;&gt;Inscrire mon asso \u00e0 Infolocale <\/strong><\/a><\/div>\n<\/div>\n\n\n\n<h2 class=\"wp-block-heading\">Qui envoie la convocation ?<\/h2>\n\n\n\n<p>Souvent, les statuts fixent les r\u00e8gles d\u00e9finissant le mode de <strong>convocation \u00e0 l\u2019assembl\u00e9e g\u00e9n\u00e9rale d\u2019une association<\/strong>. Cependant, c\u2019est souvent un point que les organisations les plus jeunes ou les plus petites peuvent avoir laiss\u00e9 de c\u00f4t\u00e9 lors de la <a href=\"https:\/\/www.infolocale.fr\/blog\/creer-une-association\/\">cr\u00e9ation de leur association<\/a>.&nbsp;<\/p>\n\n\n\n<p>Dans ce cas, ce sera g\u00e9n\u00e9ralement le <a href=\"https:\/\/www.infolocale.fr\/blog\/president-association-role-responsabilites\/\">r\u00f4le du pr\u00e9sident<\/a> de se charger de l\u2019envoi des convocations.&nbsp;<\/p>\n\n\n\n<p>Il est pr\u00e9f\u00e9rable que les process r\u00e9glant les diff\u00e9rents moments de la vie d\u2019une association soient \u00e9crits noir sur blanc dans les statuts ou dans votre <a href=\"https:\/\/www.infolocale.fr\/blog\/reglement-interieur-association\/\">r\u00e8glement int\u00e9rieur<\/a>. Cependant, en cas d\u2019oubli, vous devrez vous entendre entre vous pour vous r\u00e9partir les t\u00e2ches d&rsquo;\u00e9criture et d\u2019exp\u00e9dition des convocations.&nbsp;<\/p>\n\n\n\n<h2 class=\"wp-block-heading\">Comment envoyer la convocation \u00e0 l\u2019assembl\u00e9e g\u00e9n\u00e9rale ?<\/h2>\n\n\n\n<p>Afin d&rsquo;informer vos membres ou plus largement les participants \u00e0 votre assembl\u00e9e g\u00e9n\u00e9rale, diff\u00e9rents modes d&rsquo;envoi de votre convocation s\u2019offrent \u00e0 vous. Ce peut-\u00eatre :<\/p>\n\n\n\n<ul class=\"wp-block-list\"><li>un courrier postal simple,<\/li><li>un mail,<\/li><li>ce peut \u00eatre par courrier recommand\u00e9,<\/li><li>par insertion d\u2019un encart ou d\u2019une communication dans la presse locale ou nationale<\/li><li>par affichage,<\/li><li>en publiant un article sur le site internet de l\u2019association.<\/li><\/ul>\n\n\n\n<p>Dans tous les cas, il est pr\u00e9f\u00e9rable d\u2019\u00e9viter une communication uniquement verbale. En cas de litige, il vous serait alors difficile de prouver que vous avez bien communiqu\u00e9 l\u2019information \u00e0 l\u2019ensemble de vos membres.<\/p>\n\n\n\n<h2 class=\"wp-block-heading\">Qui est convoqu\u00e9 \u00e0 l\u2019assembl\u00e9e g\u00e9n\u00e9rale d\u2019une association ?<\/h2>\n\n\n\n<p>En principe, l\u2019ensemble des membres de l\u2019association devrait \u00eatre convoqu\u00e9 \u00e0 l\u2019assembl\u00e9e g\u00e9n\u00e9rale. Les dirigeants, les membres du bureau et du conseil d\u2019administration, m\u00eame s\u2019ils ne sont pas \u00e0 jour de leur droit d\u2019entr\u00e9e, sont consid\u00e9r\u00e9s, de par leur statuts, comme membres de l\u2019association. <\/p>\n\n\n\n<p>Les salari\u00e9s peuvent \u00e9galement \u00eatre convoqu\u00e9s. <\/p>\n\n\n\n<p>Enfin, une personne morale, membre de l\u2019association ou du conseil d\u2019administration peut \u00e9galement participer \u00e0 l\u2019assembl\u00e9e g\u00e9n\u00e9rale. Cette derni\u00e8re sera alors repr\u00e9sent\u00e9e par un mandataire.<\/p>\n\n\n\n<p>N\u00e9anmoins, les statuts peuvent limiter les convocations&nbsp;<\/p>\n\n\n\n<ul class=\"wp-block-list\"><li>selon des crit\u00e8res d\u2019\u00e2ge<\/li><li>d\u2019anciennet\u00e9<\/li><li>aux personnes \u00e0 jour de leur cotisation<\/li><\/ul>\n\n\n<div class=\"wp-block-image is-resized\">\n<figure class=\"aligncenter size-large has-lightbox\"><a href=\"https:\/\/www.infolocale.fr\/decouvrir\/deposant\/?utm_source=blog&amp;utm_medium=banner&amp;utm_campaign=blog-content\"><img fetchpriority=\"high\" decoding=\"async\" width=\"1024\" height=\"1024\" src=\"https:\/\/www.infolocale.fr\/blog\/wp-content\/uploads\/2021\/11\/banniere-NLDASSO-carree1500x1500-1024x1024.jpg\" alt=\"\" class=\"wp-image-23946\" srcset=\"https:\/\/infolocale.20minutes.fr\/blog\/wp-content\/uploads\/2021\/11\/banniere-NLDASSO-carree1500x1500-1024x1024.jpg 1024w, https:\/\/infolocale.20minutes.fr\/blog\/wp-content\/uploads\/2021\/11\/banniere-NLDASSO-carree1500x1500-300x300.jpg 300w, https:\/\/infolocale.20minutes.fr\/blog\/wp-content\/uploads\/2021\/11\/banniere-NLDASSO-carree1500x1500-150x150.jpg 150w, https:\/\/infolocale.20minutes.fr\/blog\/wp-content\/uploads\/2021\/11\/banniere-NLDASSO-carree1500x1500-768x768.jpg 768w, https:\/\/infolocale.20minutes.fr\/blog\/wp-content\/uploads\/2021\/11\/banniere-NLDASSO-carree1500x1500.jpg 1500w\" sizes=\"(max-width: 1024px) 100vw, 1024px\" \/><\/a><\/figure><\/div>\n\n\n<h2 class=\"wp-block-heading\">Quand envoyer la convocation ?<\/h2>\n\n\n\n<p>Le <a href=\"https:\/\/www.infolocale.fr\/blog\/delai-convoquer-assemblee-generale\/\">d\u00e9lai de convocation <\/a>doit \u00eatre assez long pour permettre aux participants d\u2019organiser leur pr\u00e9sence. Il doit \u00e9galement permettre de prendre connaissance de l\u2019ordre du jour, de se pr\u00e9parer aux d\u00e9bats et de prendre connaissance des diff\u00e9rents documents qui pourraient \u00eatre joints \u00e0 la convocation.<\/p>\n\n\n\n<p>On estime g\u00e9n\u00e9ralement qu\u2019un d\u00e9lai de quinze jours \u00e0 un mois est satisfaisant. Pour un courrier postal, le d\u00e9lai \u00e9coul\u00e9 est compt\u00e9 \u00e0 partir du jour d\u2019envoi. En cas de d\u00e9lai insuffisant, l&rsquo;assembl\u00e9e g\u00e9n\u00e9rale peut voir ses d\u00e9cisions invalid\u00e9es.<\/p>\n\n\n\n<h2 class=\"wp-block-heading\">\u00c9crire la convocation \u00e0 l\u2019assembl\u00e9e g\u00e9n\u00e9rale ?<\/h2>\n\n\n\n<div class=\"wp-block-buttons is-layout-flex wp-block-buttons-is-layout-flex\">\n<div class=\"wp-block-button has-custom-width wp-block-button__width-100\"><a class=\"wp-block-button__link has-vivid-cyan-blue-color has-white-background-color has-text-color has-background\" href=\"#elementor-action%3Aaction%3Dpopup%3Aopen%26settings%3DeyJpZCI6IjEyODgwIiwidG9nZ2xlIjpmYWxzZX0%3D\">&gt;&gt; T\u00e9l\u00e9chargez un exemple de convocation pour assembl\u00e9e g\u00e9n\u00e9rale<\/a><\/div>\n<\/div>\n\n\n\n<p>Un certain nombre d&rsquo;informations doivent appara\u00eetre sur la <strong>convocation \u00e0 l\u2019assembl\u00e9e g\u00e9n\u00e9rale d\u2019une association<\/strong>.&nbsp;<\/p>\n\n\n\n<ul class=\"wp-block-list\"><li>On doit pouvoir identifier l\u2019association. Cela peut-\u00eatre en portant le logo et son nom.<\/li><li>Ajouter un objet : <strong>convocation \u00e0 l\u2019assembl\u00e9e g\u00e9n\u00e9rale<\/strong> de (nom de votre association)<\/li><li>la date, le lieu de l\u2019AG<\/li><li>l\u2019heure \u00e0 laquelle d\u00e9butera l\u2019AG.<\/li><li>l\u2019<a href=\"https:\/\/www.infolocale.fr\/blog\/ecrire-ordre-du-jour-assemblee-generale-association\/\">ordre du jour<\/a><\/li><li>la signature de l\u2019auteur<\/li><\/ul>\n\n\n\n<p>Une fois votre convocation r\u00e9dig\u00e9e et envoy\u00e9e, vous devrez imp\u00e9rativement en conserver un exemplaire dans les <a href=\"https:\/\/www.infolocale.fr\/blog\/conserver-archives-association\/\">archives de votre association<\/a>. L\u00e9galement vous devrez conserver le document pour une dur\u00e9e minimum de cinq ans.<\/p>\n\n\n\n<h2 class=\"wp-block-heading\">Les diff\u00e9rentes \u00e9tapes de l\u2019assembl\u00e9e g\u00e9n\u00e9rale ordinaire<\/h2>\n\n\n\n<p>Ceci fait, l\u2019<a href=\"https:\/\/www.infolocale.fr\/blog\/assemblee-generale-association\/\">assembl\u00e9e g\u00e9n\u00e9rale en association<\/a> devrait pouvoir se d\u00e9rouler dans les meilleures conditions.<\/p>\n\n\n\n<ol class=\"wp-block-list\"><li>Pour commencer, <a href=\"https:\/\/www.infolocale.fr\/blog\/quorum-assemblee-generale-association\/\">v\u00e9rifiez la pr\u00e9sence du quorum<\/a>. Cela peut se faire en faisant \u00e9marger les participants. Cela vous permettra de vous assurer que les d\u00e9cisions prises pourront \u00eatre officiellement adopt\u00e9es.<\/li><li>Dans la plupart des cas, ce sont le pr\u00e9sident et le secr\u00e9taire qui dirigent l\u2019assembl\u00e9e g\u00e9n\u00e9rale. Si ce n\u2019est pas le cas dans votre association, vous devrez nommer un pr\u00e9sident ainsi qu\u2019un secr\u00e9taire de s\u00e9ance.<\/li><li>En suite, le pr\u00e9sident de s\u00e9ance peut d\u00e9clarer la s\u00e9ance ouverte et effectuer une lecture de l\u2019ordre du jour.<\/li><li>S\u2019en suivra des d\u00e9bats sur chacun des points pr\u00e9sents \u00e0 l\u2019ordre du jour et un vote de validation des d\u00e9cisions prises.<\/li><li>Finalement, le secr\u00e9taire de s\u00e9ance devra, le lendemain, <a href=\"https:\/\/www.infolocale.fr\/blog\/proces-verbal-dassemblee-generale-ordinaire\/\">r\u00e9diger un proc\u00e8s-verbal d\u2019assembl\u00e9e g\u00e9n\u00e9rale<\/a>. Ce document est un compte-rendu de l\u2019assembl\u00e9e g\u00e9n\u00e9rale qui fait \u00e9tat des d\u00e9cisions prises par l\u2019AG.<\/li><\/ol>\n","protected":false},"excerpt":{"rendered":"<p>L\u2019une des obligations \u00e0 toute organisation d\u2019assembl\u00e9e g\u00e9n\u00e9rale d\u2019association est de communiquer les d\u00e9tails de celle-ci \u00e0 ses membres. Cette transmission se fait par l\u2019interm\u00e9diaire [&hellip;]<\/p>\n","protected":false},"author":2,"featured_media":13628,"comment_status":"open","ping_status":"open","sticky":false,"template":"","format":"standard","meta":{"_coblocks_attr":"","_coblocks_dimensions":"","_coblocks_responsive_height":"","_coblocks_accordion_ie_support":"","_mo_disable_npp":"","footnotes":""},"categories":[74],"tags":[104],"class_list":["post-13623","post","type-post","status-publish","format-standard","has-post-thumbnail","hentry","category-creer-et-administrer-une-association-1901","tag-assemblee-generale-ordinaire"],"yoast_head":"<!-- This site is optimized with the Yoast SEO plugin v23.2 - https:\/\/yoast.com\/wordpress\/plugins\/seo\/ -->\n<title>Convocation \u00e0 l&#039;assembl\u00e9e g\u00e9n\u00e9rale en association. L&#039;\u00e9crire et l&#039;envoyer |<\/title>\n<meta name=\"description\" content=\"Une liste d&#039;informations \u00e0 int\u00e9grer dans la convocation \u00e0 l&#039;assembl\u00e9e g\u00e9n\u00e9rale de votre association ainsi qu&#039;un exemple \u00e0 t\u00e9l\u00e9charger.\" \/>\n<meta name=\"robots\" content=\"index, follow, max-snippet:-1, max-image-preview:large, max-video-preview:-1\" \/>\n<link rel=\"canonical\" href=\"https:\/\/infolocale.ouest-france.fr\/blog\/convocation-assemblee-generale-association\/\" \/>\n<meta property=\"og:locale\" content=\"fr_FR\" \/>\n<meta property=\"og:type\" content=\"article\" \/>\n<meta property=\"og:title\" content=\"Convocation \u00e0 l&#039;assembl\u00e9e g\u00e9n\u00e9rale en association. L&#039;\u00e9crire et l&#039;envoyer |\" \/>\n<meta property=\"og:description\" content=\"Une liste d&#039;informations \u00e0 int\u00e9grer dans la convocation \u00e0 l&#039;assembl\u00e9e g\u00e9n\u00e9rale de votre association ainsi qu&#039;un exemple \u00e0 t\u00e9l\u00e9charger.\" \/>\n<meta property=\"og:url\" content=\"https:\/\/infolocale.ouest-france.fr\/blog\/convocation-assemblee-generale-association\/\" \/>\n<meta property=\"article:publisher\" content=\"https:\/\/www.facebook.com\/infolocaleFR\/\" \/>\n<meta property=\"article:published_time\" content=\"2021-09-22T10:29:55+00:00\" \/>\n<meta property=\"article:modified_time\" content=\"2022-04-08T11:19:56+00:00\" \/>\n<meta property=\"og:image\" content=\"https:\/\/infolocale.ouest-france.fr\/blog\/wp-content\/uploads\/2021\/09\/convocation-assemblee-generale-association.jpg\" \/>\n\t<meta property=\"og:image:width\" content=\"900\" \/>\n\t<meta property=\"og:image:height\" content=\"630\" \/>\n\t<meta property=\"og:image:type\" content=\"image\/jpeg\" \/>\n<meta name=\"author\" content=\"Morgan\" \/>\n<meta name=\"twitter:card\" content=\"summary_large_image\" \/>\n<meta name=\"twitter:creator\" content=\"@infolocale\" \/>\n<meta name=\"twitter:site\" content=\"@infolocale\" \/>\n<meta name=\"twitter:label1\" content=\"\u00c9crit par\" \/>\n\t<meta name=\"twitter:data1\" content=\"Morgan\" \/>\n\t<meta name=\"twitter:label2\" content=\"Dur\u00e9e de lecture estim\u00e9e\" \/>\n\t<meta name=\"twitter:data2\" content=\"6 minutes\" \/>\n<script type=\"application\/ld+json\" class=\"yoast-schema-graph\">{\"@context\":\"https:\/\/schema.org\",\"@graph\":[{\"@type\":\"Article\",\"@id\":\"https:\/\/infolocale.ouest-france.fr\/blog\/convocation-assemblee-generale-association\/#article\",\"isPartOf\":{\"@id\":\"https:\/\/infolocale.ouest-france.fr\/blog\/convocation-assemblee-generale-association\/\"},\"author\":{\"name\":\"Morgan\",\"@id\":\"https:\/\/www.infolocale.fr\/blog\/#\/schema\/person\/f0f748ece99417833166b3ba8890f3db\"},\"headline\":\"Ecrire et envoyer la convocation \u00e0 votre assembl\u00e9e g\u00e9n\u00e9rale\",\"datePublished\":\"2021-09-22T10:29:55+00:00\",\"dateModified\":\"2022-04-08T11:19:56+00:00\",\"mainEntityOfPage\":{\"@id\":\"https:\/\/infolocale.ouest-france.fr\/blog\/convocation-assemblee-generale-association\/\"},\"wordCount\":1327,\"commentCount\":0,\"publisher\":{\"@id\":\"https:\/\/www.infolocale.fr\/blog\/#organization\"},\"image\":{\"@id\":\"https:\/\/infolocale.ouest-france.fr\/blog\/convocation-assemblee-generale-association\/#primaryimage\"},\"thumbnailUrl\":\"https:\/\/infolocale.20minutes.fr\/blog\/wp-content\/uploads\/2021\/09\/convocation-assemblee-generale-association.jpg\",\"keywords\":[\"Assembl\u00e9e g\u00e9n\u00e9rale ordinaire\"],\"articleSection\":[\"Cr\u00e9er et g\u00e9rer une association\"],\"inLanguage\":\"fr-FR\",\"potentialAction\":[{\"@type\":\"CommentAction\",\"name\":\"Comment\",\"target\":[\"https:\/\/infolocale.ouest-france.fr\/blog\/convocation-assemblee-generale-association\/#respond\"]}]},{\"@type\":\"WebPage\",\"@id\":\"https:\/\/infolocale.ouest-france.fr\/blog\/convocation-assemblee-generale-association\/\",\"url\":\"https:\/\/infolocale.ouest-france.fr\/blog\/convocation-assemblee-generale-association\/\",\"name\":\"Convocation \u00e0 l'assembl\u00e9e g\u00e9n\u00e9rale en association. L'\u00e9crire et l'envoyer |\",\"isPartOf\":{\"@id\":\"https:\/\/www.infolocale.fr\/blog\/#website\"},\"primaryImageOfPage\":{\"@id\":\"https:\/\/infolocale.ouest-france.fr\/blog\/convocation-assemblee-generale-association\/#primaryimage\"},\"image\":{\"@id\":\"https:\/\/infolocale.ouest-france.fr\/blog\/convocation-assemblee-generale-association\/#primaryimage\"},\"thumbnailUrl\":\"https:\/\/infolocale.20minutes.fr\/blog\/wp-content\/uploads\/2021\/09\/convocation-assemblee-generale-association.jpg\",\"datePublished\":\"2021-09-22T10:29:55+00:00\",\"dateModified\":\"2022-04-08T11:19:56+00:00\",\"description\":\"Une liste d'informations \u00e0 int\u00e9grer dans la convocation \u00e0 l'assembl\u00e9e g\u00e9n\u00e9rale de votre association ainsi qu'un exemple \u00e0 t\u00e9l\u00e9charger.\",\"breadcrumb\":{\"@id\":\"https:\/\/infolocale.ouest-france.fr\/blog\/convocation-assemblee-generale-association\/#breadcrumb\"},\"inLanguage\":\"fr-FR\",\"potentialAction\":[{\"@type\":\"ReadAction\",\"target\":[\"https:\/\/infolocale.ouest-france.fr\/blog\/convocation-assemblee-generale-association\/\"]}]},{\"@type\":\"ImageObject\",\"inLanguage\":\"fr-FR\",\"@id\":\"https:\/\/infolocale.ouest-france.fr\/blog\/convocation-assemblee-generale-association\/#primaryimage\",\"url\":\"https:\/\/infolocale.20minutes.fr\/blog\/wp-content\/uploads\/2021\/09\/convocation-assemblee-generale-association.jpg\",\"contentUrl\":\"https:\/\/infolocale.20minutes.fr\/blog\/wp-content\/uploads\/2021\/09\/convocation-assemblee-generale-association.jpg\",\"width\":900,\"height\":630,\"caption\":\"comment \u00e9crire la convocation pour l'assembl\u00e9e g\u00e9n\u00e9rale de mon association ?\"},{\"@type\":\"BreadcrumbList\",\"@id\":\"https:\/\/infolocale.ouest-france.fr\/blog\/convocation-assemblee-generale-association\/#breadcrumb\",\"itemListElement\":[{\"@type\":\"ListItem\",\"position\":1,\"name\":\"Blog\",\"item\":\"https:\/\/infolocale.ouest-france.fr\/blog\/\"},{\"@type\":\"ListItem\",\"position\":2,\"name\":\"Cr\u00e9er et g\u00e9rer une association\",\"item\":\"https:\/\/infolocale.ouest-france.fr\/blog\/cat\/creer-et-administrer-une-association-1901\/\"},{\"@type\":\"ListItem\",\"position\":3,\"name\":\"Ecrire et envoyer la convocation \u00e0 votre assembl\u00e9e g\u00e9n\u00e9rale\"}]},{\"@type\":\"WebSite\",\"@id\":\"https:\/\/www.infolocale.fr\/blog\/#website\",\"url\":\"https:\/\/www.infolocale.fr\/blog\/\",\"name\":\"\",\"description\":\"\",\"publisher\":{\"@id\":\"https:\/\/www.infolocale.fr\/blog\/#organization\"},\"potentialAction\":[{\"@type\":\"SearchAction\",\"target\":{\"@type\":\"EntryPoint\",\"urlTemplate\":\"https:\/\/www.infolocale.fr\/blog\/?s={search_term_string}\"},\"query-input\":\"required name=search_term_string\"}],\"inLanguage\":\"fr-FR\"},{\"@type\":\"Organization\",\"@id\":\"https:\/\/www.infolocale.fr\/blog\/#organization\",\"name\":\"Infolocale\",\"url\":\"https:\/\/www.infolocale.fr\/blog\/\",\"logo\":{\"@type\":\"ImageObject\",\"inLanguage\":\"fr-FR\",\"@id\":\"https:\/\/www.infolocale.fr\/blog\/#\/schema\/logo\/image\/\",\"url\":\"https:\/\/www.infolocale.fr\/blog\/wp-content\/uploads\/2020\/11\/logol.jpg\",\"contentUrl\":\"https:\/\/www.infolocale.fr\/blog\/wp-content\/uploads\/2020\/11\/logol.jpg\",\"width\":1031,\"height\":398,\"caption\":\"Infolocale\"},\"image\":{\"@id\":\"https:\/\/www.infolocale.fr\/blog\/#\/schema\/logo\/image\/\"},\"sameAs\":[\"https:\/\/www.facebook.com\/infolocaleFR\/\",\"https:\/\/x.com\/infolocale\",\"https:\/\/www.instagram.com\/infolocale\/\",\"https:\/\/fr.linkedin.com\/company\/infolocale\",\"https:\/\/www.youtube.com\/channel\/UCnv4FA8EYEuu_si3TGr7xeA\"]},{\"@type\":\"Person\",\"@id\":\"https:\/\/www.infolocale.fr\/blog\/#\/schema\/person\/f0f748ece99417833166b3ba8890f3db\",\"name\":\"Morgan\",\"image\":{\"@type\":\"ImageObject\",\"inLanguage\":\"fr-FR\",\"@id\":\"https:\/\/www.infolocale.fr\/blog\/#\/schema\/person\/image\/\",\"url\":\"https:\/\/secure.gravatar.com\/avatar\/a22ec2a0cc817ae9fa3ff7341a213632?s=96&d=mm&r=g\",\"contentUrl\":\"https:\/\/secure.gravatar.com\/avatar\/a22ec2a0cc817ae9fa3ff7341a213632?s=96&d=mm&r=g\",\"caption\":\"Morgan\"},\"url\":\"https:\/\/infolocale.20minutes.fr\/blog\/author\/morgan-delepine\/\"}]}<\/script>\n<!-- \/ Yoast SEO plugin. -->","yoast_head_json":{"title":"Convocation \u00e0 l'assembl\u00e9e g\u00e9n\u00e9rale en association. L'\u00e9crire et l'envoyer |","description":"Une liste d'informations \u00e0 int\u00e9grer dans la convocation \u00e0 l'assembl\u00e9e g\u00e9n\u00e9rale de votre association ainsi qu'un exemple \u00e0 t\u00e9l\u00e9charger.","robots":{"index":"index","follow":"follow","max-snippet":"max-snippet:-1","max-image-preview":"max-image-preview:large","max-video-preview":"max-video-preview:-1"},"canonical":"https:\/\/infolocale.ouest-france.fr\/blog\/convocation-assemblee-generale-association\/","og_locale":"fr_FR","og_type":"article","og_title":"Convocation \u00e0 l'assembl\u00e9e g\u00e9n\u00e9rale en association. L'\u00e9crire et l'envoyer |","og_description":"Une liste d'informations \u00e0 int\u00e9grer dans la convocation \u00e0 l'assembl\u00e9e g\u00e9n\u00e9rale de votre association ainsi qu'un exemple \u00e0 t\u00e9l\u00e9charger.","og_url":"https:\/\/infolocale.ouest-france.fr\/blog\/convocation-assemblee-generale-association\/","article_publisher":"https:\/\/www.facebook.com\/infolocaleFR\/","article_published_time":"2021-09-22T10:29:55+00:00","article_modified_time":"2022-04-08T11:19:56+00:00","og_image":[{"width":900,"height":630,"url":"https:\/\/infolocale.ouest-france.fr\/blog\/wp-content\/uploads\/2021\/09\/convocation-assemblee-generale-association.jpg","type":"image\/jpeg"}],"author":"Morgan","twitter_card":"summary_large_image","twitter_creator":"@infolocale","twitter_site":"@infolocale","twitter_misc":{"\u00c9crit par":"Morgan","Dur\u00e9e de lecture estim\u00e9e":"6 minutes"},"schema":{"@context":"https:\/\/schema.org","@graph":[{"@type":"Article","@id":"https:\/\/infolocale.ouest-france.fr\/blog\/convocation-assemblee-generale-association\/#article","isPartOf":{"@id":"https:\/\/infolocale.ouest-france.fr\/blog\/convocation-assemblee-generale-association\/"},"author":{"name":"Morgan","@id":"https:\/\/www.infolocale.fr\/blog\/#\/schema\/person\/f0f748ece99417833166b3ba8890f3db"},"headline":"Ecrire et envoyer la convocation \u00e0 votre assembl\u00e9e g\u00e9n\u00e9rale","datePublished":"2021-09-22T10:29:55+00:00","dateModified":"2022-04-08T11:19:56+00:00","mainEntityOfPage":{"@id":"https:\/\/infolocale.ouest-france.fr\/blog\/convocation-assemblee-generale-association\/"},"wordCount":1327,"commentCount":0,"publisher":{"@id":"https:\/\/www.infolocale.fr\/blog\/#organization"},"image":{"@id":"https:\/\/infolocale.ouest-france.fr\/blog\/convocation-assemblee-generale-association\/#primaryimage"},"thumbnailUrl":"https:\/\/infolocale.20minutes.fr\/blog\/wp-content\/uploads\/2021\/09\/convocation-assemblee-generale-association.jpg","keywords":["Assembl\u00e9e g\u00e9n\u00e9rale ordinaire"],"articleSection":["Cr\u00e9er et g\u00e9rer une association"],"inLanguage":"fr-FR","potentialAction":[{"@type":"CommentAction","name":"Comment","target":["https:\/\/infolocale.ouest-france.fr\/blog\/convocation-assemblee-generale-association\/#respond"]}]},{"@type":"WebPage","@id":"https:\/\/infolocale.ouest-france.fr\/blog\/convocation-assemblee-generale-association\/","url":"https:\/\/infolocale.ouest-france.fr\/blog\/convocation-assemblee-generale-association\/","name":"Convocation \u00e0 l'assembl\u00e9e g\u00e9n\u00e9rale en association. L'\u00e9crire et l'envoyer |","isPartOf":{"@id":"https:\/\/www.infolocale.fr\/blog\/#website"},"primaryImageOfPage":{"@id":"https:\/\/infolocale.ouest-france.fr\/blog\/convocation-assemblee-generale-association\/#primaryimage"},"image":{"@id":"https:\/\/infolocale.ouest-france.fr\/blog\/convocation-assemblee-generale-association\/#primaryimage"},"thumbnailUrl":"https:\/\/infolocale.20minutes.fr\/blog\/wp-content\/uploads\/2021\/09\/convocation-assemblee-generale-association.jpg","datePublished":"2021-09-22T10:29:55+00:00","dateModified":"2022-04-08T11:19:56+00:00","description":"Une liste d'informations \u00e0 int\u00e9grer dans la convocation \u00e0 l'assembl\u00e9e g\u00e9n\u00e9rale de votre association ainsi qu'un exemple \u00e0 t\u00e9l\u00e9charger.","breadcrumb":{"@id":"https:\/\/infolocale.ouest-france.fr\/blog\/convocation-assemblee-generale-association\/#breadcrumb"},"inLanguage":"fr-FR","potentialAction":[{"@type":"ReadAction","target":["https:\/\/infolocale.ouest-france.fr\/blog\/convocation-assemblee-generale-association\/"]}]},{"@type":"ImageObject","inLanguage":"fr-FR","@id":"https:\/\/infolocale.ouest-france.fr\/blog\/convocation-assemblee-generale-association\/#primaryimage","url":"https:\/\/infolocale.20minutes.fr\/blog\/wp-content\/uploads\/2021\/09\/convocation-assemblee-generale-association.jpg","contentUrl":"https:\/\/infolocale.20minutes.fr\/blog\/wp-content\/uploads\/2021\/09\/convocation-assemblee-generale-association.jpg","width":900,"height":630,"caption":"comment \u00e9crire la convocation pour l'assembl\u00e9e g\u00e9n\u00e9rale de mon association ?"},{"@type":"BreadcrumbList","@id":"https:\/\/infolocale.ouest-france.fr\/blog\/convocation-assemblee-generale-association\/#breadcrumb","itemListElement":[{"@type":"ListItem","position":1,"name":"Blog","item":"https:\/\/infolocale.ouest-france.fr\/blog\/"},{"@type":"ListItem","position":2,"name":"Cr\u00e9er et g\u00e9rer une association","item":"https:\/\/infolocale.ouest-france.fr\/blog\/cat\/creer-et-administrer-une-association-1901\/"},{"@type":"ListItem","position":3,"name":"Ecrire et envoyer la convocation \u00e0 votre assembl\u00e9e g\u00e9n\u00e9rale"}]},{"@type":"WebSite","@id":"https:\/\/www.infolocale.fr\/blog\/#website","url":"https:\/\/www.infolocale.fr\/blog\/","name":"","description":"","publisher":{"@id":"https:\/\/www.infolocale.fr\/blog\/#organization"},"potentialAction":[{"@type":"SearchAction","target":{"@type":"EntryPoint","urlTemplate":"https:\/\/www.infolocale.fr\/blog\/?s={search_term_string}"},"query-input":"required name=search_term_string"}],"inLanguage":"fr-FR"},{"@type":"Organization","@id":"https:\/\/www.infolocale.fr\/blog\/#organization","name":"Infolocale","url":"https:\/\/www.infolocale.fr\/blog\/","logo":{"@type":"ImageObject","inLanguage":"fr-FR","@id":"https:\/\/www.infolocale.fr\/blog\/#\/schema\/logo\/image\/","url":"https:\/\/www.infolocale.fr\/blog\/wp-content\/uploads\/2020\/11\/logol.jpg","contentUrl":"https:\/\/www.infolocale.fr\/blog\/wp-content\/uploads\/2020\/11\/logol.jpg","width":1031,"height":398,"caption":"Infolocale"},"image":{"@id":"https:\/\/www.infolocale.fr\/blog\/#\/schema\/logo\/image\/"},"sameAs":["https:\/\/www.facebook.com\/infolocaleFR\/","https:\/\/x.com\/infolocale","https:\/\/www.instagram.com\/infolocale\/","https:\/\/fr.linkedin.com\/company\/infolocale","https:\/\/www.youtube.com\/channel\/UCnv4FA8EYEuu_si3TGr7xeA"]},{"@type":"Person","@id":"https:\/\/www.infolocale.fr\/blog\/#\/schema\/person\/f0f748ece99417833166b3ba8890f3db","name":"Morgan","image":{"@type":"ImageObject","inLanguage":"fr-FR","@id":"https:\/\/www.infolocale.fr\/blog\/#\/schema\/person\/image\/","url":"https:\/\/secure.gravatar.com\/avatar\/a22ec2a0cc817ae9fa3ff7341a213632?s=96&d=mm&r=g","contentUrl":"https:\/\/secure.gravatar.com\/avatar\/a22ec2a0cc817ae9fa3ff7341a213632?s=96&d=mm&r=g","caption":"Morgan"},"url":"https:\/\/infolocale.20minutes.fr\/blog\/author\/morgan-delepine\/"}]}},"_links":{"self":[{"href":"https:\/\/infolocale.20minutes.fr\/blog\/wp-json\/wp\/v2\/posts\/13623"}],"collection":[{"href":"https:\/\/infolocale.20minutes.fr\/blog\/wp-json\/wp\/v2\/posts"}],"about":[{"href":"https:\/\/infolocale.20minutes.fr\/blog\/wp-json\/wp\/v2\/types\/post"}],"author":[{"embeddable":true,"href":"https:\/\/infolocale.20minutes.fr\/blog\/wp-json\/wp\/v2\/users\/2"}],"replies":[{"embeddable":true,"href":"https:\/\/infolocale.20minutes.fr\/blog\/wp-json\/wp\/v2\/comments?post=13623"}],"version-history":[{"count":0,"href":"https:\/\/infolocale.20minutes.fr\/blog\/wp-json\/wp\/v2\/posts\/13623\/revisions"}],"wp:featuredmedia":[{"embeddable":true,"href":"https:\/\/infolocale.20minutes.fr\/blog\/wp-json\/wp\/v2\/media\/13628"}],"wp:attachment":[{"href":"https:\/\/infolocale.20minutes.fr\/blog\/wp-json\/wp\/v2\/media?parent=13623"}],"wp:term":[{"taxonomy":"category","embeddable":true,"href":"https:\/\/infolocale.20minutes.fr\/blog\/wp-json\/wp\/v2\/categories?post=13623"},{"taxonomy":"post_tag","embeddable":true,"href":"https:\/\/infolocale.20minutes.fr\/blog\/wp-json\/wp\/v2\/tags?post=13623"}],"curies":[{"name":"wp","href":"https:\/\/api.w.org\/{rel}","templated":true}]}}