{"id":13443,"date":"2021-09-20T11:57:07","date_gmt":"2021-09-20T09:57:07","guid":{"rendered":"https:\/\/www.infolocale.fr\/blog\/?p=13443"},"modified":"2021-09-21T16:15:07","modified_gmt":"2021-09-21T14:15:07","slug":"deux-nouvelles-lois-en-faveur-des-associations","status":"publish","type":"post","link":"https:\/\/infolocale.20minutes.fr\/blog\/deux-nouvelles-lois-en-faveur-des-associations\/","title":{"rendered":"Deux nouvelles lois en faveur des associations"},"content":{"rendered":"\n<p>Deux propositions de loi ont \u00e9t\u00e9 promulgu\u00e9es le 1er juillet 2021 \u00e0 l&rsquo;occasion des 120 ans de l&rsquo;anniversaire de la loi 1901. Celle qui d\u00e9finit le statut d&rsquo;une&nbsp;<a href=\"https:\/\/www.infolocale.fr\/blog\/creer-une-association\/\">association&nbsp;\u00e0 but non lucratif<\/a>. Ces deux nouvelles lois en faveur des associations, reprennent&nbsp;certaines pr\u00e9conisations du rapport du Haut-Conseil \u00e0 la vie associative de 2014. <\/p>\n\n\n\n<p>L&rsquo;une de ces pr\u00e9conisations concerne le financement priv\u00e9 du secteur associatif, d\u00e9crit dans le <a href=\"https:\/\/www.infolocale.fr\/blog\/quelles-perspectives-pour-les-associations-apres-la-crise\/\">rapport du Mouvement associatif <\/a>remis au Premier ministre en mai 2018. Plus de deux ans apr\u00e8s le d\u00e9p\u00f4t de la proposition de loi sur la tr\u00e9sorerie des associations devant l\u2019Assembl\u00e9e nationale, les mesures de ce texte trouvent un \u00e9cho particulier en p\u00e9riode de sortie de crise. Ces diff\u00e9rentes mesures doivent permettre aux associations de p\u00e9renniser leurs activit\u00e9s et leurs projets. &nbsp;<\/p>\n\n\n\n<p>Le b\u00e9n\u00e9volat est essentiel pour le secteur associatif, notamment en p\u00e9riode de crise. La crise sanitaire et ses cons\u00e9quences \u00e9conomiques et sociales ont mis en exergue le r\u00f4le jou\u00e9 par de nombreuses associations, dont certaines ont pour vocation d\u2019apporter une aide aux personnes fragiles. Or, les difficult\u00e9s financi\u00e8res peuvent limiter l&rsquo;action des associations.<\/p>\n\n\n\n<p>Le nombre de b\u00e9n\u00e9voles n&rsquo;avait pas baiss\u00e9 au cours des ann\u00e9es pr\u00e9c\u00e9dant la pand\u00e9mie, mais le manque de renouvellement des b\u00e9n\u00e9voles inqui\u00e8te les associations. Afin d\u2019encourager la participation b\u00e9n\u00e9vole, la loi en faveur de l&rsquo;engagement associatif comporte une s\u00e9rie de mesures visant \u00e0 faciliter l\u2019exercice de la fonction de dirigeant, \u00e0 favoriser l\u2019engagement et l\u2019emploi dans les associations.<\/p>\n\n\n\n<h2 class=\"wp-block-heading\">Une loi en faveur de l&rsquo;engagement associatif des jeunes<\/h2>\n\n\n\n<p>La <a href=\"https:\/\/www.legifrance.gouv.fr\/download\/pdf?id=gGAuovZ90VISwCkSxZVe2FsDFihSq-tW46KWa2ISZzs=\" target=\"_blank\" rel=\"noreferrer noopener\">Loi n\u00b0 2021-874<\/a> du\u00a01er juillet 2021 favorise l&rsquo;engagement associatif notamment vers les jeunes. Elle\u00a0pr\u00e9voit la sensibilisation des jeunes \u00e0 la vie associative afin de susciter l&rsquo;engagement des plus jeunes. Des moyens importants sont d\u00e9gag\u00e9s pour la formation des b\u00e9n\u00e9voles associatifs. Le texte corrige aussi une anomalie issue des trait\u00e9s en autorisant les ressortissants alg\u00e9riens r\u00e9sidant l\u00e9galement en France \u00e0 effectuer un service civique. La loi permet d&rsquo;ouvrir les missions de Service Civique \u00e0 l&rsquo;ensemble des jeunes, quelle que soit leur nationalit\u00e9.<\/p>\n\n\n\n<div class=\"wp-block-buttons is-layout-flex wp-block-buttons-is-layout-flex\">\n<div class=\"wp-block-button has-custom-width wp-block-button__width-100\"><a class=\"wp-block-button__link has-vivid-cyan-blue-color has-white-background-color has-text-color has-background\" href=\"https:\/\/www.infolocale.fr\/blog\/fideliser-benevoles\/\">&gt;&gt; Lire aussi : Comment fid\u00e9liser ses b\u00e9n\u00e9voles ?<\/a><\/div>\n<\/div>\n\n\n\n<h2 class=\"wp-block-heading\">Une loi pour am\u00e9liorer la tr\u00e9sorerie des associations<\/h2>\n\n\n\n<p>La L<a href=\"https:\/\/www.legifrance.gouv.fr\/download\/pdf?id=gGAuovZ90VISwCkSxZVe2FsDFihSq-tW46KWa2ISZzs=\" target=\"_blank\" rel=\"noreferrer noopener\">oi\u00a0n\u00b0\u00a02021-875<\/a> du 1er\u00a0juillet 2021\u00a0vise \u00e0 am\u00e9liorer la tr\u00e9sorerie des\u00a0associations. Elle souhaite faciliter la gestion quotidienne des associations par les b\u00e9n\u00e9voles.\u00a0La loi att\u00e9nue la responsabilit\u00e9 financi\u00e8re des dirigeants associatifs b\u00e9n\u00e9voles en cas de faute de gestion, en \u00e9tendant \u00ab\u00a0<strong>l\u2019exception de n\u00e9gligence<\/strong>\u00a0\u00bb pr\u00e9vue pour les dirigeants d\u2019entreprises. Jusqu&rsquo;\u00e0 pr\u00e9sent, ces dirigeants b\u00e9n\u00e9voles pouvaient \u00eatre saisis sur leurs fonds propres en cas de faute de gestion. La loi att\u00e9nue donc la responsabilit\u00e9 juridique et financi\u00e8re des pr\u00e9sidents b\u00e9n\u00e9voles d&rsquo;association, qui \u00e9taient trop expos\u00e9s jusqu&rsquo;\u00e0 pr\u00e9sent. <\/p>\n\n\n\n<div class=\"wp-block-buttons is-layout-flex wp-block-buttons-is-layout-flex\">\n<div class=\"wp-block-button has-custom-width wp-block-button__width-100\"><a class=\"wp-block-button__link has-vivid-cyan-blue-color has-white-background-color has-text-color has-background\" href=\"https:\/\/www.infolocale.fr\/blog\/responsabilite-penale-civile-association\/\">&gt;&gt; Lire aussi : Responsabilit\u00e9s p\u00e9nales et civiles des dirigeants d&rsquo;associations<\/a><\/div>\n<\/div>\n\n\n\n<p>De plus, suite \u00e0 un amendement du S\u00e9nat,&nbsp; les associations vont pouvoir b\u00e9n\u00e9ficier du dispositif \u00ab\u00a0<strong>impact emploi<\/strong>\u00ab\u00a0. Il s&rsquo;agit d&rsquo;une offre de service de l\u2019URSSAF pour la gestion de l\u2019emploi dans le secteur associatif qui consiste dans la prise en charge globale des formalit\u00e9s de gestion d\u2019un salari\u00e9 (embauche, bulletins de salaire, d\u00e9clarations sociales et fiscales).<\/p>\n","protected":false},"excerpt":{"rendered":"<p>Deux propositions de loi ont \u00e9t\u00e9 promulgu\u00e9es le 1er juillet 2021 \u00e0 l&rsquo;occasion des 120 ans de l&rsquo;anniversaire de la loi 1901. Celle qui d\u00e9finit [&hellip;]<\/p>\n","protected":false},"author":8,"featured_media":13590,"comment_status":"open","ping_status":"open","sticky":false,"template":"","format":"standard","meta":{"_coblocks_attr":"","_coblocks_dimensions":"","_coblocks_responsive_height":"","_coblocks_accordion_ie_support":"","_mo_disable_npp":"","footnotes":""},"categories":[6],"tags":[],"class_list":["post-13443","post","type-post","status-publish","format-standard","has-post-thumbnail","hentry","category-actu-acteurs-locaux"],"yoast_head":"<!-- This site is optimized with the Yoast SEO plugin v23.2 - https:\/\/yoast.com\/wordpress\/plugins\/seo\/ -->\n<title>Deux nouvelles lois en faveur des associations |<\/title>\n<meta name=\"description\" content=\"Deux lois sont promulgu\u00e9es depuis juillet 2021 en faveur des associations : am\u00e9liorer leurs tr\u00e9sorerie et favoriser l&#039;engagement des jeunes\" \/>\n<meta name=\"robots\" content=\"index, follow, max-snippet:-1, max-image-preview:large, max-video-preview:-1\" \/>\n<link rel=\"canonical\" href=\"https:\/\/infolocale.ouest-france.fr\/blog\/deux-nouvelles-lois-en-faveur-des-associations\/\" \/>\n<meta property=\"og:locale\" content=\"fr_FR\" \/>\n<meta property=\"og:type\" content=\"article\" \/>\n<meta property=\"og:title\" content=\"Deux nouvelles lois en faveur des associations |\" \/>\n<meta property=\"og:description\" content=\"Deux lois sont promulgu\u00e9es depuis juillet 2021 en faveur des associations : am\u00e9liorer leurs tr\u00e9sorerie et favoriser l&#039;engagement des jeunes\" \/>\n<meta property=\"og:url\" content=\"https:\/\/infolocale.ouest-france.fr\/blog\/deux-nouvelles-lois-en-faveur-des-associations\/\" \/>\n<meta property=\"article:publisher\" content=\"https:\/\/www.facebook.com\/infolocaleFR\/\" \/>\n<meta property=\"article:published_time\" content=\"2021-09-20T09:57:07+00:00\" \/>\n<meta property=\"article:modified_time\" content=\"2021-09-21T14:15:07+00:00\" \/>\n<meta property=\"og:image\" content=\"https:\/\/infolocale.ouest-france.fr\/blog\/wp-content\/uploads\/2021\/09\/LoiAssosJuillet21.jpg\" \/>\n\t<meta property=\"og:image:width\" content=\"900\" \/>\n\t<meta property=\"og:image:height\" content=\"630\" \/>\n\t<meta property=\"og:image:type\" content=\"image\/jpeg\" \/>\n<meta name=\"author\" content=\"Myl\u00e8ne\" \/>\n<meta name=\"twitter:card\" content=\"summary_large_image\" \/>\n<meta name=\"twitter:creator\" content=\"@infolocale\" \/>\n<meta name=\"twitter:site\" content=\"@infolocale\" \/>\n<meta name=\"twitter:label1\" content=\"\u00c9crit par\" \/>\n\t<meta name=\"twitter:data1\" content=\"Myl\u00e8ne\" \/>\n\t<meta name=\"twitter:label2\" content=\"Dur\u00e9e de lecture estim\u00e9e\" \/>\n\t<meta name=\"twitter:data2\" content=\"3 minutes\" \/>\n<script type=\"application\/ld+json\" class=\"yoast-schema-graph\">{\"@context\":\"https:\/\/schema.org\",\"@graph\":[{\"@type\":\"Article\",\"@id\":\"https:\/\/infolocale.ouest-france.fr\/blog\/deux-nouvelles-lois-en-faveur-des-associations\/#article\",\"isPartOf\":{\"@id\":\"https:\/\/infolocale.ouest-france.fr\/blog\/deux-nouvelles-lois-en-faveur-des-associations\/\"},\"author\":{\"name\":\"Myl\u00e8ne\",\"@id\":\"https:\/\/www.infolocale.fr\/blog\/#\/schema\/person\/bf2dc50c6636ffa2ce3e44ef1f9eb97f\"},\"headline\":\"Deux nouvelles lois en faveur des associations\",\"datePublished\":\"2021-09-20T09:57:07+00:00\",\"dateModified\":\"2021-09-21T14:15:07+00:00\",\"mainEntityOfPage\":{\"@id\":\"https:\/\/infolocale.ouest-france.fr\/blog\/deux-nouvelles-lois-en-faveur-des-associations\/\"},\"wordCount\":584,\"commentCount\":0,\"publisher\":{\"@id\":\"https:\/\/www.infolocale.fr\/blog\/#organization\"},\"image\":{\"@id\":\"https:\/\/infolocale.ouest-france.fr\/blog\/deux-nouvelles-lois-en-faveur-des-associations\/#primaryimage\"},\"thumbnailUrl\":\"https:\/\/infolocale.20minutes.fr\/blog\/wp-content\/uploads\/2021\/09\/LoiAssosJuillet21.jpg\",\"articleSection\":[\"En ce moment\"],\"inLanguage\":\"fr-FR\",\"potentialAction\":[{\"@type\":\"CommentAction\",\"name\":\"Comment\",\"target\":[\"https:\/\/infolocale.ouest-france.fr\/blog\/deux-nouvelles-lois-en-faveur-des-associations\/#respond\"]}]},{\"@type\":\"WebPage\",\"@id\":\"https:\/\/infolocale.ouest-france.fr\/blog\/deux-nouvelles-lois-en-faveur-des-associations\/\",\"url\":\"https:\/\/infolocale.ouest-france.fr\/blog\/deux-nouvelles-lois-en-faveur-des-associations\/\",\"name\":\"Deux nouvelles lois en faveur des associations |\",\"isPartOf\":{\"@id\":\"https:\/\/www.infolocale.fr\/blog\/#website\"},\"primaryImageOfPage\":{\"@id\":\"https:\/\/infolocale.ouest-france.fr\/blog\/deux-nouvelles-lois-en-faveur-des-associations\/#primaryimage\"},\"image\":{\"@id\":\"https:\/\/infolocale.ouest-france.fr\/blog\/deux-nouvelles-lois-en-faveur-des-associations\/#primaryimage\"},\"thumbnailUrl\":\"https:\/\/infolocale.20minutes.fr\/blog\/wp-content\/uploads\/2021\/09\/LoiAssosJuillet21.jpg\",\"datePublished\":\"2021-09-20T09:57:07+00:00\",\"dateModified\":\"2021-09-21T14:15:07+00:00\",\"description\":\"Deux lois sont promulgu\u00e9es depuis juillet 2021 en faveur des associations : am\u00e9liorer leurs tr\u00e9sorerie et favoriser l'engagement des jeunes\",\"breadcrumb\":{\"@id\":\"https:\/\/infolocale.ouest-france.fr\/blog\/deux-nouvelles-lois-en-faveur-des-associations\/#breadcrumb\"},\"inLanguage\":\"fr-FR\",\"potentialAction\":[{\"@type\":\"ReadAction\",\"target\":[\"https:\/\/infolocale.ouest-france.fr\/blog\/deux-nouvelles-lois-en-faveur-des-associations\/\"]}]},{\"@type\":\"ImageObject\",\"inLanguage\":\"fr-FR\",\"@id\":\"https:\/\/infolocale.ouest-france.fr\/blog\/deux-nouvelles-lois-en-faveur-des-associations\/#primaryimage\",\"url\":\"https:\/\/infolocale.20minutes.fr\/blog\/wp-content\/uploads\/2021\/09\/LoiAssosJuillet21.jpg\",\"contentUrl\":\"https:\/\/infolocale.20minutes.fr\/blog\/wp-content\/uploads\/2021\/09\/LoiAssosJuillet21.jpg\",\"width\":900,\"height\":630,\"caption\":\"Loi du 1er juillet 2021 en faveur des associations\"},{\"@type\":\"BreadcrumbList\",\"@id\":\"https:\/\/infolocale.ouest-france.fr\/blog\/deux-nouvelles-lois-en-faveur-des-associations\/#breadcrumb\",\"itemListElement\":[{\"@type\":\"ListItem\",\"position\":1,\"name\":\"Blog\",\"item\":\"https:\/\/infolocale.ouest-france.fr\/blog\/\"},{\"@type\":\"ListItem\",\"position\":2,\"name\":\"En ce moment\",\"item\":\"https:\/\/infolocale.20minutes.fr\/blog\/cat\/actu-acteurs-locaux\/\"},{\"@type\":\"ListItem\",\"position\":3,\"name\":\"Deux nouvelles lois en faveur des associations\"}]},{\"@type\":\"WebSite\",\"@id\":\"https:\/\/www.infolocale.fr\/blog\/#website\",\"url\":\"https:\/\/www.infolocale.fr\/blog\/\",\"name\":\"\",\"description\":\"\",\"publisher\":{\"@id\":\"https:\/\/www.infolocale.fr\/blog\/#organization\"},\"potentialAction\":[{\"@type\":\"SearchAction\",\"target\":{\"@type\":\"EntryPoint\",\"urlTemplate\":\"https:\/\/www.infolocale.fr\/blog\/?s={search_term_string}\"},\"query-input\":\"required name=search_term_string\"}],\"inLanguage\":\"fr-FR\"},{\"@type\":\"Organization\",\"@id\":\"https:\/\/www.infolocale.fr\/blog\/#organization\",\"name\":\"Infolocale\",\"url\":\"https:\/\/www.infolocale.fr\/blog\/\",\"logo\":{\"@type\":\"ImageObject\",\"inLanguage\":\"fr-FR\",\"@id\":\"https:\/\/www.infolocale.fr\/blog\/#\/schema\/logo\/image\/\",\"url\":\"https:\/\/www.infolocale.fr\/blog\/wp-content\/uploads\/2020\/11\/logol.jpg\",\"contentUrl\":\"https:\/\/www.infolocale.fr\/blog\/wp-content\/uploads\/2020\/11\/logol.jpg\",\"width\":1031,\"height\":398,\"caption\":\"Infolocale\"},\"image\":{\"@id\":\"https:\/\/www.infolocale.fr\/blog\/#\/schema\/logo\/image\/\"},\"sameAs\":[\"https:\/\/www.facebook.com\/infolocaleFR\/\",\"https:\/\/x.com\/infolocale\",\"https:\/\/www.instagram.com\/infolocale\/\",\"https:\/\/fr.linkedin.com\/company\/infolocale\",\"https:\/\/www.youtube.com\/channel\/UCnv4FA8EYEuu_si3TGr7xeA\"]},{\"@type\":\"Person\",\"@id\":\"https:\/\/www.infolocale.fr\/blog\/#\/schema\/person\/bf2dc50c6636ffa2ce3e44ef1f9eb97f\",\"name\":\"Myl\u00e8ne\",\"image\":{\"@type\":\"ImageObject\",\"inLanguage\":\"fr-FR\",\"@id\":\"https:\/\/www.infolocale.fr\/blog\/#\/schema\/person\/image\/\",\"url\":\"https:\/\/secure.gravatar.com\/avatar\/49511f0ea4b41ed3062b218e30f07042?s=96&d=mm&r=g\",\"contentUrl\":\"https:\/\/secure.gravatar.com\/avatar\/49511f0ea4b41ed3062b218e30f07042?s=96&d=mm&r=g\",\"caption\":\"Myl\u00e8ne\"},\"url\":\"https:\/\/infolocale.20minutes.fr\/blog\/author\/mylene-michel\/\"}]}<\/script>\n<!-- \/ Yoast SEO plugin. -->","yoast_head_json":{"title":"Deux nouvelles lois en faveur des associations |","description":"Deux lois sont promulgu\u00e9es depuis juillet 2021 en faveur des associations : am\u00e9liorer leurs tr\u00e9sorerie et favoriser l'engagement des jeunes","robots":{"index":"index","follow":"follow","max-snippet":"max-snippet:-1","max-image-preview":"max-image-preview:large","max-video-preview":"max-video-preview:-1"},"canonical":"https:\/\/infolocale.ouest-france.fr\/blog\/deux-nouvelles-lois-en-faveur-des-associations\/","og_locale":"fr_FR","og_type":"article","og_title":"Deux nouvelles lois en faveur des associations |","og_description":"Deux lois sont promulgu\u00e9es depuis juillet 2021 en faveur des associations : am\u00e9liorer leurs tr\u00e9sorerie et favoriser l'engagement des jeunes","og_url":"https:\/\/infolocale.ouest-france.fr\/blog\/deux-nouvelles-lois-en-faveur-des-associations\/","article_publisher":"https:\/\/www.facebook.com\/infolocaleFR\/","article_published_time":"2021-09-20T09:57:07+00:00","article_modified_time":"2021-09-21T14:15:07+00:00","og_image":[{"width":900,"height":630,"url":"https:\/\/infolocale.ouest-france.fr\/blog\/wp-content\/uploads\/2021\/09\/LoiAssosJuillet21.jpg","type":"image\/jpeg"}],"author":"Myl\u00e8ne","twitter_card":"summary_large_image","twitter_creator":"@infolocale","twitter_site":"@infolocale","twitter_misc":{"\u00c9crit par":"Myl\u00e8ne","Dur\u00e9e de lecture estim\u00e9e":"3 minutes"},"schema":{"@context":"https:\/\/schema.org","@graph":[{"@type":"Article","@id":"https:\/\/infolocale.ouest-france.fr\/blog\/deux-nouvelles-lois-en-faveur-des-associations\/#article","isPartOf":{"@id":"https:\/\/infolocale.ouest-france.fr\/blog\/deux-nouvelles-lois-en-faveur-des-associations\/"},"author":{"name":"Myl\u00e8ne","@id":"https:\/\/www.infolocale.fr\/blog\/#\/schema\/person\/bf2dc50c6636ffa2ce3e44ef1f9eb97f"},"headline":"Deux nouvelles lois en faveur des associations","datePublished":"2021-09-20T09:57:07+00:00","dateModified":"2021-09-21T14:15:07+00:00","mainEntityOfPage":{"@id":"https:\/\/infolocale.ouest-france.fr\/blog\/deux-nouvelles-lois-en-faveur-des-associations\/"},"wordCount":584,"commentCount":0,"publisher":{"@id":"https:\/\/www.infolocale.fr\/blog\/#organization"},"image":{"@id":"https:\/\/infolocale.ouest-france.fr\/blog\/deux-nouvelles-lois-en-faveur-des-associations\/#primaryimage"},"thumbnailUrl":"https:\/\/infolocale.20minutes.fr\/blog\/wp-content\/uploads\/2021\/09\/LoiAssosJuillet21.jpg","articleSection":["En ce moment"],"inLanguage":"fr-FR","potentialAction":[{"@type":"CommentAction","name":"Comment","target":["https:\/\/infolocale.ouest-france.fr\/blog\/deux-nouvelles-lois-en-faveur-des-associations\/#respond"]}]},{"@type":"WebPage","@id":"https:\/\/infolocale.ouest-france.fr\/blog\/deux-nouvelles-lois-en-faveur-des-associations\/","url":"https:\/\/infolocale.ouest-france.fr\/blog\/deux-nouvelles-lois-en-faveur-des-associations\/","name":"Deux nouvelles lois en faveur des associations |","isPartOf":{"@id":"https:\/\/www.infolocale.fr\/blog\/#website"},"primaryImageOfPage":{"@id":"https:\/\/infolocale.ouest-france.fr\/blog\/deux-nouvelles-lois-en-faveur-des-associations\/#primaryimage"},"image":{"@id":"https:\/\/infolocale.ouest-france.fr\/blog\/deux-nouvelles-lois-en-faveur-des-associations\/#primaryimage"},"thumbnailUrl":"https:\/\/infolocale.20minutes.fr\/blog\/wp-content\/uploads\/2021\/09\/LoiAssosJuillet21.jpg","datePublished":"2021-09-20T09:57:07+00:00","dateModified":"2021-09-21T14:15:07+00:00","description":"Deux lois sont promulgu\u00e9es depuis juillet 2021 en faveur des associations : am\u00e9liorer leurs tr\u00e9sorerie et favoriser l'engagement des jeunes","breadcrumb":{"@id":"https:\/\/infolocale.ouest-france.fr\/blog\/deux-nouvelles-lois-en-faveur-des-associations\/#breadcrumb"},"inLanguage":"fr-FR","potentialAction":[{"@type":"ReadAction","target":["https:\/\/infolocale.ouest-france.fr\/blog\/deux-nouvelles-lois-en-faveur-des-associations\/"]}]},{"@type":"ImageObject","inLanguage":"fr-FR","@id":"https:\/\/infolocale.ouest-france.fr\/blog\/deux-nouvelles-lois-en-faveur-des-associations\/#primaryimage","url":"https:\/\/infolocale.20minutes.fr\/blog\/wp-content\/uploads\/2021\/09\/LoiAssosJuillet21.jpg","contentUrl":"https:\/\/infolocale.20minutes.fr\/blog\/wp-content\/uploads\/2021\/09\/LoiAssosJuillet21.jpg","width":900,"height":630,"caption":"Loi du 1er juillet 2021 en faveur des associations"},{"@type":"BreadcrumbList","@id":"https:\/\/infolocale.ouest-france.fr\/blog\/deux-nouvelles-lois-en-faveur-des-associations\/#breadcrumb","itemListElement":[{"@type":"ListItem","position":1,"name":"Blog","item":"https:\/\/infolocale.ouest-france.fr\/blog\/"},{"@type":"ListItem","position":2,"name":"En ce moment","item":"https:\/\/infolocale.20minutes.fr\/blog\/cat\/actu-acteurs-locaux\/"},{"@type":"ListItem","position":3,"name":"Deux nouvelles lois en faveur des associations"}]},{"@type":"WebSite","@id":"https:\/\/www.infolocale.fr\/blog\/#website","url":"https:\/\/www.infolocale.fr\/blog\/","name":"","description":"","publisher":{"@id":"https:\/\/www.infolocale.fr\/blog\/#organization"},"potentialAction":[{"@type":"SearchAction","target":{"@type":"EntryPoint","urlTemplate":"https:\/\/www.infolocale.fr\/blog\/?s={search_term_string}"},"query-input":"required name=search_term_string"}],"inLanguage":"fr-FR"},{"@type":"Organization","@id":"https:\/\/www.infolocale.fr\/blog\/#organization","name":"Infolocale","url":"https:\/\/www.infolocale.fr\/blog\/","logo":{"@type":"ImageObject","inLanguage":"fr-FR","@id":"https:\/\/www.infolocale.fr\/blog\/#\/schema\/logo\/image\/","url":"https:\/\/www.infolocale.fr\/blog\/wp-content\/uploads\/2020\/11\/logol.jpg","contentUrl":"https:\/\/www.infolocale.fr\/blog\/wp-content\/uploads\/2020\/11\/logol.jpg","width":1031,"height":398,"caption":"Infolocale"},"image":{"@id":"https:\/\/www.infolocale.fr\/blog\/#\/schema\/logo\/image\/"},"sameAs":["https:\/\/www.facebook.com\/infolocaleFR\/","https:\/\/x.com\/infolocale","https:\/\/www.instagram.com\/infolocale\/","https:\/\/fr.linkedin.com\/company\/infolocale","https:\/\/www.youtube.com\/channel\/UCnv4FA8EYEuu_si3TGr7xeA"]},{"@type":"Person","@id":"https:\/\/www.infolocale.fr\/blog\/#\/schema\/person\/bf2dc50c6636ffa2ce3e44ef1f9eb97f","name":"Myl\u00e8ne","image":{"@type":"ImageObject","inLanguage":"fr-FR","@id":"https:\/\/www.infolocale.fr\/blog\/#\/schema\/person\/image\/","url":"https:\/\/secure.gravatar.com\/avatar\/49511f0ea4b41ed3062b218e30f07042?s=96&d=mm&r=g","contentUrl":"https:\/\/secure.gravatar.com\/avatar\/49511f0ea4b41ed3062b218e30f07042?s=96&d=mm&r=g","caption":"Myl\u00e8ne"},"url":"https:\/\/infolocale.20minutes.fr\/blog\/author\/mylene-michel\/"}]}},"_links":{"self":[{"href":"https:\/\/infolocale.20minutes.fr\/blog\/wp-json\/wp\/v2\/posts\/13443"}],"collection":[{"href":"https:\/\/infolocale.20minutes.fr\/blog\/wp-json\/wp\/v2\/posts"}],"about":[{"href":"https:\/\/infolocale.20minutes.fr\/blog\/wp-json\/wp\/v2\/types\/post"}],"author":[{"embeddable":true,"href":"https:\/\/infolocale.20minutes.fr\/blog\/wp-json\/wp\/v2\/users\/8"}],"replies":[{"embeddable":true,"href":"https:\/\/infolocale.20minutes.fr\/blog\/wp-json\/wp\/v2\/comments?post=13443"}],"version-history":[{"count":0,"href":"https:\/\/infolocale.20minutes.fr\/blog\/wp-json\/wp\/v2\/posts\/13443\/revisions"}],"wp:featuredmedia":[{"embeddable":true,"href":"https:\/\/infolocale.20minutes.fr\/blog\/wp-json\/wp\/v2\/media\/13590"}],"wp:attachment":[{"href":"https:\/\/infolocale.20minutes.fr\/blog\/wp-json\/wp\/v2\/media?parent=13443"}],"wp:term":[{"taxonomy":"category","embeddable":true,"href":"https:\/\/infolocale.20minutes.fr\/blog\/wp-json\/wp\/v2\/categories?post=13443"},{"taxonomy":"post_tag","embeddable":true,"href":"https:\/\/infolocale.20minutes.fr\/blog\/wp-json\/wp\/v2\/tags?post=13443"}],"curies":[{"name":"wp","href":"https:\/\/api.w.org\/{rel}","templated":true}]}}