{"id":13378,"date":"2021-09-15T10:59:00","date_gmt":"2021-09-15T08:59:00","guid":{"rendered":"https:\/\/www.infolocale.fr\/blog\/?p=13378"},"modified":"2021-09-16T15:41:05","modified_gmt":"2021-09-16T13:41:05","slug":"les-semaines-de-lengagement-dans-les-colleges-et-lycees-importance-du-collectif-des-associations","status":"publish","type":"post","link":"https:\/\/infolocale.20minutes.fr\/blog\/les-semaines-de-lengagement-dans-les-colleges-et-lycees-importance-du-collectif-des-associations\/","title":{"rendered":"Les Semaines de l&rsquo;engagement dans les coll\u00e8ges et lyc\u00e9es"},"content":{"rendered":"\n<p><a href=\"https:\/\/www.education.gouv.fr\/les-semaines-de-l-engagement-engagez-vous-pour-faire-vivre-votre-college-et-votre-lycee-9857\" target=\"_blank\" rel=\"noreferrer noopener\"><em>Les Semaines de l\u2019Engagement<\/em> <\/a> une campagne d&rsquo;information, qui se d\u00e9roulent dans les coll\u00e8ges et lyc\u00e9es du 13 septembre au 2 octobre 2021, pour sensibiliser les jeunes \u00e0 l&rsquo;engagement sous toutes ses formes dans et hors des \u00e9tablissements scolaires. Une opportunit\u00e9 de rappeler aussi l&rsquo;importance de l&rsquo;engagement associatif.<\/p>\n\n\n\n<h2 class=\"wp-block-heading\"><strong>Pour sensibiliser au retour dans les associations<\/strong><\/h2>\n\n\n\n<p>Ces <em>Semaines de l&rsquo;engagement<\/em> sont men\u00e9es conjointement sous le double patronage des secr\u00e9taires d\u2019Etat \u00e0 l\u2019Economie sociale, solidaire et responsable \u2013Olivia Gr\u00e9goire- et celui de la Jeunesse et l\u2019Engagement \u2013Sarah El Ha\u00efry-. Une op\u00e9ration d\u2019envergure nationale, donc, pour sensibiliser \u00e0 \u00ab&nbsp; <em>l\u2019importance du fait associatif et la mobilisation citoyenne.<\/em>&nbsp;\u00bb Avec la crise, les taux d&rsquo;adh\u00e9sion des b\u00e9n\u00e9voles et les inscriptions au sein des associations ont consid\u00e9rablement chut\u00e9s.<\/p>\n\n\n\n<p>Les adh\u00e9rents h\u00e9sitent \u00e0 renouveler leurs cotisations par crainte de devoir encore respecter des mesures sanitaires. Cette appr\u00e9hension est souvent plus pr\u00e9sentes chez les b\u00e9n\u00e9voles, souvent \u00e2g\u00e9s, qui se r\u00e9signent au confinement.<\/p>\n\n\n\n<h2 class=\"wp-block-heading\"><strong>L&rsquo;importance du collectif <\/strong><\/h2>\n\n\n\n<p>Au sortir de la pand\u00e9mie, n\u00e9cessit\u00e9 est de rappeler l\u2019importance du collectif. Dans cet objectif, le gouvernement, en soutien aux principaux acteurs et repr\u00e9sentants associatifs, vient de lancer la campagne \u00ab&nbsp;<em><a href=\"https:\/\/www.infolocale.fr\/blog\/mon-association-je-ladore-jy-adhere\/\">Mon association, je l\u2019adore, j\u2019y adh\u00e8re<\/a>&nbsp;<\/em>\u00bb et esp\u00e8re ainsi encourager le retour vers les associations.<\/p>\n\n\n\n<h2 class=\"wp-block-heading\"><strong>Adh\u00e9rer dans des associations<\/strong><\/h2>\n\n\n\n<p>La baisse progressive des gestes barri\u00e8re devrait permettre \u00e0 nouveau l\u2019investissement humain dans le monde associatif, dont pr\u00e8s d\u2019un fran\u00e7ais sur deux \u00e9tait membre avant la crise&nbsp;! Les domaines sportifs et culturels ont souffert des confinements.<\/p>\n\n\n\n<p>Les associations organisatrices de festivals recherchent des b\u00e9n\u00e9voles. Elles comptent sur eux pour assurer la logistique, la programmation et l&rsquo;accueil des artistes et du public. Et leur proposent une exp\u00e9rience sympa, dynamique, en musique ! A vivre de l&rsquo;int\u00e9rieur, en backstage !<\/p>\n\n\n\n<p>Les associations sont impatientes de retrouver leurs adh\u00e9rents et b\u00e9n\u00e9voles. Le gouvernement pr\u00e9cise \u00ab&nbsp;<strong>Engager quelque chose, c&rsquo;est commencer une aventure&nbsp;<\/strong>\u00bb. L\u2019invitation est lanc\u00e9e&nbsp;!<\/p>\n","protected":false},"excerpt":{"rendered":"<p>Les Semaines de l\u2019Engagement une campagne d&rsquo;information, qui se d\u00e9roulent dans les coll\u00e8ges et lyc\u00e9es du 13 septembre au 2 octobre 2021, pour sensibiliser les [&hellip;]<\/p>\n","protected":false},"author":8,"featured_media":13399,"comment_status":"open","ping_status":"open","sticky":false,"template":"","format":"standard","meta":{"_coblocks_attr":"","_coblocks_dimensions":"","_coblocks_responsive_height":"","_coblocks_accordion_ie_support":"","_mo_disable_npp":"","footnotes":""},"categories":[6],"tags":[],"class_list":["post-13378","post","type-post","status-publish","format-standard","has-post-thumbnail","hentry","category-actu-acteurs-locaux"],"yoast_head":"<!-- This site is optimized with the Yoast SEO plugin v23.2 - https:\/\/yoast.com\/wordpress\/plugins\/seo\/ -->\n<title>Les Semaines de l&#039;engagement dans les coll\u00e8ges et lyc\u00e9es |<\/title>\n<meta name=\"description\" content=\"Semaines de l&#039;engagement dans les coll\u00e8ges et lyc\u00e9es pour redonner le go\u00fbt du collectif, mobiliser pour le retour vers les associations\" \/>\n<meta name=\"robots\" content=\"index, follow, max-snippet:-1, max-image-preview:large, max-video-preview:-1\" \/>\n<link rel=\"canonical\" href=\"https:\/\/infolocale.ouest-france.fr\/blog\/les-semaines-de-lengagement-dans-les-colleges-et-lycees-importance-du-collectif-des-associations\/\" \/>\n<meta property=\"og:locale\" content=\"fr_FR\" \/>\n<meta property=\"og:type\" content=\"article\" \/>\n<meta property=\"og:title\" content=\"Les Semaines de l&#039;engagement dans les coll\u00e8ges et lyc\u00e9es |\" \/>\n<meta property=\"og:description\" content=\"Semaines de l&#039;engagement dans les coll\u00e8ges et lyc\u00e9es pour redonner le go\u00fbt du collectif, mobiliser pour le retour vers les associations\" \/>\n<meta property=\"og:url\" content=\"https:\/\/infolocale.ouest-france.fr\/blog\/les-semaines-de-lengagement-dans-les-colleges-et-lycees-importance-du-collectif-des-associations\/\" \/>\n<meta property=\"article:publisher\" content=\"https:\/\/www.facebook.com\/infolocaleFR\/\" \/>\n<meta property=\"article:published_time\" content=\"2021-09-15T08:59:00+00:00\" \/>\n<meta property=\"article:modified_time\" content=\"2021-09-16T13:41:05+00:00\" \/>\n<meta property=\"og:image\" content=\"https:\/\/infolocale.ouest-france.fr\/blog\/wp-content\/uploads\/2021\/09\/900x630-1.jpg\" \/>\n\t<meta property=\"og:image:width\" content=\"900\" \/>\n\t<meta property=\"og:image:height\" content=\"630\" \/>\n\t<meta property=\"og:image:type\" content=\"image\/jpeg\" \/>\n<meta name=\"author\" content=\"Myl\u00e8ne\" \/>\n<meta name=\"twitter:card\" content=\"summary_large_image\" \/>\n<meta name=\"twitter:creator\" content=\"@infolocale\" \/>\n<meta name=\"twitter:site\" content=\"@infolocale\" \/>\n<meta name=\"twitter:label1\" content=\"\u00c9crit par\" \/>\n\t<meta name=\"twitter:data1\" content=\"Myl\u00e8ne\" \/>\n\t<meta name=\"twitter:label2\" content=\"Dur\u00e9e de lecture estim\u00e9e\" \/>\n\t<meta name=\"twitter:data2\" content=\"2 minutes\" \/>\n<script type=\"application\/ld+json\" class=\"yoast-schema-graph\">{\"@context\":\"https:\/\/schema.org\",\"@graph\":[{\"@type\":\"Article\",\"@id\":\"https:\/\/infolocale.ouest-france.fr\/blog\/les-semaines-de-lengagement-dans-les-colleges-et-lycees-importance-du-collectif-des-associations\/#article\",\"isPartOf\":{\"@id\":\"https:\/\/infolocale.ouest-france.fr\/blog\/les-semaines-de-lengagement-dans-les-colleges-et-lycees-importance-du-collectif-des-associations\/\"},\"author\":{\"name\":\"Myl\u00e8ne\",\"@id\":\"https:\/\/www.infolocale.fr\/blog\/#\/schema\/person\/bf2dc50c6636ffa2ce3e44ef1f9eb97f\"},\"headline\":\"Les Semaines de l&rsquo;engagement dans les coll\u00e8ges et lyc\u00e9es\",\"datePublished\":\"2021-09-15T08:59:00+00:00\",\"dateModified\":\"2021-09-16T13:41:05+00:00\",\"mainEntityOfPage\":{\"@id\":\"https:\/\/infolocale.ouest-france.fr\/blog\/les-semaines-de-lengagement-dans-les-colleges-et-lycees-importance-du-collectif-des-associations\/\"},\"wordCount\":365,\"commentCount\":0,\"publisher\":{\"@id\":\"https:\/\/www.infolocale.fr\/blog\/#organization\"},\"image\":{\"@id\":\"https:\/\/infolocale.ouest-france.fr\/blog\/les-semaines-de-lengagement-dans-les-colleges-et-lycees-importance-du-collectif-des-associations\/#primaryimage\"},\"thumbnailUrl\":\"https:\/\/infolocale.20minutes.fr\/blog\/wp-content\/uploads\/2021\/09\/900x630-1.jpg\",\"articleSection\":[\"En ce moment\"],\"inLanguage\":\"fr-FR\",\"potentialAction\":[{\"@type\":\"CommentAction\",\"name\":\"Comment\",\"target\":[\"https:\/\/infolocale.ouest-france.fr\/blog\/les-semaines-de-lengagement-dans-les-colleges-et-lycees-importance-du-collectif-des-associations\/#respond\"]}]},{\"@type\":\"WebPage\",\"@id\":\"https:\/\/infolocale.ouest-france.fr\/blog\/les-semaines-de-lengagement-dans-les-colleges-et-lycees-importance-du-collectif-des-associations\/\",\"url\":\"https:\/\/infolocale.ouest-france.fr\/blog\/les-semaines-de-lengagement-dans-les-colleges-et-lycees-importance-du-collectif-des-associations\/\",\"name\":\"Les Semaines de l'engagement dans les coll\u00e8ges et lyc\u00e9es |\",\"isPartOf\":{\"@id\":\"https:\/\/www.infolocale.fr\/blog\/#website\"},\"primaryImageOfPage\":{\"@id\":\"https:\/\/infolocale.ouest-france.fr\/blog\/les-semaines-de-lengagement-dans-les-colleges-et-lycees-importance-du-collectif-des-associations\/#primaryimage\"},\"image\":{\"@id\":\"https:\/\/infolocale.ouest-france.fr\/blog\/les-semaines-de-lengagement-dans-les-colleges-et-lycees-importance-du-collectif-des-associations\/#primaryimage\"},\"thumbnailUrl\":\"https:\/\/infolocale.20minutes.fr\/blog\/wp-content\/uploads\/2021\/09\/900x630-1.jpg\",\"datePublished\":\"2021-09-15T08:59:00+00:00\",\"dateModified\":\"2021-09-16T13:41:05+00:00\",\"description\":\"Semaines de l'engagement dans les coll\u00e8ges et lyc\u00e9es pour redonner le go\u00fbt du collectif, mobiliser pour le retour vers les associations\",\"breadcrumb\":{\"@id\":\"https:\/\/infolocale.ouest-france.fr\/blog\/les-semaines-de-lengagement-dans-les-colleges-et-lycees-importance-du-collectif-des-associations\/#breadcrumb\"},\"inLanguage\":\"fr-FR\",\"potentialAction\":[{\"@type\":\"ReadAction\",\"target\":[\"https:\/\/infolocale.ouest-france.fr\/blog\/les-semaines-de-lengagement-dans-les-colleges-et-lycees-importance-du-collectif-des-associations\/\"]}]},{\"@type\":\"ImageObject\",\"inLanguage\":\"fr-FR\",\"@id\":\"https:\/\/infolocale.ouest-france.fr\/blog\/les-semaines-de-lengagement-dans-les-colleges-et-lycees-importance-du-collectif-des-associations\/#primaryimage\",\"url\":\"https:\/\/infolocale.20minutes.fr\/blog\/wp-content\/uploads\/2021\/09\/900x630-1.jpg\",\"contentUrl\":\"https:\/\/infolocale.20minutes.fr\/blog\/wp-content\/uploads\/2021\/09\/900x630-1.jpg\",\"width\":900,\"height\":630},{\"@type\":\"BreadcrumbList\",\"@id\":\"https:\/\/infolocale.ouest-france.fr\/blog\/les-semaines-de-lengagement-dans-les-colleges-et-lycees-importance-du-collectif-des-associations\/#breadcrumb\",\"itemListElement\":[{\"@type\":\"ListItem\",\"position\":1,\"name\":\"Blog\",\"item\":\"https:\/\/infolocale.ouest-france.fr\/blog\/\"},{\"@type\":\"ListItem\",\"position\":2,\"name\":\"En ce moment\",\"item\":\"https:\/\/infolocale.20minutes.fr\/blog\/cat\/actu-acteurs-locaux\/\"},{\"@type\":\"ListItem\",\"position\":3,\"name\":\"Les Semaines de l&rsquo;engagement dans les coll\u00e8ges et lyc\u00e9es\"}]},{\"@type\":\"WebSite\",\"@id\":\"https:\/\/www.infolocale.fr\/blog\/#website\",\"url\":\"https:\/\/www.infolocale.fr\/blog\/\",\"name\":\"\",\"description\":\"\",\"publisher\":{\"@id\":\"https:\/\/www.infolocale.fr\/blog\/#organization\"},\"potentialAction\":[{\"@type\":\"SearchAction\",\"target\":{\"@type\":\"EntryPoint\",\"urlTemplate\":\"https:\/\/www.infolocale.fr\/blog\/?s={search_term_string}\"},\"query-input\":\"required name=search_term_string\"}],\"inLanguage\":\"fr-FR\"},{\"@type\":\"Organization\",\"@id\":\"https:\/\/www.infolocale.fr\/blog\/#organization\",\"name\":\"Infolocale\",\"url\":\"https:\/\/www.infolocale.fr\/blog\/\",\"logo\":{\"@type\":\"ImageObject\",\"inLanguage\":\"fr-FR\",\"@id\":\"https:\/\/www.infolocale.fr\/blog\/#\/schema\/logo\/image\/\",\"url\":\"https:\/\/www.infolocale.fr\/blog\/wp-content\/uploads\/2020\/11\/logol.jpg\",\"contentUrl\":\"https:\/\/www.infolocale.fr\/blog\/wp-content\/uploads\/2020\/11\/logol.jpg\",\"width\":1031,\"height\":398,\"caption\":\"Infolocale\"},\"image\":{\"@id\":\"https:\/\/www.infolocale.fr\/blog\/#\/schema\/logo\/image\/\"},\"sameAs\":[\"https:\/\/www.facebook.com\/infolocaleFR\/\",\"https:\/\/x.com\/infolocale\",\"https:\/\/www.instagram.com\/infolocale\/\",\"https:\/\/fr.linkedin.com\/company\/infolocale\",\"https:\/\/www.youtube.com\/channel\/UCnv4FA8EYEuu_si3TGr7xeA\"]},{\"@type\":\"Person\",\"@id\":\"https:\/\/www.infolocale.fr\/blog\/#\/schema\/person\/bf2dc50c6636ffa2ce3e44ef1f9eb97f\",\"name\":\"Myl\u00e8ne\",\"image\":{\"@type\":\"ImageObject\",\"inLanguage\":\"fr-FR\",\"@id\":\"https:\/\/www.infolocale.fr\/blog\/#\/schema\/person\/image\/\",\"url\":\"https:\/\/secure.gravatar.com\/avatar\/49511f0ea4b41ed3062b218e30f07042?s=96&d=mm&r=g\",\"contentUrl\":\"https:\/\/secure.gravatar.com\/avatar\/49511f0ea4b41ed3062b218e30f07042?s=96&d=mm&r=g\",\"caption\":\"Myl\u00e8ne\"},\"url\":\"https:\/\/infolocale.20minutes.fr\/blog\/author\/mylene-michel\/\"}]}<\/script>\n<!-- \/ Yoast SEO plugin. -->","yoast_head_json":{"title":"Les Semaines de l'engagement dans les coll\u00e8ges et lyc\u00e9es |","description":"Semaines de l'engagement dans les coll\u00e8ges et lyc\u00e9es pour redonner le go\u00fbt du collectif, mobiliser pour le retour vers les associations","robots":{"index":"index","follow":"follow","max-snippet":"max-snippet:-1","max-image-preview":"max-image-preview:large","max-video-preview":"max-video-preview:-1"},"canonical":"https:\/\/infolocale.ouest-france.fr\/blog\/les-semaines-de-lengagement-dans-les-colleges-et-lycees-importance-du-collectif-des-associations\/","og_locale":"fr_FR","og_type":"article","og_title":"Les Semaines de l'engagement dans les coll\u00e8ges et lyc\u00e9es |","og_description":"Semaines de l'engagement dans les coll\u00e8ges et lyc\u00e9es pour redonner le go\u00fbt du collectif, mobiliser pour le retour vers les associations","og_url":"https:\/\/infolocale.ouest-france.fr\/blog\/les-semaines-de-lengagement-dans-les-colleges-et-lycees-importance-du-collectif-des-associations\/","article_publisher":"https:\/\/www.facebook.com\/infolocaleFR\/","article_published_time":"2021-09-15T08:59:00+00:00","article_modified_time":"2021-09-16T13:41:05+00:00","og_image":[{"width":900,"height":630,"url":"https:\/\/infolocale.ouest-france.fr\/blog\/wp-content\/uploads\/2021\/09\/900x630-1.jpg","type":"image\/jpeg"}],"author":"Myl\u00e8ne","twitter_card":"summary_large_image","twitter_creator":"@infolocale","twitter_site":"@infolocale","twitter_misc":{"\u00c9crit par":"Myl\u00e8ne","Dur\u00e9e de lecture estim\u00e9e":"2 minutes"},"schema":{"@context":"https:\/\/schema.org","@graph":[{"@type":"Article","@id":"https:\/\/infolocale.ouest-france.fr\/blog\/les-semaines-de-lengagement-dans-les-colleges-et-lycees-importance-du-collectif-des-associations\/#article","isPartOf":{"@id":"https:\/\/infolocale.ouest-france.fr\/blog\/les-semaines-de-lengagement-dans-les-colleges-et-lycees-importance-du-collectif-des-associations\/"},"author":{"name":"Myl\u00e8ne","@id":"https:\/\/www.infolocale.fr\/blog\/#\/schema\/person\/bf2dc50c6636ffa2ce3e44ef1f9eb97f"},"headline":"Les Semaines de l&rsquo;engagement dans les coll\u00e8ges et lyc\u00e9es","datePublished":"2021-09-15T08:59:00+00:00","dateModified":"2021-09-16T13:41:05+00:00","mainEntityOfPage":{"@id":"https:\/\/infolocale.ouest-france.fr\/blog\/les-semaines-de-lengagement-dans-les-colleges-et-lycees-importance-du-collectif-des-associations\/"},"wordCount":365,"commentCount":0,"publisher":{"@id":"https:\/\/www.infolocale.fr\/blog\/#organization"},"image":{"@id":"https:\/\/infolocale.ouest-france.fr\/blog\/les-semaines-de-lengagement-dans-les-colleges-et-lycees-importance-du-collectif-des-associations\/#primaryimage"},"thumbnailUrl":"https:\/\/infolocale.20minutes.fr\/blog\/wp-content\/uploads\/2021\/09\/900x630-1.jpg","articleSection":["En ce moment"],"inLanguage":"fr-FR","potentialAction":[{"@type":"CommentAction","name":"Comment","target":["https:\/\/infolocale.ouest-france.fr\/blog\/les-semaines-de-lengagement-dans-les-colleges-et-lycees-importance-du-collectif-des-associations\/#respond"]}]},{"@type":"WebPage","@id":"https:\/\/infolocale.ouest-france.fr\/blog\/les-semaines-de-lengagement-dans-les-colleges-et-lycees-importance-du-collectif-des-associations\/","url":"https:\/\/infolocale.ouest-france.fr\/blog\/les-semaines-de-lengagement-dans-les-colleges-et-lycees-importance-du-collectif-des-associations\/","name":"Les Semaines de l'engagement dans les coll\u00e8ges et lyc\u00e9es |","isPartOf":{"@id":"https:\/\/www.infolocale.fr\/blog\/#website"},"primaryImageOfPage":{"@id":"https:\/\/infolocale.ouest-france.fr\/blog\/les-semaines-de-lengagement-dans-les-colleges-et-lycees-importance-du-collectif-des-associations\/#primaryimage"},"image":{"@id":"https:\/\/infolocale.ouest-france.fr\/blog\/les-semaines-de-lengagement-dans-les-colleges-et-lycees-importance-du-collectif-des-associations\/#primaryimage"},"thumbnailUrl":"https:\/\/infolocale.20minutes.fr\/blog\/wp-content\/uploads\/2021\/09\/900x630-1.jpg","datePublished":"2021-09-15T08:59:00+00:00","dateModified":"2021-09-16T13:41:05+00:00","description":"Semaines de l'engagement dans les coll\u00e8ges et lyc\u00e9es pour redonner le go\u00fbt du collectif, mobiliser pour le retour vers les associations","breadcrumb":{"@id":"https:\/\/infolocale.ouest-france.fr\/blog\/les-semaines-de-lengagement-dans-les-colleges-et-lycees-importance-du-collectif-des-associations\/#breadcrumb"},"inLanguage":"fr-FR","potentialAction":[{"@type":"ReadAction","target":["https:\/\/infolocale.ouest-france.fr\/blog\/les-semaines-de-lengagement-dans-les-colleges-et-lycees-importance-du-collectif-des-associations\/"]}]},{"@type":"ImageObject","inLanguage":"fr-FR","@id":"https:\/\/infolocale.ouest-france.fr\/blog\/les-semaines-de-lengagement-dans-les-colleges-et-lycees-importance-du-collectif-des-associations\/#primaryimage","url":"https:\/\/infolocale.20minutes.fr\/blog\/wp-content\/uploads\/2021\/09\/900x630-1.jpg","contentUrl":"https:\/\/infolocale.20minutes.fr\/blog\/wp-content\/uploads\/2021\/09\/900x630-1.jpg","width":900,"height":630},{"@type":"BreadcrumbList","@id":"https:\/\/infolocale.ouest-france.fr\/blog\/les-semaines-de-lengagement-dans-les-colleges-et-lycees-importance-du-collectif-des-associations\/#breadcrumb","itemListElement":[{"@type":"ListItem","position":1,"name":"Blog","item":"https:\/\/infolocale.ouest-france.fr\/blog\/"},{"@type":"ListItem","position":2,"name":"En ce moment","item":"https:\/\/infolocale.20minutes.fr\/blog\/cat\/actu-acteurs-locaux\/"},{"@type":"ListItem","position":3,"name":"Les Semaines de l&rsquo;engagement dans les coll\u00e8ges et lyc\u00e9es"}]},{"@type":"WebSite","@id":"https:\/\/www.infolocale.fr\/blog\/#website","url":"https:\/\/www.infolocale.fr\/blog\/","name":"","description":"","publisher":{"@id":"https:\/\/www.infolocale.fr\/blog\/#organization"},"potentialAction":[{"@type":"SearchAction","target":{"@type":"EntryPoint","urlTemplate":"https:\/\/www.infolocale.fr\/blog\/?s={search_term_string}"},"query-input":"required name=search_term_string"}],"inLanguage":"fr-FR"},{"@type":"Organization","@id":"https:\/\/www.infolocale.fr\/blog\/#organization","name":"Infolocale","url":"https:\/\/www.infolocale.fr\/blog\/","logo":{"@type":"ImageObject","inLanguage":"fr-FR","@id":"https:\/\/www.infolocale.fr\/blog\/#\/schema\/logo\/image\/","url":"https:\/\/www.infolocale.fr\/blog\/wp-content\/uploads\/2020\/11\/logol.jpg","contentUrl":"https:\/\/www.infolocale.fr\/blog\/wp-content\/uploads\/2020\/11\/logol.jpg","width":1031,"height":398,"caption":"Infolocale"},"image":{"@id":"https:\/\/www.infolocale.fr\/blog\/#\/schema\/logo\/image\/"},"sameAs":["https:\/\/www.facebook.com\/infolocaleFR\/","https:\/\/x.com\/infolocale","https:\/\/www.instagram.com\/infolocale\/","https:\/\/fr.linkedin.com\/company\/infolocale","https:\/\/www.youtube.com\/channel\/UCnv4FA8EYEuu_si3TGr7xeA"]},{"@type":"Person","@id":"https:\/\/www.infolocale.fr\/blog\/#\/schema\/person\/bf2dc50c6636ffa2ce3e44ef1f9eb97f","name":"Myl\u00e8ne","image":{"@type":"ImageObject","inLanguage":"fr-FR","@id":"https:\/\/www.infolocale.fr\/blog\/#\/schema\/person\/image\/","url":"https:\/\/secure.gravatar.com\/avatar\/49511f0ea4b41ed3062b218e30f07042?s=96&d=mm&r=g","contentUrl":"https:\/\/secure.gravatar.com\/avatar\/49511f0ea4b41ed3062b218e30f07042?s=96&d=mm&r=g","caption":"Myl\u00e8ne"},"url":"https:\/\/infolocale.20minutes.fr\/blog\/author\/mylene-michel\/"}]}},"_links":{"self":[{"href":"https:\/\/infolocale.20minutes.fr\/blog\/wp-json\/wp\/v2\/posts\/13378"}],"collection":[{"href":"https:\/\/infolocale.20minutes.fr\/blog\/wp-json\/wp\/v2\/posts"}],"about":[{"href":"https:\/\/infolocale.20minutes.fr\/blog\/wp-json\/wp\/v2\/types\/post"}],"author":[{"embeddable":true,"href":"https:\/\/infolocale.20minutes.fr\/blog\/wp-json\/wp\/v2\/users\/8"}],"replies":[{"embeddable":true,"href":"https:\/\/infolocale.20minutes.fr\/blog\/wp-json\/wp\/v2\/comments?post=13378"}],"version-history":[{"count":0,"href":"https:\/\/infolocale.20minutes.fr\/blog\/wp-json\/wp\/v2\/posts\/13378\/revisions"}],"wp:featuredmedia":[{"embeddable":true,"href":"https:\/\/infolocale.20minutes.fr\/blog\/wp-json\/wp\/v2\/media\/13399"}],"wp:attachment":[{"href":"https:\/\/infolocale.20minutes.fr\/blog\/wp-json\/wp\/v2\/media?parent=13378"}],"wp:term":[{"taxonomy":"category","embeddable":true,"href":"https:\/\/infolocale.20minutes.fr\/blog\/wp-json\/wp\/v2\/categories?post=13378"},{"taxonomy":"post_tag","embeddable":true,"href":"https:\/\/infolocale.20minutes.fr\/blog\/wp-json\/wp\/v2\/tags?post=13378"}],"curies":[{"name":"wp","href":"https:\/\/api.w.org\/{rel}","templated":true}]}}