{"id":13134,"date":"2021-09-07T15:56:00","date_gmt":"2021-09-07T13:56:00","guid":{"rendered":"https:\/\/www.infolocale.fr\/blog\/?p=13134"},"modified":"2021-12-06T11:32:29","modified_gmt":"2021-12-06T10:32:29","slug":"question-aux-assos-comment-abordez-vous-la-rentree-2021","status":"publish","type":"post","link":"https:\/\/infolocale.20minutes.fr\/blog\/question-aux-assos-comment-abordez-vous-la-rentree-2021\/","title":{"rendered":"Question aux assos : Comment abordez-vous la rentr\u00e9e 2021 ?"},"content":{"rendered":"\n<p>Septembre est l\u00e0 et comme tous les ans \u00e0 la m\u00eame p\u00e9riode, les associations se pr\u00e9parent pour leur rentr\u00e9e. Cependant, \u00e0 la diff\u00e9rence des ann\u00e9es pr\u00e9c\u00e9dentes, nous sortons \u00e0 peine d\u2019une crise qui va probablement avoir un impact sur un certain nombre de nos structures. Apr\u00e8s les confinements successifs, apr\u00e8s l&rsquo;arr\u00eat de nos activit\u00e9s, allons-nous parvenir \u00e0 relancer nos associations ?&nbsp;<\/p>\n\n\n\n<p>Les risques sont multiples. Parviendrons-nous \u00e0 <a href=\"https:\/\/www.infolocale.fr\/blog\/fideliser-benevoles\/\">fid\u00e9liser nos b\u00e9n\u00e9voles<\/a> et \u00e0 les faire revenir ? Saurons-nous rassurer nos anciens membres et <a href=\"https:\/\/www.infolocale.fr\/blog\/attirer-nouveaux-adherents-association\/\">attirer de nouveaux adh\u00e9rents<\/a> ? Est-ce que ces presque deux ann\u00e9es de crise vont peser sur les finances de nos associations, la confiance de nos <a href=\"https:\/\/www.infolocale.fr\/blog\/dossier-sponsoring\/\">sponsors<\/a> et de nos partenaires ?\u00a0<\/p>\n\n\n\n<p>C\u2019est en substance la question que nous vous posons aujourd\u2019hui pour ce nouveau rendez-vous de la <strong>question aux assos<\/strong>.&nbsp;<\/p>\n\n\n\n<p class=\"has-custom-transform\" style=\"text-transform:uppercase\"><strong><span class=\"has-inline-color has-luminous-vivid-orange-color\">&gt;&gt; Question: Comment abordez-vous cette nouvelle rentr\u00e9e ?&nbsp;<\/span><\/strong><\/p>\n\n\n\n<p>Est-ce que votre association est en danger ? Avez-vous des besoins sp\u00e9cifiques ? Avez-vous pris des mesures sp\u00e9ciales pour attirer de nouveaux adh\u00e9rents, des b\u00e9n\u00e9voles, financer vos actions\u2026 Bref. Comment abordez-vous cette rentr\u00e9e 2021 ?<\/p>\n","protected":false},"excerpt":{"rendered":"<p>Septembre est l\u00e0 et comme tous les ans \u00e0 la m\u00eame p\u00e9riode, les associations se pr\u00e9parent pour leur rentr\u00e9e. Cependant, \u00e0 la diff\u00e9rence des ann\u00e9es [&hellip;]<\/p>\n","protected":false},"author":2,"featured_media":13136,"comment_status":"open","ping_status":"open","sticky":false,"template":"","format":"standard","meta":{"_coblocks_attr":"","_coblocks_dimensions":"","_coblocks_responsive_height":"","_coblocks_accordion_ie_support":"","_mo_disable_npp":"","footnotes":""},"categories":[6],"tags":[66],"class_list":["post-13134","post","type-post","status-publish","format-standard","has-post-thumbnail","hentry","category-actu-acteurs-locaux","tag-covid19"],"yoast_head":"<!-- This site is optimized with the Yoast SEO plugin v23.2 - https:\/\/yoast.com\/wordpress\/plugins\/seo\/ -->\n<title>Question aux assos : Comment abordez-vous la rentr\u00e9e 2021 ? |<\/title>\n<meta name=\"robots\" content=\"index, follow, max-snippet:-1, max-image-preview:large, max-video-preview:-1\" \/>\n<link rel=\"canonical\" href=\"https:\/\/infolocale.ouest-france.fr\/blog\/question-aux-assos-comment-abordez-vous-la-rentree-2021\/\" \/>\n<meta property=\"og:locale\" content=\"fr_FR\" \/>\n<meta property=\"og:type\" content=\"article\" \/>\n<meta property=\"og:title\" content=\"Comment abordez-vous la rentr\u00e9e 2021 ?\" \/>\n<meta property=\"og:description\" content=\"Venez r\u00e9pondre sur notre site et partager vos actions, craintes et vos objectifs\" \/>\n<meta property=\"og:url\" content=\"https:\/\/infolocale.ouest-france.fr\/blog\/question-aux-assos-comment-abordez-vous-la-rentree-2021\/\" \/>\n<meta property=\"article:publisher\" content=\"https:\/\/www.facebook.com\/infolocaleFR\/\" \/>\n<meta property=\"article:published_time\" content=\"2021-09-07T13:56:00+00:00\" \/>\n<meta property=\"article:modified_time\" content=\"2021-12-06T10:32:29+00:00\" \/>\n<meta property=\"og:image\" content=\"https:\/\/infolocale.ouest-france.fr\/blog\/wp-content\/uploads\/2021\/08\/parlosndenosasso.jpg\" \/>\n\t<meta property=\"og:image:width\" content=\"900\" \/>\n\t<meta property=\"og:image:height\" content=\"630\" \/>\n\t<meta property=\"og:image:type\" content=\"image\/jpeg\" \/>\n<meta name=\"author\" content=\"Morgan\" \/>\n<meta name=\"twitter:card\" content=\"summary_large_image\" \/>\n<meta name=\"twitter:title\" content=\"Comment abordez-vous la rentr\u00e9e 2021 ?\" \/>\n<meta name=\"twitter:description\" content=\"Venez r\u00e9pondre sur notre site et partager vos actions, craintes et vos objectifs\" \/>\n<meta name=\"twitter:image\" content=\"https:\/\/infolocale.20minutes.fr\/blog\/wp-content\/uploads\/2021\/08\/parlosndenosasso.jpg\" \/>\n<meta name=\"twitter:creator\" content=\"@infolocale\" \/>\n<meta name=\"twitter:site\" content=\"@infolocale\" \/>\n<meta name=\"twitter:label1\" content=\"\u00c9crit par\" \/>\n\t<meta name=\"twitter:data1\" content=\"Morgan\" \/>\n\t<meta name=\"twitter:label2\" content=\"Dur\u00e9e de lecture estim\u00e9e\" \/>\n\t<meta name=\"twitter:data2\" content=\"1 minute\" \/>\n<script type=\"application\/ld+json\" class=\"yoast-schema-graph\">{\"@context\":\"https:\/\/schema.org\",\"@graph\":[{\"@type\":\"Article\",\"@id\":\"https:\/\/infolocale.ouest-france.fr\/blog\/question-aux-assos-comment-abordez-vous-la-rentree-2021\/#article\",\"isPartOf\":{\"@id\":\"https:\/\/infolocale.ouest-france.fr\/blog\/question-aux-assos-comment-abordez-vous-la-rentree-2021\/\"},\"author\":{\"name\":\"Morgan\",\"@id\":\"https:\/\/www.infolocale.fr\/blog\/#\/schema\/person\/f0f748ece99417833166b3ba8890f3db\"},\"headline\":\"Question aux assos : Comment abordez-vous la rentr\u00e9e 2021 ?\",\"datePublished\":\"2021-09-07T13:56:00+00:00\",\"dateModified\":\"2021-12-06T10:32:29+00:00\",\"mainEntityOfPage\":{\"@id\":\"https:\/\/infolocale.ouest-france.fr\/blog\/question-aux-assos-comment-abordez-vous-la-rentree-2021\/\"},\"wordCount\":199,\"commentCount\":18,\"publisher\":{\"@id\":\"https:\/\/www.infolocale.fr\/blog\/#organization\"},\"image\":{\"@id\":\"https:\/\/infolocale.ouest-france.fr\/blog\/question-aux-assos-comment-abordez-vous-la-rentree-2021\/#primaryimage\"},\"thumbnailUrl\":\"https:\/\/infolocale.20minutes.fr\/blog\/wp-content\/uploads\/2021\/08\/parlosndenosasso.jpg\",\"keywords\":[\"COVID19\"],\"articleSection\":[\"En ce moment\"],\"inLanguage\":\"fr-FR\",\"potentialAction\":[{\"@type\":\"CommentAction\",\"name\":\"Comment\",\"target\":[\"https:\/\/infolocale.ouest-france.fr\/blog\/question-aux-assos-comment-abordez-vous-la-rentree-2021\/#respond\"]}]},{\"@type\":\"WebPage\",\"@id\":\"https:\/\/infolocale.ouest-france.fr\/blog\/question-aux-assos-comment-abordez-vous-la-rentree-2021\/\",\"url\":\"https:\/\/infolocale.ouest-france.fr\/blog\/question-aux-assos-comment-abordez-vous-la-rentree-2021\/\",\"name\":\"Question aux assos : Comment abordez-vous la rentr\u00e9e 2021 ? |\",\"isPartOf\":{\"@id\":\"https:\/\/www.infolocale.fr\/blog\/#website\"},\"primaryImageOfPage\":{\"@id\":\"https:\/\/infolocale.ouest-france.fr\/blog\/question-aux-assos-comment-abordez-vous-la-rentree-2021\/#primaryimage\"},\"image\":{\"@id\":\"https:\/\/infolocale.ouest-france.fr\/blog\/question-aux-assos-comment-abordez-vous-la-rentree-2021\/#primaryimage\"},\"thumbnailUrl\":\"https:\/\/infolocale.20minutes.fr\/blog\/wp-content\/uploads\/2021\/08\/parlosndenosasso.jpg\",\"datePublished\":\"2021-09-07T13:56:00+00:00\",\"dateModified\":\"2021-12-06T10:32:29+00:00\",\"breadcrumb\":{\"@id\":\"https:\/\/infolocale.ouest-france.fr\/blog\/question-aux-assos-comment-abordez-vous-la-rentree-2021\/#breadcrumb\"},\"inLanguage\":\"fr-FR\",\"potentialAction\":[{\"@type\":\"ReadAction\",\"target\":[\"https:\/\/infolocale.ouest-france.fr\/blog\/question-aux-assos-comment-abordez-vous-la-rentree-2021\/\"]}]},{\"@type\":\"ImageObject\",\"inLanguage\":\"fr-FR\",\"@id\":\"https:\/\/infolocale.ouest-france.fr\/blog\/question-aux-assos-comment-abordez-vous-la-rentree-2021\/#primaryimage\",\"url\":\"https:\/\/infolocale.20minutes.fr\/blog\/wp-content\/uploads\/2021\/08\/parlosndenosasso.jpg\",\"contentUrl\":\"https:\/\/infolocale.20minutes.fr\/blog\/wp-content\/uploads\/2021\/08\/parlosndenosasso.jpg\",\"width\":900,\"height\":630,\"caption\":\"question aux assos\"},{\"@type\":\"BreadcrumbList\",\"@id\":\"https:\/\/infolocale.ouest-france.fr\/blog\/question-aux-assos-comment-abordez-vous-la-rentree-2021\/#breadcrumb\",\"itemListElement\":[{\"@type\":\"ListItem\",\"position\":1,\"name\":\"Blog\",\"item\":\"https:\/\/infolocale.ouest-france.fr\/blog\/\"},{\"@type\":\"ListItem\",\"position\":2,\"name\":\"En ce moment\",\"item\":\"https:\/\/infolocale.20minutes.fr\/blog\/cat\/actu-acteurs-locaux\/\"},{\"@type\":\"ListItem\",\"position\":3,\"name\":\"Question aux assos : Comment abordez-vous la rentr\u00e9e 2021 ?\"}]},{\"@type\":\"WebSite\",\"@id\":\"https:\/\/www.infolocale.fr\/blog\/#website\",\"url\":\"https:\/\/www.infolocale.fr\/blog\/\",\"name\":\"\",\"description\":\"\",\"publisher\":{\"@id\":\"https:\/\/www.infolocale.fr\/blog\/#organization\"},\"potentialAction\":[{\"@type\":\"SearchAction\",\"target\":{\"@type\":\"EntryPoint\",\"urlTemplate\":\"https:\/\/www.infolocale.fr\/blog\/?s={search_term_string}\"},\"query-input\":\"required name=search_term_string\"}],\"inLanguage\":\"fr-FR\"},{\"@type\":\"Organization\",\"@id\":\"https:\/\/www.infolocale.fr\/blog\/#organization\",\"name\":\"Infolocale\",\"url\":\"https:\/\/www.infolocale.fr\/blog\/\",\"logo\":{\"@type\":\"ImageObject\",\"inLanguage\":\"fr-FR\",\"@id\":\"https:\/\/www.infolocale.fr\/blog\/#\/schema\/logo\/image\/\",\"url\":\"https:\/\/www.infolocale.fr\/blog\/wp-content\/uploads\/2020\/11\/logol.jpg\",\"contentUrl\":\"https:\/\/www.infolocale.fr\/blog\/wp-content\/uploads\/2020\/11\/logol.jpg\",\"width\":1031,\"height\":398,\"caption\":\"Infolocale\"},\"image\":{\"@id\":\"https:\/\/www.infolocale.fr\/blog\/#\/schema\/logo\/image\/\"},\"sameAs\":[\"https:\/\/www.facebook.com\/infolocaleFR\/\",\"https:\/\/x.com\/infolocale\",\"https:\/\/www.instagram.com\/infolocale\/\",\"https:\/\/fr.linkedin.com\/company\/infolocale\",\"https:\/\/www.youtube.com\/channel\/UCnv4FA8EYEuu_si3TGr7xeA\"]},{\"@type\":\"Person\",\"@id\":\"https:\/\/www.infolocale.fr\/blog\/#\/schema\/person\/f0f748ece99417833166b3ba8890f3db\",\"name\":\"Morgan\",\"image\":{\"@type\":\"ImageObject\",\"inLanguage\":\"fr-FR\",\"@id\":\"https:\/\/www.infolocale.fr\/blog\/#\/schema\/person\/image\/\",\"url\":\"https:\/\/secure.gravatar.com\/avatar\/a22ec2a0cc817ae9fa3ff7341a213632?s=96&d=mm&r=g\",\"contentUrl\":\"https:\/\/secure.gravatar.com\/avatar\/a22ec2a0cc817ae9fa3ff7341a213632?s=96&d=mm&r=g\",\"caption\":\"Morgan\"},\"url\":\"https:\/\/infolocale.20minutes.fr\/blog\/author\/morgan-delepine\/\"}]}<\/script>\n<!-- \/ Yoast SEO plugin. -->","yoast_head_json":{"title":"Question aux assos : Comment abordez-vous la rentr\u00e9e 2021 ? |","robots":{"index":"index","follow":"follow","max-snippet":"max-snippet:-1","max-image-preview":"max-image-preview:large","max-video-preview":"max-video-preview:-1"},"canonical":"https:\/\/infolocale.ouest-france.fr\/blog\/question-aux-assos-comment-abordez-vous-la-rentree-2021\/","og_locale":"fr_FR","og_type":"article","og_title":"Comment abordez-vous la rentr\u00e9e 2021 ?","og_description":"Venez r\u00e9pondre sur notre site et partager vos actions, craintes et vos objectifs","og_url":"https:\/\/infolocale.ouest-france.fr\/blog\/question-aux-assos-comment-abordez-vous-la-rentree-2021\/","article_publisher":"https:\/\/www.facebook.com\/infolocaleFR\/","article_published_time":"2021-09-07T13:56:00+00:00","article_modified_time":"2021-12-06T10:32:29+00:00","og_image":[{"width":900,"height":630,"url":"https:\/\/infolocale.ouest-france.fr\/blog\/wp-content\/uploads\/2021\/08\/parlosndenosasso.jpg","type":"image\/jpeg"}],"author":"Morgan","twitter_card":"summary_large_image","twitter_title":"Comment abordez-vous la rentr\u00e9e 2021 ?","twitter_description":"Venez r\u00e9pondre sur notre site et partager vos actions, craintes et vos objectifs","twitter_image":"https:\/\/infolocale.20minutes.fr\/blog\/wp-content\/uploads\/2021\/08\/parlosndenosasso.jpg","twitter_creator":"@infolocale","twitter_site":"@infolocale","twitter_misc":{"\u00c9crit par":"Morgan","Dur\u00e9e de lecture estim\u00e9e":"1 minute"},"schema":{"@context":"https:\/\/schema.org","@graph":[{"@type":"Article","@id":"https:\/\/infolocale.ouest-france.fr\/blog\/question-aux-assos-comment-abordez-vous-la-rentree-2021\/#article","isPartOf":{"@id":"https:\/\/infolocale.ouest-france.fr\/blog\/question-aux-assos-comment-abordez-vous-la-rentree-2021\/"},"author":{"name":"Morgan","@id":"https:\/\/www.infolocale.fr\/blog\/#\/schema\/person\/f0f748ece99417833166b3ba8890f3db"},"headline":"Question aux assos : Comment abordez-vous la rentr\u00e9e 2021 ?","datePublished":"2021-09-07T13:56:00+00:00","dateModified":"2021-12-06T10:32:29+00:00","mainEntityOfPage":{"@id":"https:\/\/infolocale.ouest-france.fr\/blog\/question-aux-assos-comment-abordez-vous-la-rentree-2021\/"},"wordCount":199,"commentCount":18,"publisher":{"@id":"https:\/\/www.infolocale.fr\/blog\/#organization"},"image":{"@id":"https:\/\/infolocale.ouest-france.fr\/blog\/question-aux-assos-comment-abordez-vous-la-rentree-2021\/#primaryimage"},"thumbnailUrl":"https:\/\/infolocale.20minutes.fr\/blog\/wp-content\/uploads\/2021\/08\/parlosndenosasso.jpg","keywords":["COVID19"],"articleSection":["En ce moment"],"inLanguage":"fr-FR","potentialAction":[{"@type":"CommentAction","name":"Comment","target":["https:\/\/infolocale.ouest-france.fr\/blog\/question-aux-assos-comment-abordez-vous-la-rentree-2021\/#respond"]}]},{"@type":"WebPage","@id":"https:\/\/infolocale.ouest-france.fr\/blog\/question-aux-assos-comment-abordez-vous-la-rentree-2021\/","url":"https:\/\/infolocale.ouest-france.fr\/blog\/question-aux-assos-comment-abordez-vous-la-rentree-2021\/","name":"Question aux assos : Comment abordez-vous la rentr\u00e9e 2021 ? |","isPartOf":{"@id":"https:\/\/www.infolocale.fr\/blog\/#website"},"primaryImageOfPage":{"@id":"https:\/\/infolocale.ouest-france.fr\/blog\/question-aux-assos-comment-abordez-vous-la-rentree-2021\/#primaryimage"},"image":{"@id":"https:\/\/infolocale.ouest-france.fr\/blog\/question-aux-assos-comment-abordez-vous-la-rentree-2021\/#primaryimage"},"thumbnailUrl":"https:\/\/infolocale.20minutes.fr\/blog\/wp-content\/uploads\/2021\/08\/parlosndenosasso.jpg","datePublished":"2021-09-07T13:56:00+00:00","dateModified":"2021-12-06T10:32:29+00:00","breadcrumb":{"@id":"https:\/\/infolocale.ouest-france.fr\/blog\/question-aux-assos-comment-abordez-vous-la-rentree-2021\/#breadcrumb"},"inLanguage":"fr-FR","potentialAction":[{"@type":"ReadAction","target":["https:\/\/infolocale.ouest-france.fr\/blog\/question-aux-assos-comment-abordez-vous-la-rentree-2021\/"]}]},{"@type":"ImageObject","inLanguage":"fr-FR","@id":"https:\/\/infolocale.ouest-france.fr\/blog\/question-aux-assos-comment-abordez-vous-la-rentree-2021\/#primaryimage","url":"https:\/\/infolocale.20minutes.fr\/blog\/wp-content\/uploads\/2021\/08\/parlosndenosasso.jpg","contentUrl":"https:\/\/infolocale.20minutes.fr\/blog\/wp-content\/uploads\/2021\/08\/parlosndenosasso.jpg","width":900,"height":630,"caption":"question aux assos"},{"@type":"BreadcrumbList","@id":"https:\/\/infolocale.ouest-france.fr\/blog\/question-aux-assos-comment-abordez-vous-la-rentree-2021\/#breadcrumb","itemListElement":[{"@type":"ListItem","position":1,"name":"Blog","item":"https:\/\/infolocale.ouest-france.fr\/blog\/"},{"@type":"ListItem","position":2,"name":"En ce moment","item":"https:\/\/infolocale.20minutes.fr\/blog\/cat\/actu-acteurs-locaux\/"},{"@type":"ListItem","position":3,"name":"Question aux assos : Comment abordez-vous la rentr\u00e9e 2021 ?"}]},{"@type":"WebSite","@id":"https:\/\/www.infolocale.fr\/blog\/#website","url":"https:\/\/www.infolocale.fr\/blog\/","name":"","description":"","publisher":{"@id":"https:\/\/www.infolocale.fr\/blog\/#organization"},"potentialAction":[{"@type":"SearchAction","target":{"@type":"EntryPoint","urlTemplate":"https:\/\/www.infolocale.fr\/blog\/?s={search_term_string}"},"query-input":"required name=search_term_string"}],"inLanguage":"fr-FR"},{"@type":"Organization","@id":"https:\/\/www.infolocale.fr\/blog\/#organization","name":"Infolocale","url":"https:\/\/www.infolocale.fr\/blog\/","logo":{"@type":"ImageObject","inLanguage":"fr-FR","@id":"https:\/\/www.infolocale.fr\/blog\/#\/schema\/logo\/image\/","url":"https:\/\/www.infolocale.fr\/blog\/wp-content\/uploads\/2020\/11\/logol.jpg","contentUrl":"https:\/\/www.infolocale.fr\/blog\/wp-content\/uploads\/2020\/11\/logol.jpg","width":1031,"height":398,"caption":"Infolocale"},"image":{"@id":"https:\/\/www.infolocale.fr\/blog\/#\/schema\/logo\/image\/"},"sameAs":["https:\/\/www.facebook.com\/infolocaleFR\/","https:\/\/x.com\/infolocale","https:\/\/www.instagram.com\/infolocale\/","https:\/\/fr.linkedin.com\/company\/infolocale","https:\/\/www.youtube.com\/channel\/UCnv4FA8EYEuu_si3TGr7xeA"]},{"@type":"Person","@id":"https:\/\/www.infolocale.fr\/blog\/#\/schema\/person\/f0f748ece99417833166b3ba8890f3db","name":"Morgan","image":{"@type":"ImageObject","inLanguage":"fr-FR","@id":"https:\/\/www.infolocale.fr\/blog\/#\/schema\/person\/image\/","url":"https:\/\/secure.gravatar.com\/avatar\/a22ec2a0cc817ae9fa3ff7341a213632?s=96&d=mm&r=g","contentUrl":"https:\/\/secure.gravatar.com\/avatar\/a22ec2a0cc817ae9fa3ff7341a213632?s=96&d=mm&r=g","caption":"Morgan"},"url":"https:\/\/infolocale.20minutes.fr\/blog\/author\/morgan-delepine\/"}]}},"_links":{"self":[{"href":"https:\/\/infolocale.20minutes.fr\/blog\/wp-json\/wp\/v2\/posts\/13134"}],"collection":[{"href":"https:\/\/infolocale.20minutes.fr\/blog\/wp-json\/wp\/v2\/posts"}],"about":[{"href":"https:\/\/infolocale.20minutes.fr\/blog\/wp-json\/wp\/v2\/types\/post"}],"author":[{"embeddable":true,"href":"https:\/\/infolocale.20minutes.fr\/blog\/wp-json\/wp\/v2\/users\/2"}],"replies":[{"embeddable":true,"href":"https:\/\/infolocale.20minutes.fr\/blog\/wp-json\/wp\/v2\/comments?post=13134"}],"version-history":[{"count":0,"href":"https:\/\/infolocale.20minutes.fr\/blog\/wp-json\/wp\/v2\/posts\/13134\/revisions"}],"wp:featuredmedia":[{"embeddable":true,"href":"https:\/\/infolocale.20minutes.fr\/blog\/wp-json\/wp\/v2\/media\/13136"}],"wp:attachment":[{"href":"https:\/\/infolocale.20minutes.fr\/blog\/wp-json\/wp\/v2\/media?parent=13134"}],"wp:term":[{"taxonomy":"category","embeddable":true,"href":"https:\/\/infolocale.20minutes.fr\/blog\/wp-json\/wp\/v2\/categories?post=13134"},{"taxonomy":"post_tag","embeddable":true,"href":"https:\/\/infolocale.20minutes.fr\/blog\/wp-json\/wp\/v2\/tags?post=13134"}],"curies":[{"name":"wp","href":"https:\/\/api.w.org\/{rel}","templated":true}]}}