{"id":12917,"date":"2021-08-26T09:22:16","date_gmt":"2021-08-26T07:22:16","guid":{"rendered":"https:\/\/www.infolocale.fr\/blog\/?p=12917"},"modified":"2021-08-26T09:22:17","modified_gmt":"2021-08-26T07:22:17","slug":"journees-du-patrimoine-diffusez-votre-programme-sur-infolocale","status":"publish","type":"post","link":"https:\/\/infolocale.20minutes.fr\/blog\/journees-du-patrimoine-diffusez-votre-programme-sur-infolocale\/","title":{"rendered":"Journ\u00e9es du patrimoine, diffusez votre programme sur Infolocale"},"content":{"rendered":"\n<p><strong>Les journ\u00e9es du patrimoine<\/strong> 2021 arrivent \u00e0 grands pas. Pour faire d\u00e9couvrir votre visite, pour communiquer vos heures d\u2019ouverture ; Infolocale vous propose d\u2019utiliser son <a href=\"https:\/\/www.infolocale.fr\/decouvrir\/?utm_source=blog&amp;utm_medium=banner&amp;utm_campaign=blog-content\">agenda en ligne<\/a>. Il vous permettra de diffuser votre \u00e9v\u00e9nement sur une multitude de sites et de collectivit\u00e9s locales.<\/p>\n\n\n\n<p>Sur certaines r\u00e9gions, votre \u00e9v\u00e9nement para\u00eetra \u00e9galement gratuitement dans la presse locale.<\/p>\n\n\n\n<div class=\"wp-block-buttons is-layout-flex wp-block-buttons-is-layout-flex\">\n<div class=\"wp-block-button\"><a class=\"wp-block-button__link has-white-color has-luminous-vivid-amber-background-color has-text-color has-background\" href=\"https:\/\/www.infolocale.fr\/decouvrir\/?utm_source=blog&amp;utm_medium=banner&amp;utm_campaign=blog-content\">Je d\u00e9pose mon \u00e9v\u00e9nement<\/a><\/div>\n<\/div>\n\n\n\n<h2 class=\"wp-block-heading\">Journ\u00e9es du patrimoine. Faire conna\u00eetre son \u00e9v\u00e8nement en ligne<\/h2>\n\n\n\n<p><strong>Les journ\u00e9es du patrimoine<\/strong> se d\u00e9rouleront les 18 et 19 septembre 2021. Vous \u00eates une collectivit\u00e9 et vous souhaitez faire conna\u00eetre la liste des lieux ouverts au public sur votre territoire ? Vous \u00eates une entreprise, un acteur priv\u00e9 et vous allez exceptionnellement ouvrir votre site aux visites ?<\/p>\n\n\n\n<p>Infolocale met \u00e0 votre disposition son agenda en ligne. Vous pouvez y renseigner :&nbsp;<\/p>\n\n\n\n<ul class=\"wp-block-list\"><li>les d\u00e9tails de vos visites,&nbsp;<\/li><li>les heures d\u2019ouverture,&nbsp;<\/li><li>les heures des visites guid\u00e9es,&nbsp;<\/li><li>votre adresse,&nbsp;<\/li><li>les caract\u00e9ristiques de votre site.<\/li><\/ul>\n\n\n\n<p>Comme d\u2019habitude, vos annonces seront multi diffus\u00e9es, sur notre site, sur les sites m\u00e9dias partenaires, sur les sites de vos collectivit\u00e9s ainsi que dans les pages des titres de presse partenaires.<\/p>\n\n\n\n<h2 class=\"wp-block-heading\">C\u2019est quoi les journ\u00e9es du patrimoine ?<\/h2>\n\n\n\n<p><strong>Les journ\u00e9es du patrimoine<\/strong> permettent, depuis 1984, de d\u00e9couvrir gratuitement des sites historiques, des \u00e9difices et des mus\u00e9es. Certains de ces lieux, publics ou priv\u00e9s, peuvent alors \u00eatre exceptionnellement ouverts. <\/p>\n\n\n\n<p>Si la premi\u00e8re \u00e9dition ne concernait que le territoire fran\u00e7ais,<strong> les journ\u00e9es du patrimoine<\/strong> se sont depuis \u00e9tendues et sont d\u00e9sormais programm\u00e9es dans plus de 50 pays, internationalisant par l\u00e0 m\u00eame leur nom en devenant :<strong> les journ\u00e9es europ\u00e9ennes du patrimoine<\/strong>.<\/p>\n\n\n\n<div class=\"wp-block-buttons is-layout-flex wp-block-buttons-is-layout-flex\">\n<div class=\"wp-block-button\"><a class=\"wp-block-button__link has-white-color has-luminous-vivid-amber-background-color has-text-color has-background\" href=\"https:\/\/www.infolocale.fr\/decouvrir\/?utm_source=blog&amp;utm_medium=banner&amp;utm_campaign=blog-content\">Je d\u00e9pose mon \u00e9v\u00e9nement<\/a><\/div>\n<\/div>\n","protected":false},"excerpt":{"rendered":"<p>Les journ\u00e9es du patrimoine 2021 arrivent \u00e0 grands pas. Pour faire d\u00e9couvrir votre visite, pour communiquer vos heures d\u2019ouverture ; Infolocale vous propose d\u2019utiliser son [&hellip;]<\/p>\n","protected":false},"author":2,"featured_media":12918,"comment_status":"open","ping_status":"open","sticky":false,"template":"","format":"standard","meta":{"_coblocks_attr":"","_coblocks_dimensions":"","_coblocks_responsive_height":"","_coblocks_accordion_ie_support":"","_mo_disable_npp":"","footnotes":""},"categories":[6],"tags":[],"class_list":["post-12917","post","type-post","status-publish","format-standard","has-post-thumbnail","hentry","category-actu-acteurs-locaux"],"yoast_head":"<!-- This site is optimized with the Yoast SEO plugin v23.2 - https:\/\/yoast.com\/wordpress\/plugins\/seo\/ -->\n<title>Journ\u00e9es du patrimoine, diffusez votre programme sur Infolocale |<\/title>\n<meta name=\"robots\" content=\"index, follow, max-snippet:-1, max-image-preview:large, max-video-preview:-1\" \/>\n<link rel=\"canonical\" href=\"https:\/\/www.infolocale.fr\/blog\/journees-du-patrimoine-diffusez-votre-programme-sur-infolocale\/\" \/>\n<meta property=\"og:locale\" content=\"fr_FR\" \/>\n<meta property=\"og:type\" content=\"article\" \/>\n<meta property=\"og:title\" content=\"Journ\u00e9es du patrimoine, diffusez votre programme sur Infolocale |\" \/>\n<meta property=\"og:description\" content=\"Les journ\u00e9es du patrimoine 2021 arrivent \u00e0 grands pas. Pour faire d\u00e9couvrir votre visite, pour communiquer vos heures d\u2019ouverture ; Infolocale vous propose d\u2019utiliser son [&hellip;]\" \/>\n<meta property=\"og:url\" content=\"https:\/\/www.infolocale.fr\/blog\/journees-du-patrimoine-diffusez-votre-programme-sur-infolocale\/\" \/>\n<meta property=\"article:publisher\" content=\"https:\/\/www.facebook.com\/infolocaleFR\/\" \/>\n<meta property=\"article:published_time\" content=\"2021-08-26T07:22:16+00:00\" \/>\n<meta property=\"article:modified_time\" content=\"2021-08-26T07:22:17+00:00\" \/>\n<meta property=\"og:image\" content=\"https:\/\/www.infolocale.fr\/blog\/wp-content\/uploads\/2021\/08\/journee-du-patrimoine.jpg\" \/>\n\t<meta property=\"og:image:width\" content=\"900\" \/>\n\t<meta property=\"og:image:height\" content=\"630\" \/>\n\t<meta property=\"og:image:type\" content=\"image\/jpeg\" \/>\n<meta name=\"author\" content=\"Morgan\" \/>\n<meta name=\"twitter:card\" content=\"summary_large_image\" \/>\n<meta name=\"twitter:creator\" content=\"@infolocale\" \/>\n<meta name=\"twitter:site\" content=\"@infolocale\" \/>\n<meta name=\"twitter:label1\" content=\"\u00c9crit par\" \/>\n\t<meta name=\"twitter:data1\" content=\"Morgan\" \/>\n\t<meta name=\"twitter:label2\" content=\"Dur\u00e9e de lecture estim\u00e9e\" \/>\n\t<meta name=\"twitter:data2\" content=\"2 minutes\" \/>\n<script type=\"application\/ld+json\" class=\"yoast-schema-graph\">{\"@context\":\"https:\/\/schema.org\",\"@graph\":[{\"@type\":\"Article\",\"@id\":\"https:\/\/www.infolocale.fr\/blog\/journees-du-patrimoine-diffusez-votre-programme-sur-infolocale\/#article\",\"isPartOf\":{\"@id\":\"https:\/\/www.infolocale.fr\/blog\/journees-du-patrimoine-diffusez-votre-programme-sur-infolocale\/\"},\"author\":{\"name\":\"Morgan\",\"@id\":\"https:\/\/www.infolocale.fr\/blog\/#\/schema\/person\/f0f748ece99417833166b3ba8890f3db\"},\"headline\":\"Journ\u00e9es du patrimoine, diffusez votre programme sur Infolocale\",\"datePublished\":\"2021-08-26T07:22:16+00:00\",\"dateModified\":\"2021-08-26T07:22:17+00:00\",\"mainEntityOfPage\":{\"@id\":\"https:\/\/www.infolocale.fr\/blog\/journees-du-patrimoine-diffusez-votre-programme-sur-infolocale\/\"},\"wordCount\":306,\"commentCount\":0,\"publisher\":{\"@id\":\"https:\/\/www.infolocale.fr\/blog\/#organization\"},\"image\":{\"@id\":\"https:\/\/www.infolocale.fr\/blog\/journees-du-patrimoine-diffusez-votre-programme-sur-infolocale\/#primaryimage\"},\"thumbnailUrl\":\"https:\/\/infolocale.20minutes.fr\/blog\/wp-content\/uploads\/2021\/08\/journee-du-patrimoine.jpg\",\"articleSection\":[\"En ce moment\"],\"inLanguage\":\"fr-FR\",\"potentialAction\":[{\"@type\":\"CommentAction\",\"name\":\"Comment\",\"target\":[\"https:\/\/www.infolocale.fr\/blog\/journees-du-patrimoine-diffusez-votre-programme-sur-infolocale\/#respond\"]}]},{\"@type\":\"WebPage\",\"@id\":\"https:\/\/www.infolocale.fr\/blog\/journees-du-patrimoine-diffusez-votre-programme-sur-infolocale\/\",\"url\":\"https:\/\/www.infolocale.fr\/blog\/journees-du-patrimoine-diffusez-votre-programme-sur-infolocale\/\",\"name\":\"Journ\u00e9es du patrimoine, diffusez votre programme sur Infolocale |\",\"isPartOf\":{\"@id\":\"https:\/\/www.infolocale.fr\/blog\/#website\"},\"primaryImageOfPage\":{\"@id\":\"https:\/\/www.infolocale.fr\/blog\/journees-du-patrimoine-diffusez-votre-programme-sur-infolocale\/#primaryimage\"},\"image\":{\"@id\":\"https:\/\/www.infolocale.fr\/blog\/journees-du-patrimoine-diffusez-votre-programme-sur-infolocale\/#primaryimage\"},\"thumbnailUrl\":\"https:\/\/infolocale.20minutes.fr\/blog\/wp-content\/uploads\/2021\/08\/journee-du-patrimoine.jpg\",\"datePublished\":\"2021-08-26T07:22:16+00:00\",\"dateModified\":\"2021-08-26T07:22:17+00:00\",\"breadcrumb\":{\"@id\":\"https:\/\/www.infolocale.fr\/blog\/journees-du-patrimoine-diffusez-votre-programme-sur-infolocale\/#breadcrumb\"},\"inLanguage\":\"fr-FR\",\"potentialAction\":[{\"@type\":\"ReadAction\",\"target\":[\"https:\/\/www.infolocale.fr\/blog\/journees-du-patrimoine-diffusez-votre-programme-sur-infolocale\/\"]}]},{\"@type\":\"ImageObject\",\"inLanguage\":\"fr-FR\",\"@id\":\"https:\/\/www.infolocale.fr\/blog\/journees-du-patrimoine-diffusez-votre-programme-sur-infolocale\/#primaryimage\",\"url\":\"https:\/\/infolocale.20minutes.fr\/blog\/wp-content\/uploads\/2021\/08\/journee-du-patrimoine.jpg\",\"contentUrl\":\"https:\/\/infolocale.20minutes.fr\/blog\/wp-content\/uploads\/2021\/08\/journee-du-patrimoine.jpg\",\"width\":900,\"height\":630,\"caption\":\"diffuser ses \u00e9v\u00e9nements en ligne avec l'agenda culturel Infolocale\"},{\"@type\":\"BreadcrumbList\",\"@id\":\"https:\/\/www.infolocale.fr\/blog\/journees-du-patrimoine-diffusez-votre-programme-sur-infolocale\/#breadcrumb\",\"itemListElement\":[{\"@type\":\"ListItem\",\"position\":1,\"name\":\"Blog\",\"item\":\"https:\/\/infolocale.ouest-france.fr\/blog\/\"},{\"@type\":\"ListItem\",\"position\":2,\"name\":\"En ce moment\",\"item\":\"https:\/\/infolocale.20minutes.fr\/blog\/cat\/actu-acteurs-locaux\/\"},{\"@type\":\"ListItem\",\"position\":3,\"name\":\"Journ\u00e9es du patrimoine, diffusez votre programme sur Infolocale\"}]},{\"@type\":\"WebSite\",\"@id\":\"https:\/\/www.infolocale.fr\/blog\/#website\",\"url\":\"https:\/\/www.infolocale.fr\/blog\/\",\"name\":\"\",\"description\":\"\",\"publisher\":{\"@id\":\"https:\/\/www.infolocale.fr\/blog\/#organization\"},\"potentialAction\":[{\"@type\":\"SearchAction\",\"target\":{\"@type\":\"EntryPoint\",\"urlTemplate\":\"https:\/\/www.infolocale.fr\/blog\/?s={search_term_string}\"},\"query-input\":\"required name=search_term_string\"}],\"inLanguage\":\"fr-FR\"},{\"@type\":\"Organization\",\"@id\":\"https:\/\/www.infolocale.fr\/blog\/#organization\",\"name\":\"Infolocale\",\"url\":\"https:\/\/www.infolocale.fr\/blog\/\",\"logo\":{\"@type\":\"ImageObject\",\"inLanguage\":\"fr-FR\",\"@id\":\"https:\/\/www.infolocale.fr\/blog\/#\/schema\/logo\/image\/\",\"url\":\"https:\/\/www.infolocale.fr\/blog\/wp-content\/uploads\/2020\/11\/logol.jpg\",\"contentUrl\":\"https:\/\/www.infolocale.fr\/blog\/wp-content\/uploads\/2020\/11\/logol.jpg\",\"width\":1031,\"height\":398,\"caption\":\"Infolocale\"},\"image\":{\"@id\":\"https:\/\/www.infolocale.fr\/blog\/#\/schema\/logo\/image\/\"},\"sameAs\":[\"https:\/\/www.facebook.com\/infolocaleFR\/\",\"https:\/\/x.com\/infolocale\",\"https:\/\/www.instagram.com\/infolocale\/\",\"https:\/\/fr.linkedin.com\/company\/infolocale\",\"https:\/\/www.youtube.com\/channel\/UCnv4FA8EYEuu_si3TGr7xeA\"]},{\"@type\":\"Person\",\"@id\":\"https:\/\/www.infolocale.fr\/blog\/#\/schema\/person\/f0f748ece99417833166b3ba8890f3db\",\"name\":\"Morgan\",\"image\":{\"@type\":\"ImageObject\",\"inLanguage\":\"fr-FR\",\"@id\":\"https:\/\/www.infolocale.fr\/blog\/#\/schema\/person\/image\/\",\"url\":\"https:\/\/secure.gravatar.com\/avatar\/a22ec2a0cc817ae9fa3ff7341a213632?s=96&d=mm&r=g\",\"contentUrl\":\"https:\/\/secure.gravatar.com\/avatar\/a22ec2a0cc817ae9fa3ff7341a213632?s=96&d=mm&r=g\",\"caption\":\"Morgan\"},\"url\":\"https:\/\/infolocale.20minutes.fr\/blog\/author\/morgan-delepine\/\"}]}<\/script>\n<!-- \/ Yoast SEO plugin. -->","yoast_head_json":{"title":"Journ\u00e9es du patrimoine, diffusez votre programme sur Infolocale |","robots":{"index":"index","follow":"follow","max-snippet":"max-snippet:-1","max-image-preview":"max-image-preview:large","max-video-preview":"max-video-preview:-1"},"canonical":"https:\/\/www.infolocale.fr\/blog\/journees-du-patrimoine-diffusez-votre-programme-sur-infolocale\/","og_locale":"fr_FR","og_type":"article","og_title":"Journ\u00e9es du patrimoine, diffusez votre programme sur Infolocale |","og_description":"Les journ\u00e9es du patrimoine 2021 arrivent \u00e0 grands pas. Pour faire d\u00e9couvrir votre visite, pour communiquer vos heures d\u2019ouverture ; Infolocale vous propose d\u2019utiliser son [&hellip;]","og_url":"https:\/\/www.infolocale.fr\/blog\/journees-du-patrimoine-diffusez-votre-programme-sur-infolocale\/","article_publisher":"https:\/\/www.facebook.com\/infolocaleFR\/","article_published_time":"2021-08-26T07:22:16+00:00","article_modified_time":"2021-08-26T07:22:17+00:00","og_image":[{"width":900,"height":630,"url":"https:\/\/www.infolocale.fr\/blog\/wp-content\/uploads\/2021\/08\/journee-du-patrimoine.jpg","type":"image\/jpeg"}],"author":"Morgan","twitter_card":"summary_large_image","twitter_creator":"@infolocale","twitter_site":"@infolocale","twitter_misc":{"\u00c9crit par":"Morgan","Dur\u00e9e de lecture estim\u00e9e":"2 minutes"},"schema":{"@context":"https:\/\/schema.org","@graph":[{"@type":"Article","@id":"https:\/\/www.infolocale.fr\/blog\/journees-du-patrimoine-diffusez-votre-programme-sur-infolocale\/#article","isPartOf":{"@id":"https:\/\/www.infolocale.fr\/blog\/journees-du-patrimoine-diffusez-votre-programme-sur-infolocale\/"},"author":{"name":"Morgan","@id":"https:\/\/www.infolocale.fr\/blog\/#\/schema\/person\/f0f748ece99417833166b3ba8890f3db"},"headline":"Journ\u00e9es du patrimoine, diffusez votre programme sur Infolocale","datePublished":"2021-08-26T07:22:16+00:00","dateModified":"2021-08-26T07:22:17+00:00","mainEntityOfPage":{"@id":"https:\/\/www.infolocale.fr\/blog\/journees-du-patrimoine-diffusez-votre-programme-sur-infolocale\/"},"wordCount":306,"commentCount":0,"publisher":{"@id":"https:\/\/www.infolocale.fr\/blog\/#organization"},"image":{"@id":"https:\/\/www.infolocale.fr\/blog\/journees-du-patrimoine-diffusez-votre-programme-sur-infolocale\/#primaryimage"},"thumbnailUrl":"https:\/\/infolocale.20minutes.fr\/blog\/wp-content\/uploads\/2021\/08\/journee-du-patrimoine.jpg","articleSection":["En ce moment"],"inLanguage":"fr-FR","potentialAction":[{"@type":"CommentAction","name":"Comment","target":["https:\/\/www.infolocale.fr\/blog\/journees-du-patrimoine-diffusez-votre-programme-sur-infolocale\/#respond"]}]},{"@type":"WebPage","@id":"https:\/\/www.infolocale.fr\/blog\/journees-du-patrimoine-diffusez-votre-programme-sur-infolocale\/","url":"https:\/\/www.infolocale.fr\/blog\/journees-du-patrimoine-diffusez-votre-programme-sur-infolocale\/","name":"Journ\u00e9es du patrimoine, diffusez votre programme sur Infolocale |","isPartOf":{"@id":"https:\/\/www.infolocale.fr\/blog\/#website"},"primaryImageOfPage":{"@id":"https:\/\/www.infolocale.fr\/blog\/journees-du-patrimoine-diffusez-votre-programme-sur-infolocale\/#primaryimage"},"image":{"@id":"https:\/\/www.infolocale.fr\/blog\/journees-du-patrimoine-diffusez-votre-programme-sur-infolocale\/#primaryimage"},"thumbnailUrl":"https:\/\/infolocale.20minutes.fr\/blog\/wp-content\/uploads\/2021\/08\/journee-du-patrimoine.jpg","datePublished":"2021-08-26T07:22:16+00:00","dateModified":"2021-08-26T07:22:17+00:00","breadcrumb":{"@id":"https:\/\/www.infolocale.fr\/blog\/journees-du-patrimoine-diffusez-votre-programme-sur-infolocale\/#breadcrumb"},"inLanguage":"fr-FR","potentialAction":[{"@type":"ReadAction","target":["https:\/\/www.infolocale.fr\/blog\/journees-du-patrimoine-diffusez-votre-programme-sur-infolocale\/"]}]},{"@type":"ImageObject","inLanguage":"fr-FR","@id":"https:\/\/www.infolocale.fr\/blog\/journees-du-patrimoine-diffusez-votre-programme-sur-infolocale\/#primaryimage","url":"https:\/\/infolocale.20minutes.fr\/blog\/wp-content\/uploads\/2021\/08\/journee-du-patrimoine.jpg","contentUrl":"https:\/\/infolocale.20minutes.fr\/blog\/wp-content\/uploads\/2021\/08\/journee-du-patrimoine.jpg","width":900,"height":630,"caption":"diffuser ses \u00e9v\u00e9nements en ligne avec l'agenda culturel Infolocale"},{"@type":"BreadcrumbList","@id":"https:\/\/www.infolocale.fr\/blog\/journees-du-patrimoine-diffusez-votre-programme-sur-infolocale\/#breadcrumb","itemListElement":[{"@type":"ListItem","position":1,"name":"Blog","item":"https:\/\/infolocale.ouest-france.fr\/blog\/"},{"@type":"ListItem","position":2,"name":"En ce moment","item":"https:\/\/infolocale.20minutes.fr\/blog\/cat\/actu-acteurs-locaux\/"},{"@type":"ListItem","position":3,"name":"Journ\u00e9es du patrimoine, diffusez votre programme sur Infolocale"}]},{"@type":"WebSite","@id":"https:\/\/www.infolocale.fr\/blog\/#website","url":"https:\/\/www.infolocale.fr\/blog\/","name":"","description":"","publisher":{"@id":"https:\/\/www.infolocale.fr\/blog\/#organization"},"potentialAction":[{"@type":"SearchAction","target":{"@type":"EntryPoint","urlTemplate":"https:\/\/www.infolocale.fr\/blog\/?s={search_term_string}"},"query-input":"required name=search_term_string"}],"inLanguage":"fr-FR"},{"@type":"Organization","@id":"https:\/\/www.infolocale.fr\/blog\/#organization","name":"Infolocale","url":"https:\/\/www.infolocale.fr\/blog\/","logo":{"@type":"ImageObject","inLanguage":"fr-FR","@id":"https:\/\/www.infolocale.fr\/blog\/#\/schema\/logo\/image\/","url":"https:\/\/www.infolocale.fr\/blog\/wp-content\/uploads\/2020\/11\/logol.jpg","contentUrl":"https:\/\/www.infolocale.fr\/blog\/wp-content\/uploads\/2020\/11\/logol.jpg","width":1031,"height":398,"caption":"Infolocale"},"image":{"@id":"https:\/\/www.infolocale.fr\/blog\/#\/schema\/logo\/image\/"},"sameAs":["https:\/\/www.facebook.com\/infolocaleFR\/","https:\/\/x.com\/infolocale","https:\/\/www.instagram.com\/infolocale\/","https:\/\/fr.linkedin.com\/company\/infolocale","https:\/\/www.youtube.com\/channel\/UCnv4FA8EYEuu_si3TGr7xeA"]},{"@type":"Person","@id":"https:\/\/www.infolocale.fr\/blog\/#\/schema\/person\/f0f748ece99417833166b3ba8890f3db","name":"Morgan","image":{"@type":"ImageObject","inLanguage":"fr-FR","@id":"https:\/\/www.infolocale.fr\/blog\/#\/schema\/person\/image\/","url":"https:\/\/secure.gravatar.com\/avatar\/a22ec2a0cc817ae9fa3ff7341a213632?s=96&d=mm&r=g","contentUrl":"https:\/\/secure.gravatar.com\/avatar\/a22ec2a0cc817ae9fa3ff7341a213632?s=96&d=mm&r=g","caption":"Morgan"},"url":"https:\/\/infolocale.20minutes.fr\/blog\/author\/morgan-delepine\/"}]}},"_links":{"self":[{"href":"https:\/\/infolocale.20minutes.fr\/blog\/wp-json\/wp\/v2\/posts\/12917"}],"collection":[{"href":"https:\/\/infolocale.20minutes.fr\/blog\/wp-json\/wp\/v2\/posts"}],"about":[{"href":"https:\/\/infolocale.20minutes.fr\/blog\/wp-json\/wp\/v2\/types\/post"}],"author":[{"embeddable":true,"href":"https:\/\/infolocale.20minutes.fr\/blog\/wp-json\/wp\/v2\/users\/2"}],"replies":[{"embeddable":true,"href":"https:\/\/infolocale.20minutes.fr\/blog\/wp-json\/wp\/v2\/comments?post=12917"}],"version-history":[{"count":0,"href":"https:\/\/infolocale.20minutes.fr\/blog\/wp-json\/wp\/v2\/posts\/12917\/revisions"}],"wp:featuredmedia":[{"embeddable":true,"href":"https:\/\/infolocale.20minutes.fr\/blog\/wp-json\/wp\/v2\/media\/12918"}],"wp:attachment":[{"href":"https:\/\/infolocale.20minutes.fr\/blog\/wp-json\/wp\/v2\/media?parent=12917"}],"wp:term":[{"taxonomy":"category","embeddable":true,"href":"https:\/\/infolocale.20minutes.fr\/blog\/wp-json\/wp\/v2\/categories?post=12917"},{"taxonomy":"post_tag","embeddable":true,"href":"https:\/\/infolocale.20minutes.fr\/blog\/wp-json\/wp\/v2\/tags?post=12917"}],"curies":[{"name":"wp","href":"https:\/\/api.w.org\/{rel}","templated":true}]}}