{"id":12461,"date":"2021-07-15T15:30:24","date_gmt":"2021-07-15T13:30:24","guid":{"rendered":"https:\/\/www.infolocale.fr\/blog\/?p=12461"},"modified":"2023-02-03T15:23:51","modified_gmt":"2023-02-03T14:23:51","slug":"responsabilite-penale-civile-association","status":"publish","type":"post","link":"https:\/\/infolocale.20minutes.fr\/blog\/responsabilite-penale-civile-association\/","title":{"rendered":"Responsabilit\u00e9 p\u00e9nale et civile des dirigeants d\u2019associations"},"content":{"rendered":"\n<p class=\"has-black-color has-text-color has-background\" style=\"background-color:#a1d5f5\">Les torts commis par les dirigeants d\u2019une association tombent g\u00e9n\u00e9ralement sous la responsabilit\u00e9 de la personne morale. Cependant, les fautes d\u00e9tachables de ses fonctions, tombent, le plus souvent, sous la responsabilit\u00e9 du dirigeant. Il s&rsquo;agit ici, des fautes d\u00e9coulant d\u2019actions ne r\u00e9pondant pas aux missions et \u00e0 l\u2019objet de l\u2019association. Dans le domaine financier, un dirigeant peut \u00eatre reconnu responsable des dettes de son association s\u2019il s\u2019est port\u00e9 garant, ou en cas de faute de gestion. Il est important de savoir que la notion de dirigeant peut int\u00e9grer un b\u00e9n\u00e9vole charg\u00e9 de certaines responsabilit\u00e9s. Il sera alors consid\u00e9r\u00e9 comme dirigeant de fait.&nbsp; <\/p>\n\n\n\n<div class=\"wp-block-buttons is-horizontal is-content-justification-center is-layout-flex wp-container-core-buttons-is-layout-1 wp-block-buttons-is-layout-flex\">\n<div class=\"wp-block-button\"><a class=\"wp-block-button__link has-white-color has-luminous-vivid-amber-background-color has-text-color has-background wp-element-button\"><strong>&gt;&gt;Inscrire mon asso \u00e0 Infolocale <\/strong><\/a><\/div>\n<\/div>\n\n\n\n<h2 class=\"wp-block-heading\">Responsabilit\u00e9 des dirigeants d\u2019association. Ce que dit la loi<\/h2>\n\n\n\n<p>C\u2019est souvent la pr\u00e9occupation premi\u00e8re d\u2019un futur dirigeant quand ils envisagent de s\u2019engager au service d\u2019une association. Quels sont les risques encourus par ses actions au sein de l&rsquo;association ? La responsabilit\u00e9 d\u2019un dirigeant peut-elle \u00eatre engag\u00e9e par les actions de l\u2019association ? Ou encore. Quelles sont les risques p\u00e9nales d\u2019un dirigeant d\u2019association ?&nbsp;<\/p>\n\n\n\n<p>Sur le plan l\u00e9gislatif, la responsabilit\u00e9 des associations, mais aussi celle de leurs dirigeants repose sur les trois textes de loi suivants.&nbsp;<\/p>\n\n\n\n<h3 class=\"wp-block-heading\">Les associations sont p\u00e9nalement responsables de torts et d\u00e9lits qu\u2019elle commettent<\/h3>\n\n\n\n<p>Dans l\u2019article 121-2 du code p\u00e9nal, il est \u00e9crit :<\/p>\n\n\n\n<blockquote class=\"wp-block-quote is-layout-flow wp-block-quote-is-layout-flow\"><p>\u201cLes personnes morales, \u00e0 l&rsquo;exclusion de l&rsquo;Etat, sont responsables p\u00e9nalement, selon les distinctions des <a href=\"https:\/\/www.legifrance.gouv.fr\/affichCodeArticle.do?cidTexte=LEGITEXT000006070719&amp;idArticle=LEGIARTI000006417209&amp;dateTexte=&amp;categorieLien=cid\" target=\"_blank\" rel=\"noreferrer noopener\">articles 121-4 \u00e0 121-7<\/a>, des infractions commises, pour leur compte, par leurs organes ou repr\u00e9sentants.\u201d<\/p><\/blockquote>\n\n\n\n<p>Ainsi une association est-elle responsable, en tant que personnes morales, des torts qui peuvent \u00eatre commis, par ses repr\u00e9sentants, en son nom.<\/p>\n\n\n\n<h3 class=\"wp-block-heading\">Les dirigeants sont mandataires de leur association<\/h3>\n\n\n\n<p>Ainsi, dans l\u2019article 1984 du code civil ont peut lire :&nbsp;<\/p>\n\n\n\n<blockquote class=\"wp-block-quote is-layout-flow wp-block-quote-is-layout-flow\"><p><em>\u00ab Le mandat ou procuration est un acte par lequel une personne donne \u00e0 une autre le pouvoir de faire quelque chose pour le mandant et en son nom. Le contrat ne se forme que par l\u2019acceptation du mandataire. \u00bb<\/em><\/p><\/blockquote>\n\n\n\n<p><em>Pour une association ; un dirigeant, un membre du bureau, un administrateur mais aussi un b\u00e9n\u00e9vole ou un employ\u00e9 est consid\u00e9r\u00e9 comme \u00e9tant un mandataire disposant du pouvoir de la repr\u00e9senter dans le cadre de ses activit\u00e9s. Cette responsabilit\u00e9 est plus globale et d\u00e9passe le simple cadre des activit\u00e9s quand il s\u2019agit des administrateurs et membres du bureau.<\/em><\/p>\n\n\n\n<h3 class=\"wp-block-heading\">Les mandataires d\u2019une association sont responsables des torts commis dans l\u2019exercice de leur fonctions associatives<\/h3>\n\n\n\n<p>En suite, l\u2019article 1992 du code civile pr\u00e9cise les choses.<\/p>\n\n\n\n<blockquote class=\"wp-block-quote is-layout-flow wp-block-quote-is-layout-flow\"><p>\u201c<em>Le mandataire r\u00e9pond non seulement du dol, mais encore des fautes qu&rsquo;il commet dans sa gestion. N\u00e9anmoins, la responsabilit\u00e9 relative aux fautes est appliqu\u00e9e moins rigoureusement \u00e0 celui dont le mandat est gratuit qu&rsquo;\u00e0 celui qui re\u00e7oit un salaire.\u201d<\/em><\/p><\/blockquote>\n\n\n\n<p>Le repr\u00e9sentant d\u2019une association, le mandataire, r\u00e9pondent des fautes et torts qu\u2019ils peuvent commettre dans le cadre des missions ou fonctions effectu\u00e9es pour l\u2019association. De plus, aux yeux de la loi, un mandataire peut, non seulement \u00eatre celui qui poss\u00e8de un mandat officiel de l\u2019association, mais aussi celui qui, par ses actions, endosse un r\u00f4le \u00e0 responsabilit\u00e9.&nbsp;<\/p>\n\n\n\n<p>Ainsi, un b\u00e9n\u00e9vole engag\u00e9 dans l\u2019association, m\u00eame sans occuper de poste au bureau ou au conseil d\u2019administration, peut, aux yeux de la loi, \u00eatre consid\u00e9r\u00e9 comme ayant des responsabilit\u00e9s. On parle alors de <a href=\"https:\/\/www.infolocale.fr\/blog\/dirigeant-de-fait-association\/\">dirigeant de fait<\/a>.<\/p>\n\n\n<div class=\"wp-block-image is-resized\">\n<figure class=\"aligncenter size-large has-lightbox\"><a href=\"https:\/\/www.infolocale.fr\/decouvrir\/deposant\/?utm_source=blog&amp;utm_medium=banner&amp;utm_campaign=blog-content\"><img fetchpriority=\"high\" decoding=\"async\" width=\"1024\" height=\"1024\" src=\"https:\/\/www.infolocale.fr\/blog\/wp-content\/uploads\/2021\/11\/banniere-NLDASSO-carree1500x1500-1024x1024.jpg\" alt=\"\" class=\"wp-image-23946\" srcset=\"https:\/\/infolocale.20minutes.fr\/blog\/wp-content\/uploads\/2021\/11\/banniere-NLDASSO-carree1500x1500-1024x1024.jpg 1024w, https:\/\/infolocale.20minutes.fr\/blog\/wp-content\/uploads\/2021\/11\/banniere-NLDASSO-carree1500x1500-300x300.jpg 300w, https:\/\/infolocale.20minutes.fr\/blog\/wp-content\/uploads\/2021\/11\/banniere-NLDASSO-carree1500x1500-150x150.jpg 150w, https:\/\/infolocale.20minutes.fr\/blog\/wp-content\/uploads\/2021\/11\/banniere-NLDASSO-carree1500x1500-768x768.jpg 768w, https:\/\/infolocale.20minutes.fr\/blog\/wp-content\/uploads\/2021\/11\/banniere-NLDASSO-carree1500x1500.jpg 1500w\" sizes=\"(max-width: 1024px) 100vw, 1024px\" \/><\/a><\/figure><\/div>\n\n\n<h2 class=\"wp-block-heading\">Responsabilit\u00e9 civile et responsabilit\u00e9 p\u00e9nale, qu\u2019est-ce que c\u2019est ?<\/h2>\n\n\n\n<p>En cas d\u2019infraction, la responsabilit\u00e9 d\u2019une association est la m\u00eame que celle des personnes physiques. Ainsi, votre association doit-elle r\u00e9parer les dommages qu\u2019elle pourrait avoir caus\u00e9s.&nbsp;De plus, en cas de violation de la loi, l&rsquo;association est passible de poursuites. <\/p>\n\n\n\n<p>Deux types de responsabilit\u00e9s diff\u00e9rentes existent :<\/p>\n\n\n\n<ul class=\"wp-block-list\"><li>La responsabilit\u00e9 civile <\/li><li>la responsabilit\u00e9 p\u00e9nale.<\/li><\/ul>\n\n\n\n<h3 class=\"wp-block-heading\">Quelle est la diff\u00e9rence entre responsabilit\u00e9 civile et responsabilit\u00e9 p\u00e9nale ?<\/h3>\n\n\n\n<p><strong>La responsabilit\u00e9 civile<\/strong>. Elle prot\u00e8ge les individus. Elle vise \u00e0 r\u00e9parer un dommage caus\u00e9 \u00e0 autrui. Par exemple, l\u2019inex\u00e9cution d\u2019un contrat. La victime est alors indemnis\u00e9e. C\u2019est le responsable du tort qui paie les dommages et int\u00e9r\u00eats. Ici votre association sera responsable civilement dans deux cas. Pour <strong>inex\u00e9cution d\u2019un contrat<\/strong> ou pour <strong>tort caus\u00e9 \u00e0 un tiers<\/strong>.<\/p>\n\n\n\n<p><strong>La responsabilit\u00e9 p\u00e9nale<\/strong>. Elle prot\u00e8ge la soci\u00e9t\u00e9. Elle sanctionne l\u2019auteur d\u2019une infraction qui peut \u00eatre condamn\u00e9e \u00e0 des amendes ou \u00e0 une peine de prison. Il est \u00e9galement possible que votre responsabilit\u00e9 soit<strong> engag\u00e9e en civile et en p\u00e9nale pour une seule et m\u00eame infraction<\/strong>. Dans ce cas l\u00e0 vous pouvez avoir \u00e0 r\u00e9gler une amende, purger une peine de prison et \u00e0 payer des dommages et int\u00e9r\u00eats.<\/p>\n\n\n\n<h2 class=\"wp-block-heading\">La responsabilit\u00e9 civile des dirigeants d\u2019association<\/h2>\n\n\n\n<p>Les torts peuvent \u00eatre de natures <strong>contractuelle ou d\u00e9lictuelle<\/strong>. L\u2019article 1992 du code civile, que nous avons vu plus haut, nous apprend qu\u2019en tant que mandataire, vous pouvez \u00eatre reconnu responsable des fautes commises dans la gestion de votre association.&nbsp;<\/p>\n\n\n\n<p>Ainsi votre responsabilit\u00e9 personnelle peut-elle \u00eatre engag\u00e9e au m\u00eame titre que celle de l\u2019association. Dans ce domaine, elle peut \u00eatre engag\u00e9e par :&nbsp;<\/p>\n\n\n\n<ul class=\"wp-block-list\"><li>l\u2019association elle m\u00eame,&nbsp;&nbsp;&nbsp;<\/li><li>des membres de l\u2019association<\/li><li>des personnes ext\u00e9rieurs<\/li><\/ul>\n\n\n\n<h3 class=\"wp-block-heading\">Responsabilit\u00e9 engag\u00e9e par l\u2019association et ses membres contre le dirigeant<\/h3>\n\n\n\n<p>Nous parlons ici des moments ou votre responsabilit\u00e9 peut \u00eatre engag\u00e9e par ses membres ou par l&rsquo;association elle m\u00eame.<\/p>\n\n\n\n<p>La <strong>responsabilit\u00e9 d\u2019une association<\/strong> peut \u00eatre engag\u00e9e par toute personne impliqu\u00e9e dans ses activit\u00e9s. Cela peut-\u00eatre un salari\u00e9, mais aussi, les licenci\u00e9s, les b\u00e9n\u00e9voles, les membres du bureau ou administrateurs.<\/p>\n\n\n\n<p>Ici, la <strong>responsabilit\u00e9 du dirigeant<\/strong> peut \u00eatre engag\u00e9e sur une faute de gestion. Ces fautes comprennent les manquements \u00e0 la l\u00e9gislation en vigueur ou aux statuts de l\u2019association. Cela peut aussi \u00eatre pour une mauvaise ex\u00e9cution ou une absence d&rsquo;ex\u00e9cution de ses missions au sein de l\u2019association. On parlera de responsabilit\u00e9 contractuelle.<\/p>\n\n\n\n<p>Dans les faits, si une faute personnelle de gestion imputable \u00e0 un dirigeant est constat\u00e9e par l\u2019association. <strong>Celle-ci peut engager la responsabilit\u00e9 civile contractuelle du dirigeant<\/strong>. C\u2019est alors le <strong>dirigeant qui est personnellement responsable<\/strong> des torts commis.<\/p>\n\n\n\n<h3 class=\"wp-block-heading\">Responsabilit\u00e9 des dirigeants de l\u2019association envers des tiers<\/h3>\n\n\n\n<p>Il est possible qu&rsquo;un mandataire cause des torts \u00e0 des tiers engag\u00e9s dans les activit\u00e9s de l&rsquo;association. Dans ce cas, cela peut entrainer, en cas de demande, des r\u00e9parations. Ici deux cas sont possibles : <\/p>\n\n\n\n<ul class=\"wp-block-list\"><li>Si les torts commis par le mandataire le sont dans le cadre des missions qui lui ont \u00e9t\u00e9 d\u00e9volues par l\u2019association :  c\u2019est l\u2019association qui sera reconnue responsable.<\/li><li>Si les faits sont d\u00e9tachables des fonctions attribu\u00e9es par l\u2019association \u00e0 son repr\u00e9sentant : <br>c\u2019est le mandataire qui sera reconnu responsable. Les faits d\u00e9tachables sont des actes effectu\u00e9s hors des missions d\u00e9volues au dirigeant dans le cadre de l\u2019association ou de son objet.<\/li><\/ul>\n\n\n\n<h2 class=\"wp-block-heading\">Responsabilit\u00e9 financi\u00e8re : les dirigeants sont-ils responsables des dettes de leur association ?<\/h2>\n\n\n\n<p>En principe, les dirigeants d\u2019une association ne sont pas <a href=\"https:\/\/www.infolocale.fr\/blog\/responsabilite-financiere-association\/\">responsables des dettes contract\u00e9es par leur association<\/a>. Toutefois, il existe des cas o\u00f9 celles-ci peuvent \u00eatre imputables au dirigeant.<\/p>\n\n\n\n<p>Ainsi, Si vous vous portez personnellement caution sur une ou plusieurs obligations de l&rsquo;association. Vous devrez, en cas d\u2019incapacit\u00e9 de paiement de votre association, personnellement honorer cet engagement.<\/p>\n\n\n\n<p>Aussi, il est possible pour un dirigeant de droit ou de fait, d\u2019\u00eatre reconnu responsable de certaines fautes de gestion. Par exemple, ce sera le cas s\u2019il peut vous \u00eatre reproch\u00e9 des fautes de gestion entra\u00eenant<\/p>\n\n\n\n<ul class=\"wp-block-list\"><li>un redressement fiscal,&nbsp;<\/li><li>une liquidation de votre association,<\/li><li>si vous \u00eates l\u2019auteur de fraude fiscale.&nbsp;&nbsp;&nbsp;<\/li><\/ul>\n\n\n\n<p>La faute de gestion est probablement l\u2019une des plus lourdes de cons\u00e9quences pour le dirigeant contrevenant. L\u2019auteur des faits peut \u00eatre dans l\u2019obligation de compenser les dommages de l\u2019association sur ses fonds propres. Dans certains cas de liquidation, la justice peut d\u00e9cider que le <strong>dirigeant est responsable<\/strong> de tout ou partie des dettes de l\u2019association. Ces peines peuvent aller jusqu\u2019\u00e0 l\u2019interdiction de g\u00e9rer.<\/p>\n\n\n\n<h2 class=\"wp-block-heading\">La responsabilit\u00e9 contractuelle d\u2019une association<\/h2>\n\n\n\n<p>La responsabilit\u00e9 contractuelle de l\u2019association peut \u00eatre engag\u00e9e lorsqu\u2019un contrat \u00e9crit ou tacite engageant l\u2019association n\u2019est pas respect\u00e9 ou est mal ex\u00e9cut\u00e9. Dans ce domaine, la <strong>responsabilit\u00e9 d\u2019un dirigeant peut \u00eatre engag\u00e9e<\/strong> par des tiers ou par les membres de l\u2019association eux-m\u00eames.<\/p>\n\n\n\n<p>La responsabilit\u00e9 de l&rsquo;association peut \u00eatre engag\u00e9e : <\/p>\n\n\n\n<ul class=\"wp-block-list\"><li>Par ses membres sur des fautes de gestion, des manquements \u00e0 une disposition statutaire de l\u2019association, \u00e0 une r\u00e8gle ou \u00e0 une loi en vigueur.<\/li><li>Par des tiers pour la non-ex\u00e9cution ou la mauvaise ex\u00e9cution d\u2019un contrat.<\/li><\/ul>\n\n\n\n<p>C\u2019est g\u00e9n\u00e9ralement la responsabilit\u00e9 de l\u2019association qui est engag\u00e9e sur le non-respect d\u2019un contrat ou d\u2019un engagement avec des tiers.<\/p>\n\n\n\n<h3 class=\"wp-block-heading\">Comment limiter la responsabilit\u00e9 contractuelle d\u2019une association ?<\/h3>\n\n\n\n<p>L\u2019association peut inclure dans ses contrats, dans ses statuts et r\u00e8glement int\u00e9rieur, des clauses de non-responsabilit\u00e9. Si ce devait \u00eatre le cas, le cocontractant doit \u00eatre inform\u00e9 de l\u2019existence de ces clauses avant la signature du contrat.<br><br>Pour autant, m\u00eame prot\u00e9g\u00e9e par ces clauses, l\u2019association ne pourra se d\u00e9douaner de faute intentionnelle. Enfin, il arrive que les juges d\u00e9place la nature de la faute dans le champ d\u00e9lictuel de mani\u00e8re \u00e0 rendre les clauses de non-responsabilit\u00e9 de l\u2019association inop\u00e9rantes.<\/p>\n\n\n\n<h2 class=\"wp-block-heading\">La responsabilit\u00e9 p\u00e9nale<\/h2>\n\n\n\n<blockquote class=\"wp-block-quote is-layout-flow wp-block-quote-is-layout-flow\"><p>les personnes morales, \u00e0 l\u2019exclusion de l\u2019Etat, sont responsables p\u00e9nalement, selon les distinctions des articles 121-4 \u00e0 121-7, des infractions commises, pour leur compte, par leurs organes ou repr\u00e9sentants.<\/p><cite>article 121-2 du Code p\u00e9nal<\/cite><\/blockquote>\n\n\n\n<p><strong>Les associations peuvent \u00eatre reconnues p\u00e9nalement responsables des infractions commises par leurs mandataires<\/strong>. Dans ce domaine c\u2019est l\u2019intention qui formera l&rsquo;\u00e9l\u00e9ment le plus important pour les juges.&nbsp;Ici, <strong>l\u2019association tout comme le mandataire pourra \u00eatre reconnue responsable de l\u2019infraction commise en son au nom<\/strong>.&nbsp;<\/p>\n\n\n\n<p>En premier lieu, il s\u2019agira de montrer que le mandataire agissait au nom de l\u2019association. Si ce lien est av\u00e9r\u00e9, alors la responsabilit\u00e9 de l\u2019association pourra \u00eatre engag\u00e9e. Il faudra toutefois qu\u2019il soit d\u00e9montr\u00e9 que l\u2019infraction a \u00e9t\u00e9 commise par un organe de l\u2019association, dans l&rsquo;int\u00e9r\u00eat de celle-ci.<\/p>\n\n\n\n<p>Pour autant, cette preuve ne d\u00e9douane pas le mandataire de ses responsabilit\u00e9s et <strong>si la faute est intentionnelle, le mandataire sera syst\u00e9matiquement poursuivi<\/strong>.&nbsp;<\/p>\n\n\n\n<p>Un mandataire peut \u00e9galement \u00eatre poursuivi sans que l\u2019association ne soit impliqu\u00e9e. Cela peut arriver dans les cas ou il sera reconnu que celui-ci a agit de lui-m\u00eame sans ou or des consignes et des missions li\u00e9es \u00e0 l\u2019association.<\/p>\n","protected":false},"excerpt":{"rendered":"<p>Les torts commis par les dirigeants d\u2019une association tombent g\u00e9n\u00e9ralement sous la responsabilit\u00e9 de la personne morale. Cependant, les fautes d\u00e9tachables de ses fonctions, tombent, [&hellip;]<\/p>\n","protected":false},"author":2,"featured_media":12466,"comment_status":"open","ping_status":"open","sticky":false,"template":"","format":"standard","meta":{"_coblocks_attr":"","_coblocks_dimensions":"","_coblocks_responsive_height":"","_coblocks_accordion_ie_support":"","_mo_disable_npp":"","footnotes":""},"categories":[74],"tags":[103],"class_list":["post-12461","post","type-post","status-publish","format-standard","has-post-thumbnail","hentry","category-creer-et-administrer-une-association-1901","tag-responsabilite"],"yoast_head":"<!-- This site is optimized with the Yoast SEO plugin v23.2 - https:\/\/yoast.com\/wordpress\/plugins\/seo\/ -->\n<title>Responsabilit\u00e9 p\u00e9nale et civile des dirigeants d\u2019associations |<\/title>\n<meta name=\"description\" content=\"En r\u00e9sum\u00e9 : Les torts commis par les dirigeants d\u2019une association tombent g\u00e9n\u00e9ralement sous la responsabilit\u00e9 de la personne morale. Cepa...\" \/>\n<meta name=\"robots\" content=\"index, follow, max-snippet:-1, max-image-preview:large, max-video-preview:-1\" \/>\n<link rel=\"canonical\" href=\"https:\/\/www.infolocale.fr\/blog\/responsabilite-penale-civile-association\/\" \/>\n<meta property=\"og:locale\" content=\"fr_FR\" \/>\n<meta property=\"og:type\" content=\"article\" \/>\n<meta property=\"og:title\" content=\"Responsabilit\u00e9 p\u00e9nale et civile des dirigeants d\u2019associations |\" \/>\n<meta property=\"og:description\" content=\"En r\u00e9sum\u00e9 : Les torts commis par les dirigeants d\u2019une association tombent g\u00e9n\u00e9ralement sous la responsabilit\u00e9 de la personne morale. Cepa...\" \/>\n<meta property=\"og:url\" content=\"https:\/\/www.infolocale.fr\/blog\/responsabilite-penale-civile-association\/\" \/>\n<meta property=\"article:publisher\" content=\"https:\/\/www.facebook.com\/infolocaleFR\/\" \/>\n<meta property=\"article:published_time\" content=\"2021-07-15T13:30:24+00:00\" \/>\n<meta property=\"article:modified_time\" content=\"2023-02-03T14:23:51+00:00\" \/>\n<meta property=\"og:image\" content=\"https:\/\/www.infolocale.fr\/blog\/wp-content\/uploads\/2021\/07\/responsabilite-des-dirigeants-dassociation.jpg\" \/>\n\t<meta property=\"og:image:width\" content=\"900\" \/>\n\t<meta property=\"og:image:height\" content=\"630\" \/>\n\t<meta property=\"og:image:type\" content=\"image\/jpeg\" \/>\n<meta name=\"author\" content=\"Morgan\" \/>\n<meta name=\"twitter:card\" content=\"summary_large_image\" \/>\n<meta name=\"twitter:creator\" content=\"@infolocale\" \/>\n<meta name=\"twitter:site\" content=\"@infolocale\" \/>\n<meta name=\"twitter:label1\" content=\"\u00c9crit par\" \/>\n\t<meta name=\"twitter:data1\" content=\"Morgan\" \/>\n\t<meta name=\"twitter:label2\" content=\"Dur\u00e9e de lecture estim\u00e9e\" \/>\n\t<meta name=\"twitter:data2\" content=\"9 minutes\" \/>\n<script type=\"application\/ld+json\" class=\"yoast-schema-graph\">{\"@context\":\"https:\/\/schema.org\",\"@graph\":[{\"@type\":\"Article\",\"@id\":\"https:\/\/www.infolocale.fr\/blog\/responsabilite-penale-civile-association\/#article\",\"isPartOf\":{\"@id\":\"https:\/\/www.infolocale.fr\/blog\/responsabilite-penale-civile-association\/\"},\"author\":{\"name\":\"Morgan\",\"@id\":\"https:\/\/www.infolocale.fr\/blog\/#\/schema\/person\/f0f748ece99417833166b3ba8890f3db\"},\"headline\":\"Responsabilit\u00e9 p\u00e9nale et civile des dirigeants d\u2019associations\",\"datePublished\":\"2021-07-15T13:30:24+00:00\",\"dateModified\":\"2023-02-03T14:23:51+00:00\",\"mainEntityOfPage\":{\"@id\":\"https:\/\/www.infolocale.fr\/blog\/responsabilite-penale-civile-association\/\"},\"wordCount\":1872,\"commentCount\":0,\"publisher\":{\"@id\":\"https:\/\/www.infolocale.fr\/blog\/#organization\"},\"image\":{\"@id\":\"https:\/\/www.infolocale.fr\/blog\/responsabilite-penale-civile-association\/#primaryimage\"},\"thumbnailUrl\":\"https:\/\/infolocale.20minutes.fr\/blog\/wp-content\/uploads\/2021\/07\/responsabilite-des-dirigeants-dassociation.jpg\",\"keywords\":[\"Responsabilit\u00e9\"],\"articleSection\":[\"Cr\u00e9er et g\u00e9rer une association\"],\"inLanguage\":\"fr-FR\",\"potentialAction\":[{\"@type\":\"CommentAction\",\"name\":\"Comment\",\"target\":[\"https:\/\/www.infolocale.fr\/blog\/responsabilite-penale-civile-association\/#respond\"]}]},{\"@type\":\"WebPage\",\"@id\":\"https:\/\/www.infolocale.fr\/blog\/responsabilite-penale-civile-association\/\",\"url\":\"https:\/\/www.infolocale.fr\/blog\/responsabilite-penale-civile-association\/\",\"name\":\"Responsabilit\u00e9 p\u00e9nale et civile des dirigeants d\u2019associations |\",\"isPartOf\":{\"@id\":\"https:\/\/www.infolocale.fr\/blog\/#website\"},\"primaryImageOfPage\":{\"@id\":\"https:\/\/www.infolocale.fr\/blog\/responsabilite-penale-civile-association\/#primaryimage\"},\"image\":{\"@id\":\"https:\/\/www.infolocale.fr\/blog\/responsabilite-penale-civile-association\/#primaryimage\"},\"thumbnailUrl\":\"https:\/\/infolocale.20minutes.fr\/blog\/wp-content\/uploads\/2021\/07\/responsabilite-des-dirigeants-dassociation.jpg\",\"datePublished\":\"2021-07-15T13:30:24+00:00\",\"dateModified\":\"2023-02-03T14:23:51+00:00\",\"description\":\"En r\u00e9sum\u00e9 : Les torts commis par les dirigeants d\u2019une association tombent g\u00e9n\u00e9ralement sous la responsabilit\u00e9 de la personne morale. Cepa...\",\"breadcrumb\":{\"@id\":\"https:\/\/www.infolocale.fr\/blog\/responsabilite-penale-civile-association\/#breadcrumb\"},\"inLanguage\":\"fr-FR\",\"potentialAction\":[{\"@type\":\"ReadAction\",\"target\":[\"https:\/\/www.infolocale.fr\/blog\/responsabilite-penale-civile-association\/\"]}]},{\"@type\":\"ImageObject\",\"inLanguage\":\"fr-FR\",\"@id\":\"https:\/\/www.infolocale.fr\/blog\/responsabilite-penale-civile-association\/#primaryimage\",\"url\":\"https:\/\/infolocale.20minutes.fr\/blog\/wp-content\/uploads\/2021\/07\/responsabilite-des-dirigeants-dassociation.jpg\",\"contentUrl\":\"https:\/\/infolocale.20minutes.fr\/blog\/wp-content\/uploads\/2021\/07\/responsabilite-des-dirigeants-dassociation.jpg\",\"width\":900,\"height\":630,\"caption\":\"Responsabilit\u00e9s p\u00e9nales et civiles des dirigeants d'associations\"},{\"@type\":\"BreadcrumbList\",\"@id\":\"https:\/\/www.infolocale.fr\/blog\/responsabilite-penale-civile-association\/#breadcrumb\",\"itemListElement\":[{\"@type\":\"ListItem\",\"position\":1,\"name\":\"Blog\",\"item\":\"https:\/\/infolocale.ouest-france.fr\/blog\/\"},{\"@type\":\"ListItem\",\"position\":2,\"name\":\"Cr\u00e9er et g\u00e9rer une association\",\"item\":\"https:\/\/infolocale.ouest-france.fr\/blog\/cat\/creer-et-administrer-une-association-1901\/\"},{\"@type\":\"ListItem\",\"position\":3,\"name\":\"Responsabilit\u00e9 p\u00e9nale et civile des dirigeants d\u2019associations\"}]},{\"@type\":\"WebSite\",\"@id\":\"https:\/\/www.infolocale.fr\/blog\/#website\",\"url\":\"https:\/\/www.infolocale.fr\/blog\/\",\"name\":\"\",\"description\":\"\",\"publisher\":{\"@id\":\"https:\/\/www.infolocale.fr\/blog\/#organization\"},\"potentialAction\":[{\"@type\":\"SearchAction\",\"target\":{\"@type\":\"EntryPoint\",\"urlTemplate\":\"https:\/\/www.infolocale.fr\/blog\/?s={search_term_string}\"},\"query-input\":\"required name=search_term_string\"}],\"inLanguage\":\"fr-FR\"},{\"@type\":\"Organization\",\"@id\":\"https:\/\/www.infolocale.fr\/blog\/#organization\",\"name\":\"Infolocale\",\"url\":\"https:\/\/www.infolocale.fr\/blog\/\",\"logo\":{\"@type\":\"ImageObject\",\"inLanguage\":\"fr-FR\",\"@id\":\"https:\/\/www.infolocale.fr\/blog\/#\/schema\/logo\/image\/\",\"url\":\"https:\/\/www.infolocale.fr\/blog\/wp-content\/uploads\/2020\/11\/logol.jpg\",\"contentUrl\":\"https:\/\/www.infolocale.fr\/blog\/wp-content\/uploads\/2020\/11\/logol.jpg\",\"width\":1031,\"height\":398,\"caption\":\"Infolocale\"},\"image\":{\"@id\":\"https:\/\/www.infolocale.fr\/blog\/#\/schema\/logo\/image\/\"},\"sameAs\":[\"https:\/\/www.facebook.com\/infolocaleFR\/\",\"https:\/\/x.com\/infolocale\",\"https:\/\/www.instagram.com\/infolocale\/\",\"https:\/\/fr.linkedin.com\/company\/infolocale\",\"https:\/\/www.youtube.com\/channel\/UCnv4FA8EYEuu_si3TGr7xeA\"]},{\"@type\":\"Person\",\"@id\":\"https:\/\/www.infolocale.fr\/blog\/#\/schema\/person\/f0f748ece99417833166b3ba8890f3db\",\"name\":\"Morgan\",\"image\":{\"@type\":\"ImageObject\",\"inLanguage\":\"fr-FR\",\"@id\":\"https:\/\/www.infolocale.fr\/blog\/#\/schema\/person\/image\/\",\"url\":\"https:\/\/secure.gravatar.com\/avatar\/a22ec2a0cc817ae9fa3ff7341a213632?s=96&d=mm&r=g\",\"contentUrl\":\"https:\/\/secure.gravatar.com\/avatar\/a22ec2a0cc817ae9fa3ff7341a213632?s=96&d=mm&r=g\",\"caption\":\"Morgan\"},\"url\":\"https:\/\/infolocale.20minutes.fr\/blog\/author\/morgan-delepine\/\"}]}<\/script>\n<!-- \/ Yoast SEO plugin. -->","yoast_head_json":{"title":"Responsabilit\u00e9 p\u00e9nale et civile des dirigeants d\u2019associations |","description":"En r\u00e9sum\u00e9 : Les torts commis par les dirigeants d\u2019une association tombent g\u00e9n\u00e9ralement sous la responsabilit\u00e9 de la personne morale. Cepa...","robots":{"index":"index","follow":"follow","max-snippet":"max-snippet:-1","max-image-preview":"max-image-preview:large","max-video-preview":"max-video-preview:-1"},"canonical":"https:\/\/www.infolocale.fr\/blog\/responsabilite-penale-civile-association\/","og_locale":"fr_FR","og_type":"article","og_title":"Responsabilit\u00e9 p\u00e9nale et civile des dirigeants d\u2019associations |","og_description":"En r\u00e9sum\u00e9 : Les torts commis par les dirigeants d\u2019une association tombent g\u00e9n\u00e9ralement sous la responsabilit\u00e9 de la personne morale. Cepa...","og_url":"https:\/\/www.infolocale.fr\/blog\/responsabilite-penale-civile-association\/","article_publisher":"https:\/\/www.facebook.com\/infolocaleFR\/","article_published_time":"2021-07-15T13:30:24+00:00","article_modified_time":"2023-02-03T14:23:51+00:00","og_image":[{"width":900,"height":630,"url":"https:\/\/www.infolocale.fr\/blog\/wp-content\/uploads\/2021\/07\/responsabilite-des-dirigeants-dassociation.jpg","type":"image\/jpeg"}],"author":"Morgan","twitter_card":"summary_large_image","twitter_creator":"@infolocale","twitter_site":"@infolocale","twitter_misc":{"\u00c9crit par":"Morgan","Dur\u00e9e de lecture estim\u00e9e":"9 minutes"},"schema":{"@context":"https:\/\/schema.org","@graph":[{"@type":"Article","@id":"https:\/\/www.infolocale.fr\/blog\/responsabilite-penale-civile-association\/#article","isPartOf":{"@id":"https:\/\/www.infolocale.fr\/blog\/responsabilite-penale-civile-association\/"},"author":{"name":"Morgan","@id":"https:\/\/www.infolocale.fr\/blog\/#\/schema\/person\/f0f748ece99417833166b3ba8890f3db"},"headline":"Responsabilit\u00e9 p\u00e9nale et civile des dirigeants d\u2019associations","datePublished":"2021-07-15T13:30:24+00:00","dateModified":"2023-02-03T14:23:51+00:00","mainEntityOfPage":{"@id":"https:\/\/www.infolocale.fr\/blog\/responsabilite-penale-civile-association\/"},"wordCount":1872,"commentCount":0,"publisher":{"@id":"https:\/\/www.infolocale.fr\/blog\/#organization"},"image":{"@id":"https:\/\/www.infolocale.fr\/blog\/responsabilite-penale-civile-association\/#primaryimage"},"thumbnailUrl":"https:\/\/infolocale.20minutes.fr\/blog\/wp-content\/uploads\/2021\/07\/responsabilite-des-dirigeants-dassociation.jpg","keywords":["Responsabilit\u00e9"],"articleSection":["Cr\u00e9er et g\u00e9rer une association"],"inLanguage":"fr-FR","potentialAction":[{"@type":"CommentAction","name":"Comment","target":["https:\/\/www.infolocale.fr\/blog\/responsabilite-penale-civile-association\/#respond"]}]},{"@type":"WebPage","@id":"https:\/\/www.infolocale.fr\/blog\/responsabilite-penale-civile-association\/","url":"https:\/\/www.infolocale.fr\/blog\/responsabilite-penale-civile-association\/","name":"Responsabilit\u00e9 p\u00e9nale et civile des dirigeants d\u2019associations |","isPartOf":{"@id":"https:\/\/www.infolocale.fr\/blog\/#website"},"primaryImageOfPage":{"@id":"https:\/\/www.infolocale.fr\/blog\/responsabilite-penale-civile-association\/#primaryimage"},"image":{"@id":"https:\/\/www.infolocale.fr\/blog\/responsabilite-penale-civile-association\/#primaryimage"},"thumbnailUrl":"https:\/\/infolocale.20minutes.fr\/blog\/wp-content\/uploads\/2021\/07\/responsabilite-des-dirigeants-dassociation.jpg","datePublished":"2021-07-15T13:30:24+00:00","dateModified":"2023-02-03T14:23:51+00:00","description":"En r\u00e9sum\u00e9 : Les torts commis par les dirigeants d\u2019une association tombent g\u00e9n\u00e9ralement sous la responsabilit\u00e9 de la personne morale. Cepa...","breadcrumb":{"@id":"https:\/\/www.infolocale.fr\/blog\/responsabilite-penale-civile-association\/#breadcrumb"},"inLanguage":"fr-FR","potentialAction":[{"@type":"ReadAction","target":["https:\/\/www.infolocale.fr\/blog\/responsabilite-penale-civile-association\/"]}]},{"@type":"ImageObject","inLanguage":"fr-FR","@id":"https:\/\/www.infolocale.fr\/blog\/responsabilite-penale-civile-association\/#primaryimage","url":"https:\/\/infolocale.20minutes.fr\/blog\/wp-content\/uploads\/2021\/07\/responsabilite-des-dirigeants-dassociation.jpg","contentUrl":"https:\/\/infolocale.20minutes.fr\/blog\/wp-content\/uploads\/2021\/07\/responsabilite-des-dirigeants-dassociation.jpg","width":900,"height":630,"caption":"Responsabilit\u00e9s p\u00e9nales et civiles des dirigeants d'associations"},{"@type":"BreadcrumbList","@id":"https:\/\/www.infolocale.fr\/blog\/responsabilite-penale-civile-association\/#breadcrumb","itemListElement":[{"@type":"ListItem","position":1,"name":"Blog","item":"https:\/\/infolocale.ouest-france.fr\/blog\/"},{"@type":"ListItem","position":2,"name":"Cr\u00e9er et g\u00e9rer une association","item":"https:\/\/infolocale.ouest-france.fr\/blog\/cat\/creer-et-administrer-une-association-1901\/"},{"@type":"ListItem","position":3,"name":"Responsabilit\u00e9 p\u00e9nale et civile des dirigeants d\u2019associations"}]},{"@type":"WebSite","@id":"https:\/\/www.infolocale.fr\/blog\/#website","url":"https:\/\/www.infolocale.fr\/blog\/","name":"","description":"","publisher":{"@id":"https:\/\/www.infolocale.fr\/blog\/#organization"},"potentialAction":[{"@type":"SearchAction","target":{"@type":"EntryPoint","urlTemplate":"https:\/\/www.infolocale.fr\/blog\/?s={search_term_string}"},"query-input":"required name=search_term_string"}],"inLanguage":"fr-FR"},{"@type":"Organization","@id":"https:\/\/www.infolocale.fr\/blog\/#organization","name":"Infolocale","url":"https:\/\/www.infolocale.fr\/blog\/","logo":{"@type":"ImageObject","inLanguage":"fr-FR","@id":"https:\/\/www.infolocale.fr\/blog\/#\/schema\/logo\/image\/","url":"https:\/\/www.infolocale.fr\/blog\/wp-content\/uploads\/2020\/11\/logol.jpg","contentUrl":"https:\/\/www.infolocale.fr\/blog\/wp-content\/uploads\/2020\/11\/logol.jpg","width":1031,"height":398,"caption":"Infolocale"},"image":{"@id":"https:\/\/www.infolocale.fr\/blog\/#\/schema\/logo\/image\/"},"sameAs":["https:\/\/www.facebook.com\/infolocaleFR\/","https:\/\/x.com\/infolocale","https:\/\/www.instagram.com\/infolocale\/","https:\/\/fr.linkedin.com\/company\/infolocale","https:\/\/www.youtube.com\/channel\/UCnv4FA8EYEuu_si3TGr7xeA"]},{"@type":"Person","@id":"https:\/\/www.infolocale.fr\/blog\/#\/schema\/person\/f0f748ece99417833166b3ba8890f3db","name":"Morgan","image":{"@type":"ImageObject","inLanguage":"fr-FR","@id":"https:\/\/www.infolocale.fr\/blog\/#\/schema\/person\/image\/","url":"https:\/\/secure.gravatar.com\/avatar\/a22ec2a0cc817ae9fa3ff7341a213632?s=96&d=mm&r=g","contentUrl":"https:\/\/secure.gravatar.com\/avatar\/a22ec2a0cc817ae9fa3ff7341a213632?s=96&d=mm&r=g","caption":"Morgan"},"url":"https:\/\/infolocale.20minutes.fr\/blog\/author\/morgan-delepine\/"}]}},"_links":{"self":[{"href":"https:\/\/infolocale.20minutes.fr\/blog\/wp-json\/wp\/v2\/posts\/12461"}],"collection":[{"href":"https:\/\/infolocale.20minutes.fr\/blog\/wp-json\/wp\/v2\/posts"}],"about":[{"href":"https:\/\/infolocale.20minutes.fr\/blog\/wp-json\/wp\/v2\/types\/post"}],"author":[{"embeddable":true,"href":"https:\/\/infolocale.20minutes.fr\/blog\/wp-json\/wp\/v2\/users\/2"}],"replies":[{"embeddable":true,"href":"https:\/\/infolocale.20minutes.fr\/blog\/wp-json\/wp\/v2\/comments?post=12461"}],"version-history":[{"count":0,"href":"https:\/\/infolocale.20minutes.fr\/blog\/wp-json\/wp\/v2\/posts\/12461\/revisions"}],"wp:featuredmedia":[{"embeddable":true,"href":"https:\/\/infolocale.20minutes.fr\/blog\/wp-json\/wp\/v2\/media\/12466"}],"wp:attachment":[{"href":"https:\/\/infolocale.20minutes.fr\/blog\/wp-json\/wp\/v2\/media?parent=12461"}],"wp:term":[{"taxonomy":"category","embeddable":true,"href":"https:\/\/infolocale.20minutes.fr\/blog\/wp-json\/wp\/v2\/categories?post=12461"},{"taxonomy":"post_tag","embeddable":true,"href":"https:\/\/infolocale.20minutes.fr\/blog\/wp-json\/wp\/v2\/tags?post=12461"}],"curies":[{"name":"wp","href":"https:\/\/api.w.org\/{rel}","templated":true}]}}