{"id":10871,"date":"2021-06-23T17:39:00","date_gmt":"2021-06-23T15:39:00","guid":{"rendered":"https:\/\/www.infolocale.fr\/blog\/?p=10871"},"modified":"2025-08-05T10:25:40","modified_gmt":"2025-08-05T08:25:40","slug":"lattractivite-territoriale-et-le-marketing-developpent-les-territoires-linteret-collectif","status":"publish","type":"post","link":"https:\/\/infolocale.20minutes.fr\/blog\/lattractivite-territoriale-et-le-marketing-developpent-les-territoires-linteret-collectif\/","title":{"rendered":"L\u2019attractivit\u00e9 territoriale d\u00e9veloppe les territoires et l&rsquo;int\u00e9r\u00eat collectif"},"content":{"rendered":"\n<p>Parmi les pionni\u00e8res dans le domaine de l&rsquo;attractivit\u00e9 territoriale, Anne MIRIEL et son cabinet de conseil en Attractivit\u00e9 et marketing territorial, <a href=\"https:\/\/www.inkipit.net\/\">INKIPIT<\/a>, font r\u00e9f\u00e9rence. Anne Miriel a exerc\u00e9 plus de vingt ans dans des collectivit\u00e9s territoriales, avant de fonder IKINPIT. Cr\u00e9\u00e9 en 2014, ce cabinet est l\u2019un des premiers sur le march\u00e9. Install\u00e9 \u00e0 Rennes, son envergure est nationale. Il propose une approche \u00e0 la fois strat\u00e9gique et pragmatique. Consultante en \u00a0ma\u00eetrise d\u2019ouvrage, le service public chevill\u00e9 au corps, Anne est rejointe tr\u00e8s vite par Ana\u00efs HERNOT -consultante en marketing territorial \/ Chef de projet. Elles interviennent dans plusieurs domaines\u00a0: l\u2019attractivit\u00e9 territoriale, \u00ab<strong>la communication des organisations et des politiques publiques, la conduite de projets collectifs, le conseil aux entreprises sur leur strat\u00e9gie de communication et d\u2019ancrage territorial.<\/strong>\u00a0\u00bb S\u2019appuyant sur son exp\u00e9rience au sein du Conseil R\u00e9gional de Bretagne, sa bonne connaissance des institutions et des acteurs territoriaux, Anne Miriel et son \u00e9quipe proposent leur expertise \u00e0 des territoires d\u2019une autre \u00e9chelle, avec lesquels elles\u00a0partagent le langage et un processus de r\u00e9flexion identique. Anne Miriel pr\u00e9sente \u00e9galement <a href=\"https:\/\/www.linkedin.com\/in\/andy-surin-79ba9694\/?originalSubdomain=fr\">Andy SURIN<\/a>, \u00ab\u00a0<strong>conseil en strat\u00e9gie et communication cr\u00e9atives, collaborateur r\u00e9gulier d&rsquo;<em>Inkipit<\/em>, anime et d\u00e9veloppe l&rsquo;offre rassembleuse, strat\u00e8ge, manageuse<\/strong>.\u00a0\u00bb<\/p>\n\n\n\n<p>*Photo de couverture de l&rsquo;article : Anne MIRIEL du Cabinet INKIPIT, experte en attractivit\u00e9 territoriale <\/p>\n\n\n\n<div class=\"wp-block-buttons is-content-justification-center is-layout-flex wp-block-buttons-is-layout-flex\">\n<div class=\"wp-block-button\"><a class=\"wp-block-button__link has-luminous-vivid-amber-background-color has-background\" href=\"https:\/\/www.infolocale.fr\/decouvrir\/collectivites\/?int_source=blog&amp;int_medium=banner&amp;int_campaign=blog-content-artcoll\">&gt;&gt; Collectivit\u00e9s : int\u00e9grez l&rsquo;agenda culturel de votre ville sur votre site internet<\/a><\/div>\n<\/div>\n\n\n\n<h4 class=\"wp-block-heading\">Emergence du besoin d&rsquo;attractivit\u00e9 territoires lors de l\u2019application de La Loi NOTRe<\/h4>\n\n\n\n<p>Le 7 ao\u00fbt 2015, &nbsp;<a href=\"https:\/\/www.vie-publique.fr\/loi\/20721-loi-notre-loi-du-7-aout-2015-nouvelle-organisation-territoriale-de-la\">la Loi NOTRe <\/a>-Nouvelle Organisation Territoriale de la R\u00e9publique- confie de nouvelles comp\u00e9tences aux r\u00e9gions et red\u00e9finit les comp\u00e9tences attribu\u00e9es \u00e0 chaque collectivit\u00e9 territoriale. Les r\u00e9gions deviennent&nbsp; les moteurs du redressement \u00e9conomique du pays. Les r\u00e9gions ont \u00e9galement la charge de l&rsquo;am\u00e9nagement durable du territoire. Elles doivent d\u00e9finir les orientations strat\u00e9giques en mati\u00e8re d&rsquo;am\u00e9nagement du territoire : mobilit\u00e9, lutte contre la pollution de l&rsquo;air, ma\u00eetrise et valorisation de l&rsquo;\u00e9nergie, logement et gestion des d\u00e9chets. L\u2019implantation de ces actions sont li\u00e9es aux rythmes des \u00e9lections. En fait, l\u2019activit\u00e9 dispose d\u2019un ou deux ans pour finaliser un projet. La loi vise \u00e9galement \u00e0 renforcer les intercommunalit\u00e9s qui passent de 5 000 \u00e0 15 000 habitants et sont organis\u00e9es autour de bassins de vie, comme les M\u00e9tropoles et les communaut\u00e9s d\u2019Agglom\u00e9rations. &nbsp;\u00ab\u00a0<strong>En d\u00e9but de mandat, les intercommunalit\u00e9s ont souvent des projets strat\u00e9giques \u00e0 \u00e9laborer. Elles lancent des appels d\u2019offres ou des consultations pour se faire accompagner. Pour un projet estim\u00e9 \u00e0 moins de 40 000 \u20ac HT, le code des march\u00e9s publics permet aujourd\u2019hui de proc\u00e9der \u00e0 une consultation directe aupr\u00e8s de trois prestataires minimum. Nous r\u00e9pondons de plus en plus \u00e0 des consultations de ce type qui permettent d\u2019engager le dialogue avec les maitres d\u2019ouvrage, donc de mieux cerner leurs probl\u00e9matiques et de r\u00e9pondre au plus pr\u00e8s \u00e0 leurs attentes. Derni\u00e8rement Inkipit a \u00e9t\u00e9 consult\u00e9 par la Communaut\u00e9 urbaine de Dunkerque pour l\u2019\u00e9laboration d\u2019une strat\u00e9gie \u00e9v\u00e9nementielle destin\u00e9e \u00e0 renforcer l\u2019attractivit\u00e9 du territoire. <\/strong>\u00a0\u00bb <\/p>\n\n\n\n<figure class=\"wp-block-image size-large\"><a href=\"https:\/\/www.infolocale.fr\/decouvrir\/collectivites\/?utm_source=blog&amp;utm_medium=banner&amp;utm_campaign=blog-content-artcoll\"><img fetchpriority=\"high\" decoding=\"async\" width=\"1024\" height=\"243\" src=\"https:\/\/www.infolocale.fr\/blog\/wp-content\/uploads\/2021\/05\/Collectivite_bleu-1024x243.png\" alt=\"Infolocale : solutions pour les collectivit\u00e9s territoriales\" class=\"wp-image-10427\" srcset=\"https:\/\/infolocale.20minutes.fr\/blog\/wp-content\/uploads\/2021\/05\/Collectivite_bleu-1024x243.png 1024w, https:\/\/infolocale.20minutes.fr\/blog\/wp-content\/uploads\/2021\/05\/Collectivite_bleu-300x71.png 300w, https:\/\/infolocale.20minutes.fr\/blog\/wp-content\/uploads\/2021\/05\/Collectivite_bleu-768x182.png 768w, https:\/\/infolocale.20minutes.fr\/blog\/wp-content\/uploads\/2021\/05\/Collectivite_bleu.png 1166w\" sizes=\"(max-width: 1024px) 100vw, 1024px\" \/><\/a><\/figure>\n\n\n\n<p>La loi NOTRe am\u00e9liore la responsabilit\u00e9 et la transparence des territoires, elle lutte contre la fracture num\u00e9rique, Ces territoires aux nouveaux p\u00e9rim\u00e8tres s\u2019interrogent sur leur attractivit\u00e9 puisque la loi renforce &nbsp;les solidarit\u00e9s territoriales. <\/p>\n\n\n\n<h2 class=\"wp-block-heading\">Comment d\u00e9velopper son attractivit\u00e9 territoriale par le marketing ?<\/h2>\n\n\n\n<p>\u00ab\u00a0<strong>En objectivant la capacit\u00e9 \u00e0 mobiliser les utilisateurs pour comprendre leurs usages, leurs probl\u00e8mes et g\u00e9n\u00e9rer des solutions. La mise en place d&rsquo;un fil guide est incontournable<\/strong>\u00ab\u00a0, Vincent GOLLAIN fait autorit\u00e9 dans le domaine. Directeur du d\u00e9partement \u00e9conomie de l&rsquo;Institut Paris R\u00e9gion, il place le terrain et l&rsquo;\u00e9coute des publics au c\u0153ur de ses approches. Passionn\u00e9 par les territoires depuis 25 ans : \u00e9tudes, conseils strat\u00e9giques ou dynamisation de l&rsquo;excellence op\u00e9rationnelle,  \u00ab\u00a0<strong>c&rsquo;est<\/strong> <strong>l&rsquo;un des meilleurs sp\u00e9cialistes francophones\u00a0\u00bb du marketing territorial. <\/strong>&nbsp;<strong>Il apporte des solutions originales et efficaces d&rsquo;am\u00e9lioration de la performance des territoires, plong\u00e9s dans un d\u00e9fi majeur d&rsquo;attractivit\u00e9. Pour autant, malgr\u00e9 son succ\u00e8s, il reste mal connu ou confondu avec une nouvelle forme de communication territoriale<\/strong>.&nbsp;\u00bb   Sur son Blog, <a href=\"http:\/\/www.marketing-territorial.org\/page-5608177.html\" target=\"_blank\" rel=\"noreferrer noopener\">Vincent GOLLAIN<\/a> pr\u00e9cise la d\u00e9finition du marketing territorial.  L&rsquo;un de ses ouvrages \u00ab&nbsp;<a href=\"https:\/\/www.decitre.fr\/livres\/reussir-sa-demarche-de-marketing-territorial-9782818606445.html#:~:text=Titulaire%20d'un%20doctorat%20de,Ile%2Dde%2DFrance%2C%20puis\" target=\"_blank\" rel=\"noreferrer noopener\"><em>R\u00e9ussir sa d\u00e9marche de marketing territorial<\/em>&nbsp;<\/a>\u00bb est une source d&rsquo;inspiration pour les soci\u00e9t\u00e9s de conseil, les agences de communication, les \u00e9tudiants et, plus g\u00e9n\u00e9ralement, celles et ceux qui cherchent \u00e0 comprendre et agir en mati\u00e8re d&rsquo;attractivit\u00e9 des territoires.<\/p>\n\n\n\n<h2 class=\"wp-block-heading\">Les fondamentaux du marketing territorial <\/h2>\n\n\n\n<p>Dans ses enseignements, Vincent GOLLAIN rappelle les dix grandes \u00e9tapes du Marketing territorial : <strong>rassembler<\/strong> diff\u00e9rents actifs du bassin de vie concern\u00e9s. Ces ateliers permettent de <strong>poser un diagnostic<\/strong>. Qui va permettre de <strong>lancer des actions<\/strong>. Puis de <strong>les \u00e9valuer<\/strong> pour <strong>\u00e9tablir une strat\u00e9gie<\/strong> et proc\u00e9der au <strong>d\u00e9ploiement des actions<\/strong> de marketing. Au pr\u00e9alable, ces \u00e9tapes supposent l&rsquo;\u00e9laboration d&rsquo;un \u00ab\u00a0<em>storytelling<\/em>\u00ab\u00a0\/narration du projet du territoire. Qui sera d\u00e9clin\u00e9 \u00e0 des publics selon les attentes, les cibles et les collectivit\u00e9s des territoires. Vincent Gollain assure des formations pour les <em><a href=\"https:\/\/youtu.be\/PRPToPgBPOM\" target=\"_blank\" rel=\"noreferrer noopener\">Echos Formation<\/a><\/em>. L&rsquo;une d&rsquo;elle est consacr\u00e9e aux d\u00e9marches du marketing territorial.<\/p>\n\n\n\n<p>L&rsquo;enjeu est de bien d\u00e9finir le positionnement du territoire sur le march\u00e9 et d&rsquo;int\u00e9grer les sp\u00e9cificit\u00e9s du marketing territorial : identifier les avantages comparatifs de son territoire. D\u00e9finir la politique de marque de sa collectivit\u00e9; Construire son plan d&rsquo;action marketing. <\/p>\n\n\n\n<h2 class=\"wp-block-heading\">Une d\u00e9marche collective pour l&rsquo;attractivit\u00e9 territoriale<\/h2>\n\n\n\n<p>Positionnement. Identification et diff\u00e9renciation : 3 notions clefs du marketing territorial.<\/p>\n\n\n\n<h3 class=\"wp-block-heading\">D\u00e9finir le positionnement sur le march\u00e9<\/h3>\n\n\n\n<ul class=\"wp-block-list\">\n<li>Mener un projet de marketing territorial<\/li>\n\n\n\n<li>D\u00e9finir et valider les bases de la d\u00e9marche<\/li>\n\n\n\n<li>Mobilisation des comp\u00e9tences de partenaires<\/li>\n\n\n\n<li>Cr\u00e9ation d&rsquo;une communaut\u00e9 vivante et active autour de cette d\u00e9marche <\/li>\n\n\n\n<li>Quelle posture adopter<\/li>\n\n\n\n<li>Quels r\u00f4les et postures pour les \u00e9lus et techniciens <\/li>\n\n\n\n<li>Comment mettre en place une organisation efficace pour d\u00e9velopper une strat\u00e9gie performante <\/li>\n\n\n\n<li>Technique du Personae ou comment d\u00e9finir un client type<\/li>\n\n\n\n<li>Utilisation d&rsquo;un profil de personae\/cible, testeur d&rsquo;un ou plusieurs territoires, futur habitant potentiel<\/li>\n\n\n\n<li>Evaluation de territoires \u00e0 partir de la technique du parcours client<\/li>\n<\/ul>\n\n\n\n<h3 class=\"wp-block-heading\">Une strat\u00e9gie efficace face \u00e0 la concurrence et pertinente pour les publics vis\u00e9s<\/h3>\n\n\n\n<ul class=\"wp-block-list\">\n<li>Analyse des points clefs de la d\u00e9marche<\/li>\n\n\n\n<li>Focus sur les m\u00e9thodes \u00e0 privil\u00e9gier pour les territoires de moyenne et plus petite dimension : int\u00e9grer les moyens humains et financiers<\/li>\n\n\n\n<li>Identification d&rsquo;actions clefs de marketing territorial -les points clefs d&rsquo;un plan d&rsquo;actions, Marketing -mix-<\/li>\n\n\n\n<li>Comment transformer la valeur per\u00e7ue de ses cibles par le storytelling\/narration<\/li>\n\n\n\n<li>Comment cr\u00e9er un storytelling efficace pour convaincre mes publics<\/li>\n\n\n\n<li>Comment agir sur cette valeur per\u00e7ue pour influencer les prises de d\u00e9cision<\/li>\n\n\n\n<li>Comment identifier les avantages. <\/li>\n\n\n\n<li>Comparatif de son territoire et les \u00ab\u00a0b\u00e9n\u00e9fices clients\u00a0\u00bb qui y sont associ\u00e9s<\/li>\n\n\n\n<li>Analyse concurrentielle des territoires<\/li>\n<\/ul>\n\n\n\n<h3 class=\"wp-block-heading\">La politique de marque <\/h3>\n\n\n\n<p>Comment agir sur la notori\u00e9t\u00e9 et la r\u00e9putation de mon territoire ? Au del\u00e0 de l&rsquo;aspect formel, la politique de la marque a pour objectif de changer l&rsquo;image. Il existe d\u00e9j\u00e0 beaucoup de marques sur le territoire national. Dans le Grand Ouest, la <a href=\"https:\/\/www.marque.bretagne.bzh\/\" target=\"_blank\" rel=\"noreferrer noopener\">Marque Bretagne<\/a>, <a href=\"https:\/\/choisirlanormandie.fr\/la-marque\/\" target=\"_blank\" rel=\"noreferrer noopener sponsored nofollow\">Normandie<\/a>, dans les <a href=\"https:\/\/www.solutions-pro-tourisme-paysdelaloire.fr\/solutions\/developper-clientele-internationale\/la-marque-val-de-loire-loire-valley\/#:~:text=Une%20marque%20interr%C3%A9gionale%20de%20notori%C3%A9t%C3%A9,publics%20et%20priv%C3%A9s%20du%20territoire.\" target=\"_blank\" rel=\"noreferrer noopener\">Pays de La Loire<\/a>, la marque Val de&nbsp;<strong>Loire<\/strong>&nbsp;ou&nbsp;<strong>Loire<\/strong>&nbsp;Valley est interr\u00e9gionale, port\u00e9e par les deux R\u00e9gions Centre-Val de&nbsp;<strong>Loire<\/strong>&nbsp;et&nbsp;<strong>Pays de la Loire<\/strong>.<\/p>\n\n\n\n<h2 class=\"wp-block-heading\">Les atouts des territoires sont souvent identiques<\/h2>\n\n\n\n<p>Les territoires ont des atouts identiques. Tous mettent en avant la qualit\u00e9 de vie de leur territoire, le dynamisme culturel.&nbsp;Il est n\u00e9cessaire de penser \u00e0 une offre adapt\u00e9e aux publics vis\u00e9s&nbsp;: touristes, certains habitants que l\u2019on souhaite retenir, d&rsquo;autres que l&rsquo;on souhaite attirer. Il faut donner \u00e0 voir l&rsquo;hospitalit\u00e9 des territoires, les aider \u00e0 recruter des actifs. Les territoires pr\u00e9sentent bien des attentes en cas de projets de mobilit\u00e9. \u00ab\u00a0<strong>Nous mettons en oeuvre des m\u00e9thodes pour structurer l\u2019offre. Nous cherchons \u00e0  \u00e9laborer des bonnes r\u00e9ponses. L\u2019offre culturelle est-elle adapt\u00e9e&nbsp;? Qu&rsquo;en est-il de la convivialit\u00e9 pour les jeunes&nbsp;? Le co\u00fbt du logement est-il adapt\u00e9 \u00e0 leur budget ? D\u2019o\u00f9 l&rsquo;importance du travail des structures bien avant que la question de l&rsquo;attractivit\u00e9 soit pos\u00e9e. Nous insistons sur le fait qu&rsquo;il faut bien conna\u00eetre ses publics et ses attentes ; les tendances. Tous ces \u00e9l\u00e9ments caract\u00e9risent le dynamisme des territoires.<\/strong>\u00a0\u00bb pr\u00e9cise Anne Miriel.<\/p>\n\n\n\n<h2 class=\"wp-block-heading\">L\u2019attractivit\u00e9 territoriale&nbsp;: des projets \u00e0 mener ensemble<\/h2>\n\n\n\n<p>En r\u00e9ponse \u00e0 ces appels d\u2019offre, INKIPIT propose une m\u00e9thode de travail assortie de propositions utiles et op\u00e9rationnelles pour mener \u00e0 bien le projet. Bien souvent elles s\u2019articulent autour de \u00ab\u00a0<strong>la participation citoyenne, de l\u2019animation de groupes de travail entre partenaires, de la meilleure mani\u00e8re de s\u2019organiser pour faire travailler des r\u00e9seaux collectifs, de s&rsquo;assurer la mise en oeuvre pour concevoir une feuille de route ou plan des actions cibl\u00e9es. Ce plan est souvent coconstruit avec tous les acteurs pendant tout le d\u00e9roulement de l&rsquo;action. Parfois il actionne un triple levier : l&rsquo;offre du logement doit \u00eatre modulable, pas trop \u00e9lev\u00e9e pour les saisonniers des entreprises industrielles qui ont besoin de cette main d\u2019\u0153uvre, pour lesquels les loisirs doivent \u00eatre adapt\u00e9s. Le syst\u00e8me scolaire aussi.  En mati\u00e8re de d\u00e9veloppement et de marketing territorial que ce soit \u00e0 Brest, Nancy (Lorraine), Paris, Poitiers, Quimper&nbsp; (Cornouaille Bretagne Occidentale). Jugon-les-Lacs, commune nouvelle, les r\u00e9flexions men\u00e9es sont les m\u00eames : Qu\u2019est-ce-qui nous rassemble&nbsp;? Comment donner du sens \u00e0 un projet collectif&nbsp;? Quel ressenti les habitants ont de leur territoire ? D&rsquo;o\u00f9 cette d\u00e9marche dynamique, une autre approche territoriale int\u00e9grant la participation des habitants<\/strong>\u00ab\u00a0. <\/p>\n\n\n\n<h2 class=\"wp-block-heading\">L&#8217;emploi est la vraie difficult\u00e9 des territoires <\/h2>\n\n\n\n<p>Si le territoire est inconnu ou son image n\u00e9gative, l&rsquo;offre d&rsquo;accueil ne correspond pas aux attentes des nouveaux habitants recherch\u00e9s. \u00ab\u00a0<strong>Dans une d\u00e9marche de mobilit\u00e9 professionnelle, l&#8217;employeur peut manquer d\u2019arguments sur le territoire&nbsp;: quels int\u00e9r\u00eats ont-ils \u00e0 venir travailler&nbsp;? Nous sensibilisons donc les responsables territoriaux et les entreprises \u00e0 l&rsquo;int\u00e9r\u00eat d&rsquo;enrichir la marque employeur d&rsquo;une pr\u00e9sentation du territoire autour des bons arguments. Le territoire devient alors une v\u00e9ritable valeur ajout\u00e9e pour favoriser les recrutements.\u00a0\u00bb <\/strong>Anne cite diff\u00e9rentes exp\u00e9riences de sensibilisation \u00e0 la marque employeur, men\u00e9es avec son partenaire  <em><a href=\"https:\/\/www.happytomeetyou.fr\/\">Happy To Meet You<\/a><\/em>, sp\u00e9cialiste de la marque employeur. Comme cet atelier organis\u00e9 pour le compte de la R\u00e9gion Nouvelle Aquitaine qui a rassembl\u00e9 90 participants -ressortissants d&rsquo;entreprises et de collectivit\u00e9s- pour les sensibiliser \u00e0 la n\u00e9cessit\u00e9 de pr\u00e9senter le territoire dans les offres de recrutement.  Grand Poitiers R\u00e9seau pour entreprises a \u00e9galement travaill\u00e9 ses arguments de mani\u00e8re collective. Brest M\u00e9tropole a mis en r\u00e9seau ses recruteurs. Quimper Cornouaille D\u00e9veloppement a initi\u00e9 des actions pour mettre en avant les atouts de la Cornouaille&nbsp;: l\u2019emploi sur le territoire, la qualit\u00e9 de vie, les pratiques num\u00e9riques qui permettent le travail \u00e0 distance. <\/p>\n\n\n\n<figure class=\"wp-block-image size-large\"><img decoding=\"async\" width=\"1024\" height=\"680\" src=\"https:\/\/www.infolocale.fr\/blog\/wp-content\/uploads\/2021\/06\/Atelier-1024x680.jpg\" alt=\"\" class=\"wp-image-10876\" srcset=\"https:\/\/infolocale.20minutes.fr\/blog\/wp-content\/uploads\/2021\/06\/Atelier-1024x680.jpg 1024w, https:\/\/infolocale.20minutes.fr\/blog\/wp-content\/uploads\/2021\/06\/Atelier-300x199.jpg 300w, https:\/\/infolocale.20minutes.fr\/blog\/wp-content\/uploads\/2021\/06\/Atelier-768x510.jpg 768w, https:\/\/infolocale.20minutes.fr\/blog\/wp-content\/uploads\/2021\/06\/Atelier-1536x1020.jpg 1536w, https:\/\/infolocale.20minutes.fr\/blog\/wp-content\/uploads\/2021\/06\/Atelier.jpg 1575w\" sizes=\"(max-width: 1024px) 100vw, 1024px\" \/><figcaption class=\"wp-element-caption\">Les projets  \u00e0 mener collectivement font l&rsquo;objet de r\u00e9flexion sur l&rsquo;attractivit\u00e9 territoriale dans des ateliers, comme celui-ci organis\u00e9 par <em>Quimper Cornouaille D\u00e9veloppement<\/em><\/figcaption><\/figure>\n\n\n\n<h2 class=\"wp-block-heading\">Les collectivit\u00e9s de moindre dimensions s&rsquo;interrogent aussi<\/h2>\n\n\n\n<p>Les territoires plus petits s\u2019interrogent aussi au sujet de leur attractivit\u00e9 et souhaitent recourir \u00e0 la strat\u00e9gie territoriale. En partenariat d&rsquo;<em>Inkipit<\/em> ou non, d&rsquo;autres agences proposent aussi un accompagnement. Aur\u00e9lien OLLIVRY et Anne-Laure SIMON de l&rsquo;Agence <a href=\"https:\/\/www.agence-declic.fr\/l-agence\/notre-raison-d-etre\/\" target=\"_blank\" rel=\"noreferrer noopener sponsored nofollow\"><em>D\u00e9clic<\/em> <\/a>dont \u00ab\u00a0<strong>la raison d&rsquo;\u00eatre est de contribuer \u00e0 rendre nos territoires plus performants et durables<\/strong> : <strong>utiles pour les usagers\/clients et efficients -bon rendement-, en tenant compte des enjeux sociaux, environnementaux, \u00e9conomiques dans une logique inclusive, avec le souci de l&rsquo;int\u00e9r\u00eat g\u00e9n\u00e9ral.\u00a0\u00bb<\/strong>  <a href=\"https:\/\/www.banquedesterritoires.fr\/lingenierie-territoriale\" target=\"_blank\" rel=\"noreferrer noopener\">La Banque des Territoires <\/a>  via sa d\u00e9marche d&rsquo;Ing\u00e9nierie territoriale soutient les collectivit\u00e9s qui en ont le plus besoin pour \u00e9laborer leurs projets. En 2021, elle propose des conseils et des aides aux territoires touch\u00e9s par la crise sanitaire.<\/p>\n","protected":false},"excerpt":{"rendered":"<p>Parmi les pionni\u00e8res dans le domaine de l&rsquo;attractivit\u00e9 territoriale, Anne MIRIEL et son cabinet de conseil en Attractivit\u00e9 et marketing territorial, INKIPIT, font r\u00e9f\u00e9rence. Anne [&hellip;]<\/p>\n","protected":false},"author":8,"featured_media":10873,"comment_status":"open","ping_status":"open","sticky":false,"template":"","format":"standard","meta":{"_coblocks_attr":"","_coblocks_dimensions":"","_coblocks_responsive_height":"","_coblocks_accordion_ie_support":"","_mo_disable_npp":"","footnotes":""},"categories":[75],"tags":[96],"class_list":["post-10871","post","type-post","status-publish","format-standard","has-post-thumbnail","hentry","category-communication-des-institutions-et-collectivites","tag-attractivite-territoriale"],"yoast_head":"<!-- This site is optimized with the Yoast SEO plugin v23.2 - https:\/\/yoast.com\/wordpress\/plugins\/seo\/ -->\n<title>L\u2019attractivit\u00e9 territoriale d\u00e9veloppe les territoires et l&#039;int\u00e9r\u00eat collectif |<\/title>\n<meta name=\"description\" content=\"L\u2019attractivit\u00e9 territoriale d\u00e9veloppe les territoires et l&#039;int\u00e9r\u00eat collectif gr\u00e2ce au marketing territorial et ses fondamentaux\" \/>\n<meta name=\"robots\" content=\"index, follow, max-snippet:-1, max-image-preview:large, max-video-preview:-1\" \/>\n<link rel=\"canonical\" href=\"https:\/\/infolocale.ouest-france.fr\/blog\/lattractivite-territoriale-et-le-marketing-developpent-les-territoires-linteret-collectif\/\" \/>\n<meta property=\"og:locale\" content=\"fr_FR\" \/>\n<meta property=\"og:type\" content=\"article\" \/>\n<meta property=\"og:title\" content=\"L\u2019attractivit\u00e9 territoriale d\u00e9veloppe les territoires et l&#039;int\u00e9r\u00eat collectif |\" \/>\n<meta property=\"og:description\" content=\"L\u2019attractivit\u00e9 territoriale d\u00e9veloppe les territoires et l&#039;int\u00e9r\u00eat collectif gr\u00e2ce au marketing territorial et ses fondamentaux\" \/>\n<meta property=\"og:url\" content=\"https:\/\/infolocale.ouest-france.fr\/blog\/lattractivite-territoriale-et-le-marketing-developpent-les-territoires-linteret-collectif\/\" \/>\n<meta property=\"article:publisher\" content=\"https:\/\/www.facebook.com\/infolocaleFR\/\" \/>\n<meta property=\"article:published_time\" content=\"2021-06-23T15:39:00+00:00\" \/>\n<meta property=\"article:modified_time\" content=\"2025-08-05T08:25:40+00:00\" \/>\n<meta property=\"og:image\" content=\"https:\/\/infolocale.ouest-france.fr\/blog\/wp-content\/uploads\/2021\/06\/AnneMiriel.jpg\" \/>\n\t<meta property=\"og:image:width\" content=\"1050\" \/>\n\t<meta property=\"og:image:height\" content=\"787\" \/>\n\t<meta property=\"og:image:type\" content=\"image\/jpeg\" \/>\n<meta name=\"author\" content=\"Myl\u00e8ne\" \/>\n<meta name=\"twitter:card\" content=\"summary_large_image\" \/>\n<meta name=\"twitter:creator\" content=\"@infolocale\" \/>\n<meta name=\"twitter:site\" content=\"@infolocale\" \/>\n<meta name=\"twitter:label1\" content=\"\u00c9crit par\" \/>\n\t<meta name=\"twitter:data1\" content=\"Myl\u00e8ne\" \/>\n\t<meta name=\"twitter:label2\" content=\"Dur\u00e9e de lecture estim\u00e9e\" \/>\n\t<meta name=\"twitter:data2\" content=\"10 minutes\" \/>\n<script type=\"application\/ld+json\" class=\"yoast-schema-graph\">{\"@context\":\"https:\/\/schema.org\",\"@graph\":[{\"@type\":\"Article\",\"@id\":\"https:\/\/infolocale.ouest-france.fr\/blog\/lattractivite-territoriale-et-le-marketing-developpent-les-territoires-linteret-collectif\/#article\",\"isPartOf\":{\"@id\":\"https:\/\/infolocale.ouest-france.fr\/blog\/lattractivite-territoriale-et-le-marketing-developpent-les-territoires-linteret-collectif\/\"},\"author\":{\"name\":\"Myl\u00e8ne\",\"@id\":\"https:\/\/www.infolocale.fr\/blog\/#\/schema\/person\/bf2dc50c6636ffa2ce3e44ef1f9eb97f\"},\"headline\":\"L\u2019attractivit\u00e9 territoriale d\u00e9veloppe les territoires et l&rsquo;int\u00e9r\u00eat collectif\",\"datePublished\":\"2021-06-23T15:39:00+00:00\",\"dateModified\":\"2025-08-05T08:25:40+00:00\",\"mainEntityOfPage\":{\"@id\":\"https:\/\/infolocale.ouest-france.fr\/blog\/lattractivite-territoriale-et-le-marketing-developpent-les-territoires-linteret-collectif\/\"},\"wordCount\":2021,\"commentCount\":0,\"publisher\":{\"@id\":\"https:\/\/www.infolocale.fr\/blog\/#organization\"},\"image\":{\"@id\":\"https:\/\/infolocale.ouest-france.fr\/blog\/lattractivite-territoriale-et-le-marketing-developpent-les-territoires-linteret-collectif\/#primaryimage\"},\"thumbnailUrl\":\"https:\/\/infolocale.20minutes.fr\/blog\/wp-content\/uploads\/2021\/06\/AnneMiriel.jpg\",\"keywords\":[\"Attractivit\u00e9 territoriale\"],\"articleSection\":[\"Communication des institutions et collectivit\u00e9s\"],\"inLanguage\":\"fr-FR\",\"potentialAction\":[{\"@type\":\"CommentAction\",\"name\":\"Comment\",\"target\":[\"https:\/\/infolocale.ouest-france.fr\/blog\/lattractivite-territoriale-et-le-marketing-developpent-les-territoires-linteret-collectif\/#respond\"]}]},{\"@type\":\"WebPage\",\"@id\":\"https:\/\/infolocale.ouest-france.fr\/blog\/lattractivite-territoriale-et-le-marketing-developpent-les-territoires-linteret-collectif\/\",\"url\":\"https:\/\/infolocale.ouest-france.fr\/blog\/lattractivite-territoriale-et-le-marketing-developpent-les-territoires-linteret-collectif\/\",\"name\":\"L\u2019attractivit\u00e9 territoriale d\u00e9veloppe les territoires et l'int\u00e9r\u00eat collectif |\",\"isPartOf\":{\"@id\":\"https:\/\/www.infolocale.fr\/blog\/#website\"},\"primaryImageOfPage\":{\"@id\":\"https:\/\/infolocale.ouest-france.fr\/blog\/lattractivite-territoriale-et-le-marketing-developpent-les-territoires-linteret-collectif\/#primaryimage\"},\"image\":{\"@id\":\"https:\/\/infolocale.ouest-france.fr\/blog\/lattractivite-territoriale-et-le-marketing-developpent-les-territoires-linteret-collectif\/#primaryimage\"},\"thumbnailUrl\":\"https:\/\/infolocale.20minutes.fr\/blog\/wp-content\/uploads\/2021\/06\/AnneMiriel.jpg\",\"datePublished\":\"2021-06-23T15:39:00+00:00\",\"dateModified\":\"2025-08-05T08:25:40+00:00\",\"description\":\"L\u2019attractivit\u00e9 territoriale d\u00e9veloppe les territoires et l'int\u00e9r\u00eat collectif gr\u00e2ce au marketing territorial et ses fondamentaux\",\"breadcrumb\":{\"@id\":\"https:\/\/infolocale.ouest-france.fr\/blog\/lattractivite-territoriale-et-le-marketing-developpent-les-territoires-linteret-collectif\/#breadcrumb\"},\"inLanguage\":\"fr-FR\",\"potentialAction\":[{\"@type\":\"ReadAction\",\"target\":[\"https:\/\/infolocale.ouest-france.fr\/blog\/lattractivite-territoriale-et-le-marketing-developpent-les-territoires-linteret-collectif\/\"]}]},{\"@type\":\"ImageObject\",\"inLanguage\":\"fr-FR\",\"@id\":\"https:\/\/infolocale.ouest-france.fr\/blog\/lattractivite-territoriale-et-le-marketing-developpent-les-territoires-linteret-collectif\/#primaryimage\",\"url\":\"https:\/\/infolocale.20minutes.fr\/blog\/wp-content\/uploads\/2021\/06\/AnneMiriel.jpg\",\"contentUrl\":\"https:\/\/infolocale.20minutes.fr\/blog\/wp-content\/uploads\/2021\/06\/AnneMiriel.jpg\",\"width\":1050,\"height\":787},{\"@type\":\"BreadcrumbList\",\"@id\":\"https:\/\/infolocale.ouest-france.fr\/blog\/lattractivite-territoriale-et-le-marketing-developpent-les-territoires-linteret-collectif\/#breadcrumb\",\"itemListElement\":[{\"@type\":\"ListItem\",\"position\":1,\"name\":\"Blog\",\"item\":\"https:\/\/infolocale.ouest-france.fr\/blog\/\"},{\"@type\":\"ListItem\",\"position\":2,\"name\":\"Communication des institutions et collectivit\u00e9s\",\"item\":\"https:\/\/infolocale.ouest-france.fr\/blog\/cat\/communication-des-institutions-et-collectivites\/\"},{\"@type\":\"ListItem\",\"position\":3,\"name\":\"L\u2019attractivit\u00e9 territoriale d\u00e9veloppe les territoires et l&rsquo;int\u00e9r\u00eat collectif\"}]},{\"@type\":\"WebSite\",\"@id\":\"https:\/\/www.infolocale.fr\/blog\/#website\",\"url\":\"https:\/\/www.infolocale.fr\/blog\/\",\"name\":\"\",\"description\":\"\",\"publisher\":{\"@id\":\"https:\/\/www.infolocale.fr\/blog\/#organization\"},\"potentialAction\":[{\"@type\":\"SearchAction\",\"target\":{\"@type\":\"EntryPoint\",\"urlTemplate\":\"https:\/\/www.infolocale.fr\/blog\/?s={search_term_string}\"},\"query-input\":\"required name=search_term_string\"}],\"inLanguage\":\"fr-FR\"},{\"@type\":\"Organization\",\"@id\":\"https:\/\/www.infolocale.fr\/blog\/#organization\",\"name\":\"Infolocale\",\"url\":\"https:\/\/www.infolocale.fr\/blog\/\",\"logo\":{\"@type\":\"ImageObject\",\"inLanguage\":\"fr-FR\",\"@id\":\"https:\/\/www.infolocale.fr\/blog\/#\/schema\/logo\/image\/\",\"url\":\"https:\/\/www.infolocale.fr\/blog\/wp-content\/uploads\/2020\/11\/logol.jpg\",\"contentUrl\":\"https:\/\/www.infolocale.fr\/blog\/wp-content\/uploads\/2020\/11\/logol.jpg\",\"width\":1031,\"height\":398,\"caption\":\"Infolocale\"},\"image\":{\"@id\":\"https:\/\/www.infolocale.fr\/blog\/#\/schema\/logo\/image\/\"},\"sameAs\":[\"https:\/\/www.facebook.com\/infolocaleFR\/\",\"https:\/\/x.com\/infolocale\",\"https:\/\/www.instagram.com\/infolocale\/\",\"https:\/\/fr.linkedin.com\/company\/infolocale\",\"https:\/\/www.youtube.com\/channel\/UCnv4FA8EYEuu_si3TGr7xeA\"]},{\"@type\":\"Person\",\"@id\":\"https:\/\/www.infolocale.fr\/blog\/#\/schema\/person\/bf2dc50c6636ffa2ce3e44ef1f9eb97f\",\"name\":\"Myl\u00e8ne\",\"image\":{\"@type\":\"ImageObject\",\"inLanguage\":\"fr-FR\",\"@id\":\"https:\/\/www.infolocale.fr\/blog\/#\/schema\/person\/image\/\",\"url\":\"https:\/\/secure.gravatar.com\/avatar\/49511f0ea4b41ed3062b218e30f07042?s=96&d=mm&r=g\",\"contentUrl\":\"https:\/\/secure.gravatar.com\/avatar\/49511f0ea4b41ed3062b218e30f07042?s=96&d=mm&r=g\",\"caption\":\"Myl\u00e8ne\"},\"url\":\"https:\/\/infolocale.20minutes.fr\/blog\/author\/mylene-michel\/\"}]}<\/script>\n<!-- \/ Yoast SEO plugin. -->","yoast_head_json":{"title":"L\u2019attractivit\u00e9 territoriale d\u00e9veloppe les territoires et l'int\u00e9r\u00eat collectif |","description":"L\u2019attractivit\u00e9 territoriale d\u00e9veloppe les territoires et l'int\u00e9r\u00eat collectif gr\u00e2ce au marketing territorial et ses fondamentaux","robots":{"index":"index","follow":"follow","max-snippet":"max-snippet:-1","max-image-preview":"max-image-preview:large","max-video-preview":"max-video-preview:-1"},"canonical":"https:\/\/infolocale.ouest-france.fr\/blog\/lattractivite-territoriale-et-le-marketing-developpent-les-territoires-linteret-collectif\/","og_locale":"fr_FR","og_type":"article","og_title":"L\u2019attractivit\u00e9 territoriale d\u00e9veloppe les territoires et l'int\u00e9r\u00eat collectif |","og_description":"L\u2019attractivit\u00e9 territoriale d\u00e9veloppe les territoires et l'int\u00e9r\u00eat collectif gr\u00e2ce au marketing territorial et ses fondamentaux","og_url":"https:\/\/infolocale.ouest-france.fr\/blog\/lattractivite-territoriale-et-le-marketing-developpent-les-territoires-linteret-collectif\/","article_publisher":"https:\/\/www.facebook.com\/infolocaleFR\/","article_published_time":"2021-06-23T15:39:00+00:00","article_modified_time":"2025-08-05T08:25:40+00:00","og_image":[{"width":1050,"height":787,"url":"https:\/\/infolocale.ouest-france.fr\/blog\/wp-content\/uploads\/2021\/06\/AnneMiriel.jpg","type":"image\/jpeg"}],"author":"Myl\u00e8ne","twitter_card":"summary_large_image","twitter_creator":"@infolocale","twitter_site":"@infolocale","twitter_misc":{"\u00c9crit par":"Myl\u00e8ne","Dur\u00e9e de lecture estim\u00e9e":"10 minutes"},"schema":{"@context":"https:\/\/schema.org","@graph":[{"@type":"Article","@id":"https:\/\/infolocale.ouest-france.fr\/blog\/lattractivite-territoriale-et-le-marketing-developpent-les-territoires-linteret-collectif\/#article","isPartOf":{"@id":"https:\/\/infolocale.ouest-france.fr\/blog\/lattractivite-territoriale-et-le-marketing-developpent-les-territoires-linteret-collectif\/"},"author":{"name":"Myl\u00e8ne","@id":"https:\/\/www.infolocale.fr\/blog\/#\/schema\/person\/bf2dc50c6636ffa2ce3e44ef1f9eb97f"},"headline":"L\u2019attractivit\u00e9 territoriale d\u00e9veloppe les territoires et l&rsquo;int\u00e9r\u00eat collectif","datePublished":"2021-06-23T15:39:00+00:00","dateModified":"2025-08-05T08:25:40+00:00","mainEntityOfPage":{"@id":"https:\/\/infolocale.ouest-france.fr\/blog\/lattractivite-territoriale-et-le-marketing-developpent-les-territoires-linteret-collectif\/"},"wordCount":2021,"commentCount":0,"publisher":{"@id":"https:\/\/www.infolocale.fr\/blog\/#organization"},"image":{"@id":"https:\/\/infolocale.ouest-france.fr\/blog\/lattractivite-territoriale-et-le-marketing-developpent-les-territoires-linteret-collectif\/#primaryimage"},"thumbnailUrl":"https:\/\/infolocale.20minutes.fr\/blog\/wp-content\/uploads\/2021\/06\/AnneMiriel.jpg","keywords":["Attractivit\u00e9 territoriale"],"articleSection":["Communication des institutions et collectivit\u00e9s"],"inLanguage":"fr-FR","potentialAction":[{"@type":"CommentAction","name":"Comment","target":["https:\/\/infolocale.ouest-france.fr\/blog\/lattractivite-territoriale-et-le-marketing-developpent-les-territoires-linteret-collectif\/#respond"]}]},{"@type":"WebPage","@id":"https:\/\/infolocale.ouest-france.fr\/blog\/lattractivite-territoriale-et-le-marketing-developpent-les-territoires-linteret-collectif\/","url":"https:\/\/infolocale.ouest-france.fr\/blog\/lattractivite-territoriale-et-le-marketing-developpent-les-territoires-linteret-collectif\/","name":"L\u2019attractivit\u00e9 territoriale d\u00e9veloppe les territoires et l'int\u00e9r\u00eat collectif |","isPartOf":{"@id":"https:\/\/www.infolocale.fr\/blog\/#website"},"primaryImageOfPage":{"@id":"https:\/\/infolocale.ouest-france.fr\/blog\/lattractivite-territoriale-et-le-marketing-developpent-les-territoires-linteret-collectif\/#primaryimage"},"image":{"@id":"https:\/\/infolocale.ouest-france.fr\/blog\/lattractivite-territoriale-et-le-marketing-developpent-les-territoires-linteret-collectif\/#primaryimage"},"thumbnailUrl":"https:\/\/infolocale.20minutes.fr\/blog\/wp-content\/uploads\/2021\/06\/AnneMiriel.jpg","datePublished":"2021-06-23T15:39:00+00:00","dateModified":"2025-08-05T08:25:40+00:00","description":"L\u2019attractivit\u00e9 territoriale d\u00e9veloppe les territoires et l'int\u00e9r\u00eat collectif gr\u00e2ce au marketing territorial et ses fondamentaux","breadcrumb":{"@id":"https:\/\/infolocale.ouest-france.fr\/blog\/lattractivite-territoriale-et-le-marketing-developpent-les-territoires-linteret-collectif\/#breadcrumb"},"inLanguage":"fr-FR","potentialAction":[{"@type":"ReadAction","target":["https:\/\/infolocale.ouest-france.fr\/blog\/lattractivite-territoriale-et-le-marketing-developpent-les-territoires-linteret-collectif\/"]}]},{"@type":"ImageObject","inLanguage":"fr-FR","@id":"https:\/\/infolocale.ouest-france.fr\/blog\/lattractivite-territoriale-et-le-marketing-developpent-les-territoires-linteret-collectif\/#primaryimage","url":"https:\/\/infolocale.20minutes.fr\/blog\/wp-content\/uploads\/2021\/06\/AnneMiriel.jpg","contentUrl":"https:\/\/infolocale.20minutes.fr\/blog\/wp-content\/uploads\/2021\/06\/AnneMiriel.jpg","width":1050,"height":787},{"@type":"BreadcrumbList","@id":"https:\/\/infolocale.ouest-france.fr\/blog\/lattractivite-territoriale-et-le-marketing-developpent-les-territoires-linteret-collectif\/#breadcrumb","itemListElement":[{"@type":"ListItem","position":1,"name":"Blog","item":"https:\/\/infolocale.ouest-france.fr\/blog\/"},{"@type":"ListItem","position":2,"name":"Communication des institutions et collectivit\u00e9s","item":"https:\/\/infolocale.ouest-france.fr\/blog\/cat\/communication-des-institutions-et-collectivites\/"},{"@type":"ListItem","position":3,"name":"L\u2019attractivit\u00e9 territoriale d\u00e9veloppe les territoires et l&rsquo;int\u00e9r\u00eat collectif"}]},{"@type":"WebSite","@id":"https:\/\/www.infolocale.fr\/blog\/#website","url":"https:\/\/www.infolocale.fr\/blog\/","name":"","description":"","publisher":{"@id":"https:\/\/www.infolocale.fr\/blog\/#organization"},"potentialAction":[{"@type":"SearchAction","target":{"@type":"EntryPoint","urlTemplate":"https:\/\/www.infolocale.fr\/blog\/?s={search_term_string}"},"query-input":"required name=search_term_string"}],"inLanguage":"fr-FR"},{"@type":"Organization","@id":"https:\/\/www.infolocale.fr\/blog\/#organization","name":"Infolocale","url":"https:\/\/www.infolocale.fr\/blog\/","logo":{"@type":"ImageObject","inLanguage":"fr-FR","@id":"https:\/\/www.infolocale.fr\/blog\/#\/schema\/logo\/image\/","url":"https:\/\/www.infolocale.fr\/blog\/wp-content\/uploads\/2020\/11\/logol.jpg","contentUrl":"https:\/\/www.infolocale.fr\/blog\/wp-content\/uploads\/2020\/11\/logol.jpg","width":1031,"height":398,"caption":"Infolocale"},"image":{"@id":"https:\/\/www.infolocale.fr\/blog\/#\/schema\/logo\/image\/"},"sameAs":["https:\/\/www.facebook.com\/infolocaleFR\/","https:\/\/x.com\/infolocale","https:\/\/www.instagram.com\/infolocale\/","https:\/\/fr.linkedin.com\/company\/infolocale","https:\/\/www.youtube.com\/channel\/UCnv4FA8EYEuu_si3TGr7xeA"]},{"@type":"Person","@id":"https:\/\/www.infolocale.fr\/blog\/#\/schema\/person\/bf2dc50c6636ffa2ce3e44ef1f9eb97f","name":"Myl\u00e8ne","image":{"@type":"ImageObject","inLanguage":"fr-FR","@id":"https:\/\/www.infolocale.fr\/blog\/#\/schema\/person\/image\/","url":"https:\/\/secure.gravatar.com\/avatar\/49511f0ea4b41ed3062b218e30f07042?s=96&d=mm&r=g","contentUrl":"https:\/\/secure.gravatar.com\/avatar\/49511f0ea4b41ed3062b218e30f07042?s=96&d=mm&r=g","caption":"Myl\u00e8ne"},"url":"https:\/\/infolocale.20minutes.fr\/blog\/author\/mylene-michel\/"}]}},"_links":{"self":[{"href":"https:\/\/infolocale.20minutes.fr\/blog\/wp-json\/wp\/v2\/posts\/10871"}],"collection":[{"href":"https:\/\/infolocale.20minutes.fr\/blog\/wp-json\/wp\/v2\/posts"}],"about":[{"href":"https:\/\/infolocale.20minutes.fr\/blog\/wp-json\/wp\/v2\/types\/post"}],"author":[{"embeddable":true,"href":"https:\/\/infolocale.20minutes.fr\/blog\/wp-json\/wp\/v2\/users\/8"}],"replies":[{"embeddable":true,"href":"https:\/\/infolocale.20minutes.fr\/blog\/wp-json\/wp\/v2\/comments?post=10871"}],"version-history":[{"count":0,"href":"https:\/\/infolocale.20minutes.fr\/blog\/wp-json\/wp\/v2\/posts\/10871\/revisions"}],"wp:featuredmedia":[{"embeddable":true,"href":"https:\/\/infolocale.20minutes.fr\/blog\/wp-json\/wp\/v2\/media\/10873"}],"wp:attachment":[{"href":"https:\/\/infolocale.20minutes.fr\/blog\/wp-json\/wp\/v2\/media?parent=10871"}],"wp:term":[{"taxonomy":"category","embeddable":true,"href":"https:\/\/infolocale.20minutes.fr\/blog\/wp-json\/wp\/v2\/categories?post=10871"},{"taxonomy":"post_tag","embeddable":true,"href":"https:\/\/infolocale.20minutes.fr\/blog\/wp-json\/wp\/v2\/tags?post=10871"}],"curies":[{"name":"wp","href":"https:\/\/api.w.org\/{rel}","templated":true}]}}