{"id":10078,"date":"2021-05-07T11:17:44","date_gmt":"2021-05-07T09:17:44","guid":{"rendered":"https:\/\/www.infolocale.fr\/blog\/?p=10078"},"modified":"2022-04-21T11:58:00","modified_gmt":"2022-04-21T09:58:00","slug":"reglement-interieur-association","status":"publish","type":"post","link":"https:\/\/infolocale.20minutes.fr\/blog\/reglement-interieur-association\/","title":{"rendered":"R\u00e8glement int\u00e9rieur d\u2019une association. Pourquoi et comment l\u2019adopter ?"},"content":{"rendered":"\n<ul class=\"has-black-color has-text-color has-background wp-block-list\" style=\"background-color:#a1d5f5\"><li>Le r\u00e8glement int\u00e9rieur est un outil facultatif pour les associations.<\/li><li>Seuls certains agr\u00e9ments imposent son adoption. <\/li><li>Son r\u00f4le est g\u00e9n\u00e9ralement de clarifier les r\u00e8gles pr\u00e9sentes dans les statuts de votre association. <\/li><li>Les associations l&rsquo;adopte souvent pour y enregistrer les r\u00e8gles sujettes \u00e0 des modifications fr\u00e9quentes.<\/li><li>Cela leur \u00e9vite la t\u00e2che obligatoire de modification des statuts en pr\u00e9fecture.<\/li><li>Son adoption permet de fixer les r\u00e8gles de comportement, d\u2019utilisation du mat\u00e9riel et des locaux dans le cadre des activit\u00e9s de votre association.<\/li><\/ul>\n\n\n\n<h2 class=\"wp-block-heading\">Est-il obligatoire ?<\/h2>\n\n\n\n<p>Le r\u00e8glement int\u00e9rieur est un outil dont vous pouvez vous \u00e9quiper afin de clarifier certaines dispositions contenues dans les statuts de votre association. Ce document est facultatif. Seules certaines associations telles que les associations sportives agr\u00e9\u00e9es sont dans l\u2019obligation de s\u2019en doter.<\/p>\n\n\n\n<div class=\"wp-block-buttons is-horizontal is-content-justification-center is-layout-flex wp-container-core-buttons-is-layout-1 wp-block-buttons-is-layout-flex\">\n<div class=\"wp-block-button\"><a class=\"wp-block-button__link has-white-color has-luminous-vivid-amber-background-color has-text-color has-background wp-element-button\"><strong>&gt;&gt;Inscrire mon asso \u00e0 Infolocale <\/strong><\/a><\/div>\n<\/div>\n\n\n\n<h2 class=\"wp-block-heading\">Pourquoi doter son association d\u2019un r\u00e8glement int\u00e9rieur&nbsp;<\/h2>\n\n\n\n<p>Lors de la <a href=\"https:\/\/www.infolocale.fr\/blog\/creer-une-association\/\">cr\u00e9ation d\u2019une association<\/a>, les membres fondateurs se retrouvent souvent contraints d\u2019int\u00e9grer \u00e0 leurs statuts des \u00e9l\u00e9ments susceptibles de changer r\u00e9guli\u00e8rement.<\/p>\n\n\n\n<p>Lorsque ces informations ne sont plus valides, vous devez imp\u00e9rativement <a href=\"https:\/\/www.infolocale.fr\/blog\/modifier-statuts-association\/\">modifier les statuts de votre association<\/a>. Une telle mise \u00e0 jour impose d\u2019effectuer, dans les trois mois, une d\u00e9claration au greffe des associations. Cette d\u00e9marche n\u2019est pas extr\u00eamement complexe. Toutefois, elle est une t\u00e2che de plus \u00e0 la charge des administrateurs et mandataires de votre association.<\/p>\n\n\n\n<p>Pourtant, en adoptant un r\u00e8glement int\u00e9rieur, vous pourriez tr\u00e8s simplement vous \u00e9conomiser ces d\u00e9marches.&nbsp;<\/p>\n\n\n\n<p>Le r\u00e8glement int\u00e9rieur est un outil qui permet de clarifier les statuts. Vous pouvez choisir d\u2019enregistrer ces informations rapidement obsol\u00e8tes directement dans ses pages. C\u2019est un outil \u00e0 usage interne. Vous pouvez le modifier selon les r\u00e8gles d\u00e9cid\u00e9es par votre association. De plus, sa mise \u00e0 jour n\u2019impose aucune d\u00e9marche officielle de d\u00e9claration.<br><br>L&rsquo;adopter dans votre association vous permet, non seulement d&rsquo;en clarifier le fonctionnement, mais aussi d\u2019\u00e9conomiser des d\u00e9marches aupr\u00e8s de l\u2019administration.<\/p>\n\n\n\n<h2 class=\"wp-block-heading\">Comment r\u00e9diger le r\u00e8glement int\u00e9rieur d\u2019une association ?<\/h2>\n\n\n\n<p>Pour les associations tenues d\u2019avoir un r\u00e8glement int\u00e9rieur, les dispositions permettant sa mise en place sont connues et communiqu\u00e9es par l\u2019institution les imposants.<\/p>\n\n\n\n<p>Pour les autres, il est un outil \u00e0 usage interne. Aussi, il n\u2019est pas de r\u00e8gle fixant les modalit\u00e9s de sa mise en place et de son contenu. Cependant, dans le silence des statuts, il est courant de confier la r\u00e9daction au bureau ou au <a href=\"https:\/\/www.infolocale.fr\/blog\/conseil-dadministration-association\/\">conseil d\u2019administration<\/a>. Ensuite, celui-ci pourra s\u2019en remettre \u00e0 l\u2019assembl\u00e9e g\u00e9n\u00e9rale pour qu\u2019elle adopte la proposition de texte.<\/p>\n\n\n\n<p>Il est conseill\u00e9 de pr\u00e9ciser dans les statuts ou dans le r\u00e8glement int\u00e9rieur lui-m\u00eame les r\u00e8gles encadrant sa r\u00e9daction et sa validation.<\/p>\n\n\n\n<p>Les r\u00e8gles pr\u00e9sentes dans le document final se doivent de respecter la hi\u00e9rarchie des normes. Dans l\u2019absolu, un r\u00e8glement int\u00e9rieur ne devrait jamais contredire une r\u00e8gle pr\u00e9sente dans les statuts. Si cela devait \u00eatre le cas, les statuts pr\u00e9vaudraient.&nbsp;<\/p>\n\n\n<div class=\"wp-block-image is-resized\">\n<figure class=\"aligncenter size-large has-lightbox\"><a href=\"https:\/\/www.infolocale.fr\/decouvrir\/deposant\/?utm_source=blog&amp;utm_medium=banner&amp;utm_campaign=blog-content\"><img fetchpriority=\"high\" decoding=\"async\" width=\"1024\" height=\"1024\" src=\"https:\/\/www.infolocale.fr\/blog\/wp-content\/uploads\/2021\/11\/banniere-NLDASSO-carree1500x1500-1024x1024.jpg\" alt=\"\" class=\"wp-image-23946\" srcset=\"https:\/\/infolocale.20minutes.fr\/blog\/wp-content\/uploads\/2021\/11\/banniere-NLDASSO-carree1500x1500-1024x1024.jpg 1024w, https:\/\/infolocale.20minutes.fr\/blog\/wp-content\/uploads\/2021\/11\/banniere-NLDASSO-carree1500x1500-300x300.jpg 300w, https:\/\/infolocale.20minutes.fr\/blog\/wp-content\/uploads\/2021\/11\/banniere-NLDASSO-carree1500x1500-150x150.jpg 150w, https:\/\/infolocale.20minutes.fr\/blog\/wp-content\/uploads\/2021\/11\/banniere-NLDASSO-carree1500x1500-768x768.jpg 768w, https:\/\/infolocale.20minutes.fr\/blog\/wp-content\/uploads\/2021\/11\/banniere-NLDASSO-carree1500x1500.jpg 1500w\" sizes=\"(max-width: 1024px) 100vw, 1024px\" \/><\/a><\/figure><\/div>\n\n\n<h2 class=\"wp-block-heading\">Quelles informations \u00e9crire dans votre r\u00e8glement int\u00e9rieur ?<\/h2>\n\n\n\n<p>Il peut avoir diff\u00e9rents objectifs. Pour commencer, il peut permettre de lister les r\u00e8gles de comportement attendues de vos membres dans le cadre des activit\u00e9s de votre association. En outre, il peut \u00e9galement fixer les r\u00e8gles d\u2019utilisation de vos \u00e9quipements et infrastructures. Enfin, il pourra \u00e9galement apporter des informations compl\u00e9mentaires, pr\u00e9cisant les dispositions contenues dans les statuts.<br><br>Le r\u00e8glement int\u00e9rieur de votre association peut se prononcer sur diff\u00e9rents sujets<\/p>\n\n\n\n<ul class=\"wp-block-list\"><li>Il peut apporter des pr\u00e9cisions sur des \u00e9l\u00e9ments pr\u00e9sents dans les statuts.&nbsp;<\/li><li>Aussi, il peut enrichir les r\u00e8gles contenues dans les statuts en ajoutant des informations pouvant rapidement devenir obsol\u00e8tes.&nbsp;<\/li><li>Il est courant d\u2019y trouver des \u00e9l\u00e9ments sur les moyens d\u2019adh\u00e9rer \u00e0 votre association.&nbsp;<\/li><li>Vous pouvez y d\u00e9velopper les r\u00e8gles de pr\u00eat ou d\u2019utilisation du mat\u00e9riel que votre association met \u00e0 la disposition de ses membres.&nbsp;<\/li><li>Les heures d\u2019ouverture et de fermeture de vos locaux.&nbsp;<\/li><li>Vous pouvez \u00e9noncer des r\u00e8gles de biens\u00e9ance ou de civisme sur le comportement que vous attendez de vos membres dans le cadre des activit\u00e9s de votre association.&nbsp;<\/li><li>Une fois ces r\u00e8gles list\u00e9es, il peut \u00e9galement informer sur les sanctions encourues en cas de non-respect du r\u00e8glement int\u00e9rieur.&nbsp;<\/li><li>Enfin, votre r\u00e8glement peut \u00e9galement avoir une mission d\u2019information des r\u00e8gles li\u00e9es \u00e0 la gouvernance de votre association. Par exemple : lister les membres du bureau et du conseil d\u2019administration. Informer sur les modalit\u00e9s d&rsquo;\u00e9lection, la dur\u00e9e des mandats, les personnes \u00e0 contacter en cas de probl\u00e8me. Les r\u00e8gles de fonctionnement, d&rsquo;\u00e9lection, de <a href=\"https:\/\/www.infolocale.fr\/blog\/convocation-assemblee-generale-association\/\">convocation de l&rsquo;assembl\u00e9e g\u00e9n\u00e9rale<\/a>\u2026<\/li><\/ul>\n\n\n\n<h2 class=\"wp-block-heading\">Sanctions en cas de violation du r\u00e8glement int\u00e9rieur d\u2019une association<\/h2>\n\n\n\n<p>Si votre r\u00e8glement int\u00e9rieur donne un cadre de r\u00e8gle de bonne conduite, de civisme et de respect dans l\u2019utilisation de vos services et infrastructures, il vous est tout \u00e0 fait possible de pr\u00e9voir les sanctions disciplinaires auxquelles s&rsquo;exposent les contrevenants.<br><br>Ces sanctions devront \u00eatre proportionn\u00e9e, ne pourront s\u2019appliquer qu\u2019aux membres et devront rester dans le cadre de ce qu\u2019un r\u00e8glement int\u00e9rieur permet de mettre en place en mati\u00e8re de sanction disciplinaire. <\/p>\n\n\n\n<p>Ainsi les sanctions disciplinaires peuvent-elle comprendre, par exemple :  <\/p>\n\n\n\n<ul class=\"wp-block-list\"><li>Une exclusion temporaire ou d\u00e9finitive de l\u2019association (<a href=\"https:\/\/www.infolocale.fr\/blog\/comment-exclure-membre-association\/\" target=\"_blank\" rel=\"noreferrer noopener\">L&rsquo;exclusion d&rsquo;un membre<\/a> de votre asso par exemple)<\/li><li>L&rsquo;interdiction d\u2019usage de tout ou partie des \u00e9quipement mis \u00e0 disposition des membres\u2026)<\/li><\/ul>\n\n\n\n<h2 class=\"wp-block-heading\">Comment modifier le r\u00e8glement int\u00e9rieur d\u2019une association ?<\/h2>\n\n\n\n<p>Le r\u00e8glement int\u00e9rieur est g\u00e9n\u00e9ralement mis en place \u00e0 l\u2019initiative de l\u2019association. Celle-ci est donc libre de le modifier.<br><br>Il peut toutefois \u00eatre utile de pr\u00e9ciser, dans vos statuts, les modalit\u00e9s de modification. Cela permettra de simplifier les d\u00e9marches et de les rendre plus claires aux membres de votre association.<br><br>Dans l\u2019absence de pr\u00e9cision, c\u2019est \u00e0 l\u2019organe qui \u00e0 mis en place le r\u00e8glement int\u00e9rieur d\u2019effectuer les modifications, en respectant la m\u00eame proc\u00e9dure.<\/p>\n\n\n\n<h2 class=\"wp-block-heading\">Une fois \u00e9crit, diffusez le dans votre association<\/h2>\n\n\n\n<p>Le r\u00e8glement int\u00e9rieur devra \u00eatre accessible \u00e0 tous les membres de votre association. Pour ce faire, vous pouvez en laisser une copie accessible, dans vos locaux. Vous pouvez \u00e9galement envisager de les publier sur votre site internet par exemple ou de les envoyer par mail \u00e0 tous vos membres en d\u00e9but d\u2019ann\u00e9e.<\/p>\n\n\n\n<h2 class=\"wp-block-heading\">Quand doit-on doter son association d\u2019un r\u00e8glement int\u00e9rieur ?<\/h2>\n\n\n\n<p>Lors de la cr\u00e9ation d\u2019une association, les membres fondateurs peuvent d\u00e9cider d\u2019associer \u00e0 leurs statuts un r\u00e8glement int\u00e9rieur. Toutefois, il n\u2019est pas de moment privil\u00e9gi\u00e9 pour le faire. Il peut \u00eatre r\u00e9dig\u00e9 \u00e0 n\u2019importe quel moment. Il n\u2019est pas requis et ne sera pas \u00e0 d\u00e9poser au greffe des associations. Tout cela lui conf\u00e8re une grande flexibilit\u00e9 et une large marge de man\u0153uvre dans son adoption et son application.<\/p>\n","protected":false},"excerpt":{"rendered":"<p>Le r\u00e8glement int\u00e9rieur est un outil facultatif pour les associations. Seuls certains agr\u00e9ments imposent son adoption. Son r\u00f4le est g\u00e9n\u00e9ralement de clarifier les r\u00e8gles pr\u00e9sentes [&hellip;]<\/p>\n","protected":false},"author":2,"featured_media":10083,"comment_status":"open","ping_status":"open","sticky":false,"template":"","format":"standard","meta":{"_coblocks_attr":"","_coblocks_dimensions":"","_coblocks_responsive_height":"","_coblocks_accordion_ie_support":"","_mo_disable_npp":"","footnotes":""},"categories":[74],"tags":[],"class_list":["post-10078","post","type-post","status-publish","format-standard","has-post-thumbnail","hentry","category-creer-et-administrer-une-association-1901"],"yoast_head":"<!-- This site is optimized with the Yoast SEO plugin v23.2 - https:\/\/yoast.com\/wordpress\/plugins\/seo\/ -->\n<title>R\u00e8glement int\u00e9rieur en association. Pourquoi et comment l\u2019adopter ? |<\/title>\n<meta name=\"description\" content=\"Pour les associations, le r\u00e8glement int\u00e9rieur est un outil facultatif. Seuls certains agr\u00e9ments imposent son adoption. Son r\u00f4le est de...\" \/>\n<meta name=\"robots\" content=\"index, follow, max-snippet:-1, max-image-preview:large, max-video-preview:-1\" \/>\n<link rel=\"canonical\" href=\"https:\/\/infolocale.ouest-france.fr\/blog\/reglement-interieur-association\/\" \/>\n<meta property=\"og:locale\" content=\"fr_FR\" \/>\n<meta property=\"og:type\" content=\"article\" \/>\n<meta property=\"og:title\" content=\"R\u00e8glement int\u00e9rieur en association. Pourquoi et comment l\u2019adopter ? |\" \/>\n<meta property=\"og:description\" content=\"Pour les associations, le r\u00e8glement int\u00e9rieur est un outil facultatif. Seuls certains agr\u00e9ments imposent son adoption. Son r\u00f4le est de...\" \/>\n<meta property=\"og:url\" content=\"https:\/\/infolocale.ouest-france.fr\/blog\/reglement-interieur-association\/\" \/>\n<meta property=\"article:publisher\" content=\"https:\/\/www.facebook.com\/infolocaleFR\/\" \/>\n<meta property=\"article:published_time\" content=\"2021-05-07T09:17:44+00:00\" \/>\n<meta property=\"article:modified_time\" content=\"2022-04-21T09:58:00+00:00\" \/>\n<meta property=\"og:image\" content=\"https:\/\/infolocale.ouest-france.fr\/blog\/wp-content\/uploads\/2021\/05\/reglement-interieur-association-1.jpg\" \/>\n\t<meta property=\"og:image:width\" content=\"1100\" \/>\n\t<meta property=\"og:image:height\" content=\"637\" \/>\n\t<meta property=\"og:image:type\" content=\"image\/jpeg\" \/>\n<meta name=\"author\" content=\"Morgan\" \/>\n<meta name=\"twitter:card\" content=\"summary_large_image\" \/>\n<meta name=\"twitter:creator\" content=\"@infolocale\" \/>\n<meta name=\"twitter:site\" content=\"@infolocale\" \/>\n<meta name=\"twitter:label1\" content=\"\u00c9crit par\" \/>\n\t<meta name=\"twitter:data1\" content=\"Morgan\" \/>\n\t<meta name=\"twitter:label2\" content=\"Dur\u00e9e de lecture estim\u00e9e\" \/>\n\t<meta name=\"twitter:data2\" content=\"6 minutes\" \/>\n<script type=\"application\/ld+json\" class=\"yoast-schema-graph\">{\"@context\":\"https:\/\/schema.org\",\"@graph\":[{\"@type\":\"Article\",\"@id\":\"https:\/\/infolocale.ouest-france.fr\/blog\/reglement-interieur-association\/#article\",\"isPartOf\":{\"@id\":\"https:\/\/infolocale.ouest-france.fr\/blog\/reglement-interieur-association\/\"},\"author\":{\"name\":\"Morgan\",\"@id\":\"https:\/\/www.infolocale.fr\/blog\/#\/schema\/person\/f0f748ece99417833166b3ba8890f3db\"},\"headline\":\"R\u00e8glement int\u00e9rieur d\u2019une association. Pourquoi et comment l\u2019adopter ?\",\"datePublished\":\"2021-05-07T09:17:44+00:00\",\"dateModified\":\"2022-04-21T09:58:00+00:00\",\"mainEntityOfPage\":{\"@id\":\"https:\/\/infolocale.ouest-france.fr\/blog\/reglement-interieur-association\/\"},\"wordCount\":1239,\"commentCount\":0,\"publisher\":{\"@id\":\"https:\/\/www.infolocale.fr\/blog\/#organization\"},\"image\":{\"@id\":\"https:\/\/infolocale.ouest-france.fr\/blog\/reglement-interieur-association\/#primaryimage\"},\"thumbnailUrl\":\"https:\/\/infolocale.20minutes.fr\/blog\/wp-content\/uploads\/2021\/05\/reglement-interieur-association-1.jpg\",\"articleSection\":[\"Cr\u00e9er et g\u00e9rer une association\"],\"inLanguage\":\"fr-FR\",\"potentialAction\":[{\"@type\":\"CommentAction\",\"name\":\"Comment\",\"target\":[\"https:\/\/infolocale.ouest-france.fr\/blog\/reglement-interieur-association\/#respond\"]}]},{\"@type\":\"WebPage\",\"@id\":\"https:\/\/infolocale.ouest-france.fr\/blog\/reglement-interieur-association\/\",\"url\":\"https:\/\/infolocale.ouest-france.fr\/blog\/reglement-interieur-association\/\",\"name\":\"R\u00e8glement int\u00e9rieur en association. Pourquoi et comment l\u2019adopter ? |\",\"isPartOf\":{\"@id\":\"https:\/\/www.infolocale.fr\/blog\/#website\"},\"primaryImageOfPage\":{\"@id\":\"https:\/\/infolocale.ouest-france.fr\/blog\/reglement-interieur-association\/#primaryimage\"},\"image\":{\"@id\":\"https:\/\/infolocale.ouest-france.fr\/blog\/reglement-interieur-association\/#primaryimage\"},\"thumbnailUrl\":\"https:\/\/infolocale.20minutes.fr\/blog\/wp-content\/uploads\/2021\/05\/reglement-interieur-association-1.jpg\",\"datePublished\":\"2021-05-07T09:17:44+00:00\",\"dateModified\":\"2022-04-21T09:58:00+00:00\",\"description\":\"Pour les associations, le r\u00e8glement int\u00e9rieur est un outil facultatif. Seuls certains agr\u00e9ments imposent son adoption. Son r\u00f4le est de...\",\"breadcrumb\":{\"@id\":\"https:\/\/infolocale.ouest-france.fr\/blog\/reglement-interieur-association\/#breadcrumb\"},\"inLanguage\":\"fr-FR\",\"potentialAction\":[{\"@type\":\"ReadAction\",\"target\":[\"https:\/\/infolocale.ouest-france.fr\/blog\/reglement-interieur-association\/\"]}]},{\"@type\":\"ImageObject\",\"inLanguage\":\"fr-FR\",\"@id\":\"https:\/\/infolocale.ouest-france.fr\/blog\/reglement-interieur-association\/#primaryimage\",\"url\":\"https:\/\/infolocale.20minutes.fr\/blog\/wp-content\/uploads\/2021\/05\/reglement-interieur-association-1.jpg\",\"contentUrl\":\"https:\/\/infolocale.20minutes.fr\/blog\/wp-content\/uploads\/2021\/05\/reglement-interieur-association-1.jpg\",\"width\":1100,\"height\":637,\"caption\":\"Le r\u00e8glement int\u00e9rieur en association\"},{\"@type\":\"BreadcrumbList\",\"@id\":\"https:\/\/infolocale.ouest-france.fr\/blog\/reglement-interieur-association\/#breadcrumb\",\"itemListElement\":[{\"@type\":\"ListItem\",\"position\":1,\"name\":\"Blog\",\"item\":\"https:\/\/infolocale.ouest-france.fr\/blog\/\"},{\"@type\":\"ListItem\",\"position\":2,\"name\":\"Cr\u00e9er et g\u00e9rer une association\",\"item\":\"https:\/\/infolocale.ouest-france.fr\/blog\/cat\/creer-et-administrer-une-association-1901\/\"},{\"@type\":\"ListItem\",\"position\":3,\"name\":\"R\u00e8glement int\u00e9rieur d\u2019une association. Pourquoi et comment l\u2019adopter ?\"}]},{\"@type\":\"WebSite\",\"@id\":\"https:\/\/www.infolocale.fr\/blog\/#website\",\"url\":\"https:\/\/www.infolocale.fr\/blog\/\",\"name\":\"\",\"description\":\"\",\"publisher\":{\"@id\":\"https:\/\/www.infolocale.fr\/blog\/#organization\"},\"potentialAction\":[{\"@type\":\"SearchAction\",\"target\":{\"@type\":\"EntryPoint\",\"urlTemplate\":\"https:\/\/www.infolocale.fr\/blog\/?s={search_term_string}\"},\"query-input\":\"required name=search_term_string\"}],\"inLanguage\":\"fr-FR\"},{\"@type\":\"Organization\",\"@id\":\"https:\/\/www.infolocale.fr\/blog\/#organization\",\"name\":\"Infolocale\",\"url\":\"https:\/\/www.infolocale.fr\/blog\/\",\"logo\":{\"@type\":\"ImageObject\",\"inLanguage\":\"fr-FR\",\"@id\":\"https:\/\/www.infolocale.fr\/blog\/#\/schema\/logo\/image\/\",\"url\":\"https:\/\/www.infolocale.fr\/blog\/wp-content\/uploads\/2020\/11\/logol.jpg\",\"contentUrl\":\"https:\/\/www.infolocale.fr\/blog\/wp-content\/uploads\/2020\/11\/logol.jpg\",\"width\":1031,\"height\":398,\"caption\":\"Infolocale\"},\"image\":{\"@id\":\"https:\/\/www.infolocale.fr\/blog\/#\/schema\/logo\/image\/\"},\"sameAs\":[\"https:\/\/www.facebook.com\/infolocaleFR\/\",\"https:\/\/x.com\/infolocale\",\"https:\/\/www.instagram.com\/infolocale\/\",\"https:\/\/fr.linkedin.com\/company\/infolocale\",\"https:\/\/www.youtube.com\/channel\/UCnv4FA8EYEuu_si3TGr7xeA\"]},{\"@type\":\"Person\",\"@id\":\"https:\/\/www.infolocale.fr\/blog\/#\/schema\/person\/f0f748ece99417833166b3ba8890f3db\",\"name\":\"Morgan\",\"image\":{\"@type\":\"ImageObject\",\"inLanguage\":\"fr-FR\",\"@id\":\"https:\/\/www.infolocale.fr\/blog\/#\/schema\/person\/image\/\",\"url\":\"https:\/\/secure.gravatar.com\/avatar\/a22ec2a0cc817ae9fa3ff7341a213632?s=96&d=mm&r=g\",\"contentUrl\":\"https:\/\/secure.gravatar.com\/avatar\/a22ec2a0cc817ae9fa3ff7341a213632?s=96&d=mm&r=g\",\"caption\":\"Morgan\"},\"url\":\"https:\/\/infolocale.20minutes.fr\/blog\/author\/morgan-delepine\/\"}]}<\/script>\n<!-- \/ Yoast SEO plugin. -->","yoast_head_json":{"title":"R\u00e8glement int\u00e9rieur en association. Pourquoi et comment l\u2019adopter ? |","description":"Pour les associations, le r\u00e8glement int\u00e9rieur est un outil facultatif. Seuls certains agr\u00e9ments imposent son adoption. Son r\u00f4le est de...","robots":{"index":"index","follow":"follow","max-snippet":"max-snippet:-1","max-image-preview":"max-image-preview:large","max-video-preview":"max-video-preview:-1"},"canonical":"https:\/\/infolocale.ouest-france.fr\/blog\/reglement-interieur-association\/","og_locale":"fr_FR","og_type":"article","og_title":"R\u00e8glement int\u00e9rieur en association. Pourquoi et comment l\u2019adopter ? |","og_description":"Pour les associations, le r\u00e8glement int\u00e9rieur est un outil facultatif. Seuls certains agr\u00e9ments imposent son adoption. Son r\u00f4le est de...","og_url":"https:\/\/infolocale.ouest-france.fr\/blog\/reglement-interieur-association\/","article_publisher":"https:\/\/www.facebook.com\/infolocaleFR\/","article_published_time":"2021-05-07T09:17:44+00:00","article_modified_time":"2022-04-21T09:58:00+00:00","og_image":[{"width":1100,"height":637,"url":"https:\/\/infolocale.ouest-france.fr\/blog\/wp-content\/uploads\/2021\/05\/reglement-interieur-association-1.jpg","type":"image\/jpeg"}],"author":"Morgan","twitter_card":"summary_large_image","twitter_creator":"@infolocale","twitter_site":"@infolocale","twitter_misc":{"\u00c9crit par":"Morgan","Dur\u00e9e de lecture estim\u00e9e":"6 minutes"},"schema":{"@context":"https:\/\/schema.org","@graph":[{"@type":"Article","@id":"https:\/\/infolocale.ouest-france.fr\/blog\/reglement-interieur-association\/#article","isPartOf":{"@id":"https:\/\/infolocale.ouest-france.fr\/blog\/reglement-interieur-association\/"},"author":{"name":"Morgan","@id":"https:\/\/www.infolocale.fr\/blog\/#\/schema\/person\/f0f748ece99417833166b3ba8890f3db"},"headline":"R\u00e8glement int\u00e9rieur d\u2019une association. Pourquoi et comment l\u2019adopter ?","datePublished":"2021-05-07T09:17:44+00:00","dateModified":"2022-04-21T09:58:00+00:00","mainEntityOfPage":{"@id":"https:\/\/infolocale.ouest-france.fr\/blog\/reglement-interieur-association\/"},"wordCount":1239,"commentCount":0,"publisher":{"@id":"https:\/\/www.infolocale.fr\/blog\/#organization"},"image":{"@id":"https:\/\/infolocale.ouest-france.fr\/blog\/reglement-interieur-association\/#primaryimage"},"thumbnailUrl":"https:\/\/infolocale.20minutes.fr\/blog\/wp-content\/uploads\/2021\/05\/reglement-interieur-association-1.jpg","articleSection":["Cr\u00e9er et g\u00e9rer une association"],"inLanguage":"fr-FR","potentialAction":[{"@type":"CommentAction","name":"Comment","target":["https:\/\/infolocale.ouest-france.fr\/blog\/reglement-interieur-association\/#respond"]}]},{"@type":"WebPage","@id":"https:\/\/infolocale.ouest-france.fr\/blog\/reglement-interieur-association\/","url":"https:\/\/infolocale.ouest-france.fr\/blog\/reglement-interieur-association\/","name":"R\u00e8glement int\u00e9rieur en association. Pourquoi et comment l\u2019adopter ? |","isPartOf":{"@id":"https:\/\/www.infolocale.fr\/blog\/#website"},"primaryImageOfPage":{"@id":"https:\/\/infolocale.ouest-france.fr\/blog\/reglement-interieur-association\/#primaryimage"},"image":{"@id":"https:\/\/infolocale.ouest-france.fr\/blog\/reglement-interieur-association\/#primaryimage"},"thumbnailUrl":"https:\/\/infolocale.20minutes.fr\/blog\/wp-content\/uploads\/2021\/05\/reglement-interieur-association-1.jpg","datePublished":"2021-05-07T09:17:44+00:00","dateModified":"2022-04-21T09:58:00+00:00","description":"Pour les associations, le r\u00e8glement int\u00e9rieur est un outil facultatif. Seuls certains agr\u00e9ments imposent son adoption. Son r\u00f4le est de...","breadcrumb":{"@id":"https:\/\/infolocale.ouest-france.fr\/blog\/reglement-interieur-association\/#breadcrumb"},"inLanguage":"fr-FR","potentialAction":[{"@type":"ReadAction","target":["https:\/\/infolocale.ouest-france.fr\/blog\/reglement-interieur-association\/"]}]},{"@type":"ImageObject","inLanguage":"fr-FR","@id":"https:\/\/infolocale.ouest-france.fr\/blog\/reglement-interieur-association\/#primaryimage","url":"https:\/\/infolocale.20minutes.fr\/blog\/wp-content\/uploads\/2021\/05\/reglement-interieur-association-1.jpg","contentUrl":"https:\/\/infolocale.20minutes.fr\/blog\/wp-content\/uploads\/2021\/05\/reglement-interieur-association-1.jpg","width":1100,"height":637,"caption":"Le r\u00e8glement int\u00e9rieur en association"},{"@type":"BreadcrumbList","@id":"https:\/\/infolocale.ouest-france.fr\/blog\/reglement-interieur-association\/#breadcrumb","itemListElement":[{"@type":"ListItem","position":1,"name":"Blog","item":"https:\/\/infolocale.ouest-france.fr\/blog\/"},{"@type":"ListItem","position":2,"name":"Cr\u00e9er et g\u00e9rer une association","item":"https:\/\/infolocale.ouest-france.fr\/blog\/cat\/creer-et-administrer-une-association-1901\/"},{"@type":"ListItem","position":3,"name":"R\u00e8glement int\u00e9rieur d\u2019une association. Pourquoi et comment l\u2019adopter ?"}]},{"@type":"WebSite","@id":"https:\/\/www.infolocale.fr\/blog\/#website","url":"https:\/\/www.infolocale.fr\/blog\/","name":"","description":"","publisher":{"@id":"https:\/\/www.infolocale.fr\/blog\/#organization"},"potentialAction":[{"@type":"SearchAction","target":{"@type":"EntryPoint","urlTemplate":"https:\/\/www.infolocale.fr\/blog\/?s={search_term_string}"},"query-input":"required name=search_term_string"}],"inLanguage":"fr-FR"},{"@type":"Organization","@id":"https:\/\/www.infolocale.fr\/blog\/#organization","name":"Infolocale","url":"https:\/\/www.infolocale.fr\/blog\/","logo":{"@type":"ImageObject","inLanguage":"fr-FR","@id":"https:\/\/www.infolocale.fr\/blog\/#\/schema\/logo\/image\/","url":"https:\/\/www.infolocale.fr\/blog\/wp-content\/uploads\/2020\/11\/logol.jpg","contentUrl":"https:\/\/www.infolocale.fr\/blog\/wp-content\/uploads\/2020\/11\/logol.jpg","width":1031,"height":398,"caption":"Infolocale"},"image":{"@id":"https:\/\/www.infolocale.fr\/blog\/#\/schema\/logo\/image\/"},"sameAs":["https:\/\/www.facebook.com\/infolocaleFR\/","https:\/\/x.com\/infolocale","https:\/\/www.instagram.com\/infolocale\/","https:\/\/fr.linkedin.com\/company\/infolocale","https:\/\/www.youtube.com\/channel\/UCnv4FA8EYEuu_si3TGr7xeA"]},{"@type":"Person","@id":"https:\/\/www.infolocale.fr\/blog\/#\/schema\/person\/f0f748ece99417833166b3ba8890f3db","name":"Morgan","image":{"@type":"ImageObject","inLanguage":"fr-FR","@id":"https:\/\/www.infolocale.fr\/blog\/#\/schema\/person\/image\/","url":"https:\/\/secure.gravatar.com\/avatar\/a22ec2a0cc817ae9fa3ff7341a213632?s=96&d=mm&r=g","contentUrl":"https:\/\/secure.gravatar.com\/avatar\/a22ec2a0cc817ae9fa3ff7341a213632?s=96&d=mm&r=g","caption":"Morgan"},"url":"https:\/\/infolocale.20minutes.fr\/blog\/author\/morgan-delepine\/"}]}},"_links":{"self":[{"href":"https:\/\/infolocale.20minutes.fr\/blog\/wp-json\/wp\/v2\/posts\/10078"}],"collection":[{"href":"https:\/\/infolocale.20minutes.fr\/blog\/wp-json\/wp\/v2\/posts"}],"about":[{"href":"https:\/\/infolocale.20minutes.fr\/blog\/wp-json\/wp\/v2\/types\/post"}],"author":[{"embeddable":true,"href":"https:\/\/infolocale.20minutes.fr\/blog\/wp-json\/wp\/v2\/users\/2"}],"replies":[{"embeddable":true,"href":"https:\/\/infolocale.20minutes.fr\/blog\/wp-json\/wp\/v2\/comments?post=10078"}],"version-history":[{"count":0,"href":"https:\/\/infolocale.20minutes.fr\/blog\/wp-json\/wp\/v2\/posts\/10078\/revisions"}],"wp:featuredmedia":[{"embeddable":true,"href":"https:\/\/infolocale.20minutes.fr\/blog\/wp-json\/wp\/v2\/media\/10083"}],"wp:attachment":[{"href":"https:\/\/infolocale.20minutes.fr\/blog\/wp-json\/wp\/v2\/media?parent=10078"}],"wp:term":[{"taxonomy":"category","embeddable":true,"href":"https:\/\/infolocale.20minutes.fr\/blog\/wp-json\/wp\/v2\/categories?post=10078"},{"taxonomy":"post_tag","embeddable":true,"href":"https:\/\/infolocale.20minutes.fr\/blog\/wp-json\/wp\/v2\/tags?post=10078"}],"curies":[{"name":"wp","href":"https:\/\/api.w.org\/{rel}","templated":true}]}}